{"id":9186,"date":"2025-11-29T10:06:55","date_gmt":"2025-11-29T13:06:55","guid":{"rendered":"https:\/\/diariodegarca.com\/?p=9186"},"modified":"2025-11-29T10:06:55","modified_gmt":"2025-11-29T13:06:55","slug":"cineclube-mis-exibicao-da-comedia-pao-e-tulipas-e-bate-papo-com-especialista","status":"publish","type":"post","link":"https:\/\/diariodegarca.com\/?p=9186","title":{"rendered":"Cineclube MIS: exibi\u00e7\u00e3o da com\u00e9dia &#8220;P\u00e3o e Tulipas&#8221; e bate-papo com especialista"},"content":{"rendered":"\n<p class=\"wp-block-paragraph\"><em>Sess\u00e3o online do filme de Silvio Soldini fica dispon\u00edvel por 48 horas; debate no YouTube ter\u00e1 a presen\u00e7a da curadora Erica Bernardini, do Festival de Cinema Italiano no Brasil.<\/em><\/p>\n\n\n\n<p class=\"wp-block-paragraph\">O Cineclube Pontos MIS realiza sua \u00faltima sess\u00e3o de 2025 com um convite \u00e0 deliciosa descoberta de uma nova vida em Veneza. O projeto exibe online o aclamado longa &#8220;P\u00e3o e Tulipas&#8221; (2000), de Silvio Soldini, seguido de um bate-papo virtual com uma especialista na produ\u00e7\u00e3o italiana. A iniciativa, que tem como parceiros a Pandora Filmes e o Belas Artes \u00e0 La Carte, mant\u00e9m seu prop\u00f3sito de enriquecer a exibi\u00e7\u00e3o com debates que aprofundam a discuss\u00e3o sobre a obra.<\/p>\n\n\n\n<p class=\"wp-block-paragraph\"><strong>Uma fuga para a vida em Veneza<\/strong><\/p>\n\n\n\n<p class=\"wp-block-paragraph\">Em &#8220;P\u00e3o e Tulipas&#8221;, Rosalba \u00e9 uma dona de casa que vive uma rotina entediante. Durante uma viagem de f\u00e9rias, sua fam\u00edlia a esquece por acidente em um restaurante \u00e0 beira da estrada. Em vez de esperar, ela decide voltar para casa de carona, mas um impulso a leva a Veneza. Encantada pela cidade, ela faz novos amigos &#8211; incluindo um gar\u00e7om island\u00eas &#8211; e, em um ato de rebeldia silenciosa, decide ficar, redescobrindo seus desejos e um novo sentido para a vida longe da rotina dom\u00e9stica.<\/p>\n\n\n\n<p class=\"wp-block-paragraph\">Aclamado pela cr\u00edtica, o filme \u00e9 uma com\u00e9dia rom\u00e2ntica delicada e humanista que conquistou o p\u00fablico e rendeu \u00e0 sua protagonista, Licia Maglietta, o pr\u00eamio de Melhor Atriz no Italian National Syndicate of Film Journalists.<\/p>\n\n\n\n<p class=\"wp-block-paragraph\"><strong>Assista o filme gratuitamente e participe do debate<\/strong><\/p>\n\n\n\n<p class=\"wp-block-paragraph\">O longa-metragem estar\u00e1 dispon\u00edvel para exibi\u00e7\u00e3o gratuita por meio da plataforma Vimeo. Acesso gratuito <strong>at\u00e9 as 19h do dia 30 de novembro, domingo<\/strong>, por meio do link <a href=\"https:\/\/vimeo.com\/showcase\/cineclube-pontos-mis\">https:\/\/vimeo.com\/showcase\/cineclube-pontos-mis<\/a>.<\/p>\n\n\n\n<p class=\"wp-block-paragraph\">O bate-papo sobre o filme est\u00e1 marcado para\u00a0<strong>segunda-feira, 1\u00ba de dezembro, \u00e0s 19h<\/strong>, e ser\u00e1 transmitido ao vivo pelo\u00a0<strong><a href=\"https:\/\/www.youtube.com\/channel\/UCBjLmno30rL8nBXC11rl5-A\" data-type=\"link\" data-id=\"https:\/\/www.youtube.com\/channel\/UCBjLmno30rL8nBXC11rl5-A\">canal oficial do MIS no YouTube<\/a><\/strong>. A media\u00e7\u00e3o ficar\u00e1 a cargo de Giuliana Monteiro, com a presen\u00e7a especial de Erica Bernardini, diretora e curadora do Festival de Cinema Italiano no Brasil, garantindo uma an\u00e1lise qualificada sobre a obra no contexto do cinema italiano.<\/p>\n\n\n\n<p class=\"wp-block-paragraph\">A programa\u00e7\u00e3o do Cineclube Pontos MIS \u00e9 uma realiza\u00e7\u00e3o do Minist\u00e9rio da Cultura e do Governo do Estado de S\u00e3o Paulo, por meio da Secretaria da Cultura, Economia e Ind\u00fastria Criativas e do Museu da Imagem e do Som (MIS).<\/p>\n","protected":false},"excerpt":{"rendered":"<p>Sess\u00e3o online do filme de Silvio Soldini fica dispon\u00edvel por 48 horas; debate no YouTube ter\u00e1 a presen\u00e7a da curadora Erica Bernardini, do Festival de Cinema Italiano no Brasil. O Cineclube Pontos MIS realiza sua \u00faltima sess\u00e3o de 2025 com um convite \u00e0 deliciosa descoberta de uma nova vida em Veneza. O projeto exibe online [&hellip;]<\/p>\n","protected":false},"author":260896548,"featured_media":9189,"comment_status":"open","ping_status":"open","sticky":false,"template":"","format":"standard","meta":{"_crdt_document":"","_monsterinsights_skip_tracking":false,"_monsterinsights_sitenote_active":false,"_monsterinsights_sitenote_note":"","_monsterinsights_sitenote_category":0,"advanced_seo_description":"Descubra a m\u00e1gica de Veneza no filme 'P\u00e3o e Tulipas'. Assista online e participe de um debate com especialistas sobre cinema italiano!","jetpack_seo_html_title":"Cineclube MIS: Assista 'P\u00e3o e Tulipas' e Debata Sobre Cinema","jetpack_seo_noindex":false,"_jetpack_newsletter_access":"","_jetpack_dont_email_post_to_subs":false,"_jetpack_newsletter_tier_id":0,"_jetpack_memberships_contains_paywalled_content":false,"_jetpack_memberships_contains_paid_content":false,"footnotes":"","jetpack_publicize_message":"O Cineclube Pontos MIS encerra 2025 com um convite a uma fuga italiana. A com\u00e9dia rom\u00e2ntica \"P\u00e3o e Tulipas\", de Silvio Soldini, ser\u00e1 a atra\u00e7\u00e3o da \u00faltima sess\u00e3o do ano.\n\nOs links para assistir e participar do debate est\u00e3o na mat\u00e9ria completa do Di\u00e1rio de Gar\u00e7a. \n\nLeia mais e acesse os links em: diariodegarca.com\n\n#CineclubePontosMIS #P\u00e3oETulipas #CinemaItaliano #ComediaRomantica #CulturaOnline #FilmeGratuito #DebateDeCinema #CultSP #TudoViraCultSP #CulturaSP #VenezaNoCinema #DicaCultural","jetpack_publicize_feature_enabled":true,"jetpack_social_post_already_shared":false,"jetpack_social_options":{"image_generator_settings":{"template":"highway","default_image_id":0,"font":"","enabled":false},"version":2},"_wpas_customize_per_network":false,"jetpack_post_was_ever_published":false},"categories":[597,2367,91066845],"tags":[],"class_list":["post-9186","post","type-post","status-publish","format-standard","has-post-thumbnail","hentry","category-cinema","category-cultura","category-online-curso"],"jetpack_publicize_connections":[],"jetpack_featured_media_url":"https:\/\/i0.wp.com\/diariodegarca.com\/wp-content\/uploads\/2025\/11\/Pao-e-Tulipas.jpg?fit=884%2C645&ssl=1","jetpack_likes_enabled":true,"jetpack_sharing_enabled":true,"jetpack_shortlink":"https:\/\/wp.me\/pgitne-2oa","jetpack-related-posts":[{"id":3401,"url":"https:\/\/diariodegarca.com\/?p=3401","url_meta":{"origin":9186,"position":0},"title":"&#8220;O Grande Momento&#8221;: cl\u00e1ssico do cinema brasileiro em debate no Pontos MIS online","author":"Di\u00e1rio de Gar\u00e7a","date":"25 de maio de 2025","format":false,"excerpt":"O filme est\u00e1 dispon\u00edvel at\u00e9 \u00e0s 19h de hoje e o bate-papo acontece na segunda-feira. O\u00a0Cineclube Pontos MIS, iniciativa que promove exibi\u00e7\u00f5es de filmes seguidas de debates com especialistas, traz em sua programa\u00e7\u00e3o de maio o aclamado longa\u00a0\"O Grande Momento\" (1958), obra ic\u00f4nica do cinema nacional. A sess\u00e3o online ser\u00e1\u2026","rel":"","context":"Em &quot;Cultura&quot;","block_context":{"text":"Cultura","link":"https:\/\/diariodegarca.com\/?cat=2367"},"img":{"alt_text":"","src":"","width":0,"height":0},"classes":[]},{"id":7192,"url":"https:\/\/diariodegarca.com\/?p=7192","url_meta":{"origin":9186,"position":1},"title":"Pontos MIS promove sess\u00e3o online e debate sobre &#8220;Uma Mulher \u00e9 uma Mulher&#8221;, de Godard","author":"Di\u00e1rio de Gar\u00e7a","date":"26 de setembro de 2025","format":false,"excerpt":"Primeiro filme colorido do diretor franc\u00eas ser\u00e1 exibido gratuitamente; debate no YouTube contar\u00e1 com a presen\u00e7a de cr\u00edtico especializado na obra do cineasta. O Cineclube Pontos MIS, iniciativa que combina exibi\u00e7\u00e3o de filmes com debates qualificados, traz para setembro uma joia da cinematografia mundial: \"Uma Mulher \u00e9 uma Mulher\" (\"Une\u2026","rel":"","context":"Em &quot;Cinema&quot;","block_context":{"text":"Cinema","link":"https:\/\/diariodegarca.com\/?cat=597"},"img":{"alt_text":"","src":"https:\/\/i0.wp.com\/diariodegarca.com\/wp-content\/uploads\/2025\/09\/lnkJMfrKfaWlpkjiWsZImZJk6Z3.webp?fit=1200%2C675&ssl=1&resize=350%2C200","width":350,"height":200,"srcset":"https:\/\/i0.wp.com\/diariodegarca.com\/wp-content\/uploads\/2025\/09\/lnkJMfrKfaWlpkjiWsZImZJk6Z3.webp?fit=1200%2C675&ssl=1&resize=350%2C200 1x, https:\/\/i0.wp.com\/diariodegarca.com\/wp-content\/uploads\/2025\/09\/lnkJMfrKfaWlpkjiWsZImZJk6Z3.webp?fit=1200%2C675&ssl=1&resize=525%2C300 1.5x, https:\/\/i0.wp.com\/diariodegarca.com\/wp-content\/uploads\/2025\/09\/lnkJMfrKfaWlpkjiWsZImZJk6Z3.webp?fit=1200%2C675&ssl=1&resize=700%2C400 2x, https:\/\/i0.wp.com\/diariodegarca.com\/wp-content\/uploads\/2025\/09\/lnkJMfrKfaWlpkjiWsZImZJk6Z3.webp?fit=1200%2C675&ssl=1&resize=1050%2C600 3x"},"classes":[]},{"id":6023,"url":"https:\/\/diariodegarca.com\/?p=6023","url_meta":{"origin":9186,"position":2},"title":"Pontos MIS celebra anivers\u00e1rio de Hitchcock com exibi\u00e7\u00e3o online de &#8220;Festim Diab\u00f3lico&#8221;","author":"Di\u00e1rio de Gar\u00e7a","date":"24 de agosto de 2025","format":false,"excerpt":"Cl\u00e1ssico de 1948, primeiro filme colorido do mestre do suspense, ser\u00e1 exibido gratuitamente e tamb\u00e9m um debate com especialista. O Cineclube Pontos MIS, programa de difus\u00e3o cinematogr\u00e1fica, preparou uma programa\u00e7\u00e3o especial para os f\u00e3s de cinema em agosto. Em homenagem ao anivers\u00e1rio do cineasta Alfred Hitchcock, o projeto exibir\u00e1 online\u2026","rel":"","context":"Em &quot;Cinema&quot;","block_context":{"text":"Cinema","link":"https:\/\/diariodegarca.com\/?cat=597"},"img":{"alt_text":"","src":"https:\/\/i0.wp.com\/diariodegarca.com\/wp-content\/uploads\/2025\/08\/festim-diabolico-1948-11.webp?fit=640%2C474&ssl=1&resize=350%2C200","width":350,"height":200,"srcset":"https:\/\/i0.wp.com\/diariodegarca.com\/wp-content\/uploads\/2025\/08\/festim-diabolico-1948-11.webp?fit=640%2C474&ssl=1&resize=350%2C200 1x, https:\/\/i0.wp.com\/diariodegarca.com\/wp-content\/uploads\/2025\/08\/festim-diabolico-1948-11.webp?fit=640%2C474&ssl=1&resize=525%2C300 1.5x"},"classes":[]},{"id":5055,"url":"https:\/\/diariodegarca.com\/?p=5055","url_meta":{"origin":9186,"position":3},"title":"Cineclube Pontos MIS exibe &#8220;Meu Filho \u00e9 um Craque&#8221; com debate sobre futebol e cinema","author":"Di\u00e1rio de Gar\u00e7a","date":"27 de julho de 2025","format":false,"excerpt":"Filme franc\u00eas sobre talento e press\u00e3o no esporte ser\u00e1 discutido por especialistas em transmiss\u00e3o ao vivo no YouTube. O\u00a0Pontos MIS, programa do Museu da Imagem e do Som de S\u00e3o Paulo, promove mais uma edi\u00e7\u00e3o do seu cineclube virtual, desta vez em parceria com a\u00a0Pandora Filmes. Neste final de semana,\u2026","rel":"","context":"Em &quot;Cultura&quot;","block_context":{"text":"Cultura","link":"https:\/\/diariodegarca.com\/?cat=2367"},"img":{"alt_text":"","src":"https:\/\/i0.wp.com\/diariodegarca.com\/wp-content\/uploads\/2025\/07\/11caad_f07b04f922ec4f03950e868f71174ff8mv2.jpg?fit=1000%2C563&ssl=1&resize=350%2C200","width":350,"height":200,"srcset":"https:\/\/i0.wp.com\/diariodegarca.com\/wp-content\/uploads\/2025\/07\/11caad_f07b04f922ec4f03950e868f71174ff8mv2.jpg?fit=1000%2C563&ssl=1&resize=350%2C200 1x, https:\/\/i0.wp.com\/diariodegarca.com\/wp-content\/uploads\/2025\/07\/11caad_f07b04f922ec4f03950e868f71174ff8mv2.jpg?fit=1000%2C563&ssl=1&resize=525%2C300 1.5x, https:\/\/i0.wp.com\/diariodegarca.com\/wp-content\/uploads\/2025\/07\/11caad_f07b04f922ec4f03950e868f71174ff8mv2.jpg?fit=1000%2C563&ssl=1&resize=700%2C400 2x"},"classes":[]},{"id":4244,"url":"https:\/\/diariodegarca.com\/?p=4244","url_meta":{"origin":9186,"position":4},"title":"&#8220;Trilha Sonora para um Golpe de Estado&#8221;: document\u00e1rio revela o uso da cultura na geopol\u00edtica","author":"Di\u00e1rio de Gar\u00e7a","date":"25 de junho de 2025","format":false,"excerpt":"Filme de Johan Grimonprez exp\u00f5e como o jazz foi instrumentalizado pelos EUA durante a Guerra Fria, enquanto a CIA conspirava contra l\u00edderes africanos. Debate com especialistas acontece ap\u00f3s a exibi\u00e7\u00e3o online. O Cineclube Pontos MIS, conhecido por promover exibi\u00e7\u00f5es seguidas de debates qualificados, apresenta em junho o document\u00e1rio\u00a0\"Trilha Sonora para\u2026","rel":"","context":"Em &quot;Cultura&quot;","block_context":{"text":"Cultura","link":"https:\/\/diariodegarca.com\/?cat=2367"},"img":{"alt_text":"","src":"","width":0,"height":0},"classes":[]},{"id":8665,"url":"https:\/\/diariodegarca.com\/?p=8665","url_meta":{"origin":9186,"position":5},"title":"Festival de Cinema Italiano celebra 20 anos com exibi\u00e7\u00e3o em mais de 90 cidades e online","author":"Andreza Sega","date":"11 de novembro de 2025","format":false,"excerpt":"Edi\u00e7\u00e3o comemorativa une filmes in\u00e9ditos premiados e cl\u00e1ssicos consagrados, dispon\u00edveis on-line gratuitamente e com circula\u00e7\u00e3o em 93 cidades do pa\u00eds at\u00e9 29 de novembro. O Festival de Cinema Italiano no Brasil chega \u00e0 sua 20\u00aa edi\u00e7\u00e3o consolidando-se como o maior evento do g\u00eanero fora da It\u00e1lia. Para comemorar duas d\u00e9cadas\u2026","rel":"","context":"Em &quot;Brasil&quot;","block_context":{"text":"Brasil","link":"https:\/\/diariodegarca.com\/?cat=38185"},"img":{"alt_text":"","src":"https:\/\/i0.wp.com\/diariodegarca.com\/wp-content\/uploads\/2025\/11\/LE-ASSAGGIATRICI-as-provadoras-de-hitler.webp?fit=1200%2C800&ssl=1&resize=350%2C200","width":350,"height":200,"srcset":"https:\/\/i0.wp.com\/diariodegarca.com\/wp-content\/uploads\/2025\/11\/LE-ASSAGGIATRICI-as-provadoras-de-hitler.webp?fit=1200%2C800&ssl=1&resize=350%2C200 1x, https:\/\/i0.wp.com\/diariodegarca.com\/wp-content\/uploads\/2025\/11\/LE-ASSAGGIATRICI-as-provadoras-de-hitler.webp?fit=1200%2C800&ssl=1&resize=525%2C300 1.5x, https:\/\/i0.wp.com\/diariodegarca.com\/wp-content\/uploads\/2025\/11\/LE-ASSAGGIATRICI-as-provadoras-de-hitler.webp?fit=1200%2C800&ssl=1&resize=700%2C400 2x, https:\/\/i0.wp.com\/diariodegarca.com\/wp-content\/uploads\/2025\/11\/LE-ASSAGGIATRICI-as-provadoras-de-hitler.webp?fit=1200%2C800&ssl=1&resize=1050%2C600 3x"},"classes":[]}],"_links":{"self":[{"href":"https:\/\/diariodegarca.com\/index.php?rest_route=\/wp\/v2\/posts\/9186","targetHints":{"allow":["GET"]}}],"collection":[{"href":"https:\/\/diariodegarca.com\/index.php?rest_route=\/wp\/v2\/posts"}],"about":[{"href":"https:\/\/diariodegarca.com\/index.php?rest_route=\/wp\/v2\/types\/post"}],"author":[{"embeddable":true,"href":"https:\/\/diariodegarca.com\/index.php?rest_route=\/wp\/v2\/users\/260896548"}],"replies":[{"embeddable":true,"href":"https:\/\/diariodegarca.com\/index.php?rest_route=%2Fwp%2Fv2%2Fcomments&post=9186"}],"version-history":[{"count":3,"href":"https:\/\/diariodegarca.com\/index.php?rest_route=\/wp\/v2\/posts\/9186\/revisions"}],"predecessor-version":[{"id":9190,"href":"https:\/\/diariodegarca.com\/index.php?rest_route=\/wp\/v2\/posts\/9186\/revisions\/9190"}],"wp:featuredmedia":[{"embeddable":true,"href":"https:\/\/diariodegarca.com\/index.php?rest_route=\/wp\/v2\/media\/9189"}],"wp:attachment":[{"href":"https:\/\/diariodegarca.com\/index.php?rest_route=%2Fwp%2Fv2%2Fmedia&parent=9186"}],"wp:term":[{"taxonomy":"category","embeddable":true,"href":"https:\/\/diariodegarca.com\/index.php?rest_route=%2Fwp%2Fv2%2Fcategories&post=9186"},{"taxonomy":"post_tag","embeddable":true,"href":"https:\/\/diariodegarca.com\/index.php?rest_route=%2Fwp%2Fv2%2Ftags&post=9186"}],"curies":[{"name":"wp","href":"https:\/\/api.w.org\/{rel}","templated":true}]}}