{"id":9215,"date":"2025-11-30T14:57:01","date_gmt":"2025-11-30T17:57:01","guid":{"rendered":"https:\/\/diariodegarca.com\/?p=9215"},"modified":"2025-11-30T14:57:01","modified_gmt":"2025-11-30T17:57:01","slug":"policia-prende-homem-por-tentativa-de-roubo-e-facada-no-distrito-de-jafa","status":"publish","type":"post","link":"https:\/\/diariodegarca.com\/?p=9215","title":{"rendered":"Pol\u00edcia prende homem por tentativa de roubo e facada no distrito de Jafa"},"content":{"rendered":"\n<p class=\"wp-block-paragraph\"><em>V\u00edtima foi ferida nas costas ao tentar fugir de dois criminosos que queriam sua moto; um dos suspeitos foi localizado em campo de futebol com a arma do crime.<\/em><\/p>\n\n\n\n<p class=\"wp-block-paragraph\">Policiais militares do 9\u00b0 Batalh\u00e3o prenderam, na noite de s\u00e1bado, 29 de novembro, um homem acusado de tentativa de roubo e ferir a v\u00edtima a facadas no distrito de Jafa, em Gar\u00e7a. A a\u00e7\u00e3o ocorreu ap\u00f3s o atendimento a uma ocorr\u00eancia por volta das 22h.<\/p>\n\n\n\n<p class=\"wp-block-paragraph\">De acordo com o relato da v\u00edtima, dois homens tentaram roubar sua motocicleta. Na tentativa de escapar do ass\u00e9dio dos criminosos, ela acelerou o ve\u00edculo. Foi quando um dos indiv\u00edduos a atingiu com uma facada nas costas.<\/p>\n\n\n\n<p class=\"wp-block-paragraph\">A v\u00edtima foi socorrida e encaminhada \u00e0 Unidade de Pronto Atendimento (UPA) de Gar\u00e7a, onde permaneceu recebendo os devidos cuidados m\u00e9dicos.<\/p>\n\n\n\n<p class=\"wp-block-paragraph\">Enquanto isso, as equipes policiais, munidas das caracter\u00edsticas dos suspeitos fornecidas pela v\u00edtima, iniciaram buscas pela regi\u00e3o. A dilig\u00eancia teve \u00eaxito ao localizar um dos homens na arquibancada de um campo de futebol no pr\u00f3prio distrito de Jafa.<\/p>\n\n\n\n<p class=\"wp-block-paragraph\">Com o suspeito, os militares encontraram a faca utilizada no crime, que estava escondida dentro de uma pochete. Ele foi preso em flagrante e conduzido \u00e0 Central de Pol\u00edcia Judici\u00e1ria de Mar\u00edlia. No local, foi reconhecido pela v\u00edtima e permanece preso, \u00e0 disposi\u00e7\u00e3o da Justi\u00e7a.<\/p>\n","protected":false},"excerpt":{"rendered":"<p>V\u00edtima foi ferida nas costas ao tentar fugir de dois criminosos que queriam sua moto; um dos suspeitos foi localizado em campo de futebol com a arma do crime. Policiais militares do 9\u00b0 Batalh\u00e3o prenderam, na noite de s\u00e1bado, 29 de novembro, um homem acusado de tentativa de roubo e ferir a v\u00edtima a facadas [&hellip;]<\/p>\n","protected":false},"author":260896548,"featured_media":9216,"comment_status":"open","ping_status":"open","sticky":false,"template":"","format":"standard","meta":{"_crdt_document":"","_monsterinsights_skip_tracking":false,"_monsterinsights_sitenote_active":false,"_monsterinsights_sitenote_note":"","_monsterinsights_sitenote_category":0,"advanced_seo_description":"","jetpack_seo_html_title":"","jetpack_seo_noindex":false,"_jetpack_newsletter_access":"","_jetpack_dont_email_post_to_subs":false,"_jetpack_newsletter_tier_id":0,"_jetpack_memberships_contains_paywalled_content":false,"_jetpack_memberships_contains_paid_content":false,"footnotes":"","jetpack_publicize_message":"\ud83d\udd34 Pris\u00e3o em Flagrante em Jafa\n\nNa noite de s\u00e1bado (29\/11), a Pol\u00edcia Militar prendeu um homem por tentativa de roubo de moto e facada no distrito de Jafa, em Gar\u00e7a.\n\nA v\u00edtima levou uma facada nas costas ao tentar fugir dos criminosos.\n\nAp\u00f3s serem acionados, os PMs localizaram um dos suspeitos na arquibancada de um campo de futebol.\n\n\ud83d\udcd6 Leia a reportagem completa em diariodegarca.com\n\n#Gar\u00e7a #Jafa #Pris\u00e3o #Seguran\u00e7aP\u00fablica #9BPM #Pol\u00edciaMilitar #Not\u00edciaDeGar\u00e7a ","jetpack_publicize_feature_enabled":true,"jetpack_social_post_already_shared":false,"jetpack_social_options":{"image_generator_settings":{"template":"highway","default_image_id":0,"font":"","enabled":false},"version":2},"_wpas_customize_per_network":false,"jetpack_post_was_ever_published":false},"categories":[781171664,21243],"tags":[],"class_list":["post-9215","post","type-post","status-publish","format-standard","has-post-thumbnail","hentry","category-garca-cidade","category-seguranca"],"jetpack_publicize_connections":[],"jetpack_featured_media_url":"https:\/\/i0.wp.com\/diariodegarca.com\/wp-content\/uploads\/2025\/11\/SnapInsta.to_586213961_18327304189246526_352278296742770031_n.jpg?fit=1080%2C795&ssl=1","jetpack_likes_enabled":true,"jetpack_sharing_enabled":true,"jetpack_shortlink":"https:\/\/wp.me\/pgitne-2oD","jetpack-related-posts":[{"id":6796,"url":"https:\/\/diariodegarca.com\/?p=6796","url_meta":{"origin":9215,"position":0},"title":"Tentativa de homic\u00eddio termina com pris\u00e3o em flagrante e apreens\u00e3o de muni\u00e7\u00f5es em Gar\u00e7a","author":"Di\u00e1rio de Gar\u00e7a","date":"15 de setembro de 2025","format":false,"excerpt":"Ap\u00f3s briga em bar motivada por ci\u00fames, homem efetua disparos e fere v\u00edtima de rasp\u00e3o. Pol\u00edcia localiza e prende suspeito com quase cinquenta muni\u00e7\u00f5es de calibres diferentes. Um fato grave envolvendo tiros e uma tentativa de homic\u00eddio foi registrado no in\u00edcio da noite de domingo, 14 de setembro, no bairro\u2026","rel":"","context":"Em &quot;Gar\u00e7a&quot;","block_context":{"text":"Gar\u00e7a","link":"https:\/\/diariodegarca.com\/?cat=781171664"},"img":{"alt_text":"","src":"https:\/\/i0.wp.com\/diariodegarca.com\/wp-content\/uploads\/2025\/09\/snapinsta.to_542819355_18315017350246526_1706839347346634861_n.webp?fit=1080%2C1080&ssl=1&resize=350%2C200","width":350,"height":200,"srcset":"https:\/\/i0.wp.com\/diariodegarca.com\/wp-content\/uploads\/2025\/09\/snapinsta.to_542819355_18315017350246526_1706839347346634861_n.webp?fit=1080%2C1080&ssl=1&resize=350%2C200 1x, https:\/\/i0.wp.com\/diariodegarca.com\/wp-content\/uploads\/2025\/09\/snapinsta.to_542819355_18315017350246526_1706839347346634861_n.webp?fit=1080%2C1080&ssl=1&resize=525%2C300 1.5x, https:\/\/i0.wp.com\/diariodegarca.com\/wp-content\/uploads\/2025\/09\/snapinsta.to_542819355_18315017350246526_1706839347346634861_n.webp?fit=1080%2C1080&ssl=1&resize=700%2C400 2x, https:\/\/i0.wp.com\/diariodegarca.com\/wp-content\/uploads\/2025\/09\/snapinsta.to_542819355_18315017350246526_1706839347346634861_n.webp?fit=1080%2C1080&ssl=1&resize=1050%2C600 3x"},"classes":[]},{"id":5034,"url":"https:\/\/diariodegarca.com\/?p=5034","url_meta":{"origin":9215,"position":1},"title":"PM prende suspeitos de sequestro, tr\u00e1fico e cumpre mandados em Mar\u00edlia, Tup\u00e3 e Pomp\u00e9ia","author":"Di\u00e1rio de Gar\u00e7a","date":"25 de julho de 2025","format":false,"excerpt":"Opera\u00e7\u00f5es do 9\u00ba BPM\/I resultaram em pris\u00f5es, apreens\u00e3o de armas e drogas em diferentes cidades da regi\u00e3o. A seguran\u00e7a p\u00fablica na regi\u00e3o de Mar\u00edlia esteve movimentada nesta semana, com a\u00e7\u00f5es policiais que resultaram na pris\u00e3o de criminosos envolvidos em crimes graves, como sequestro, tr\u00e1fico de drogas e posse ilegal de\u2026","rel":"","context":"Em &quot;Mar\u00edlia&quot;","block_context":{"text":"Mar\u00edlia","link":"https:\/\/diariodegarca.com\/?cat=683453294"},"img":{"alt_text":"","src":"https:\/\/i0.wp.com\/diariodegarca.com\/wp-content\/uploads\/2025\/07\/whatsapp-image-2025-07-25-at-15.40.53.jpeg?fit=1200%2C987&ssl=1&resize=350%2C200","width":350,"height":200,"srcset":"https:\/\/i0.wp.com\/diariodegarca.com\/wp-content\/uploads\/2025\/07\/whatsapp-image-2025-07-25-at-15.40.53.jpeg?fit=1200%2C987&ssl=1&resize=350%2C200 1x, https:\/\/i0.wp.com\/diariodegarca.com\/wp-content\/uploads\/2025\/07\/whatsapp-image-2025-07-25-at-15.40.53.jpeg?fit=1200%2C987&ssl=1&resize=525%2C300 1.5x, https:\/\/i0.wp.com\/diariodegarca.com\/wp-content\/uploads\/2025\/07\/whatsapp-image-2025-07-25-at-15.40.53.jpeg?fit=1200%2C987&ssl=1&resize=700%2C400 2x, https:\/\/i0.wp.com\/diariodegarca.com\/wp-content\/uploads\/2025\/07\/whatsapp-image-2025-07-25-at-15.40.53.jpeg?fit=1200%2C987&ssl=1&resize=1050%2C600 3x"},"classes":[]},{"id":10272,"url":"https:\/\/diariodegarca.com\/?p=10272","url_meta":{"origin":9215,"position":2},"title":"Patrulhamento prende dupla por roubo no centro de Gar\u00e7a","author":"Di\u00e1rio de Gar\u00e7a","date":"28 de janeiro de 2026","format":false,"excerpt":"Ap\u00f3s a\u00e7\u00e3o r\u00e1pida, PM prende em flagrante dois homens; um dos suspeitos ofereceu resist\u00eancia e foi contido pela for\u00e7a moderada dos policiais. Um patrulhamento de rotina resultou na pris\u00e3o em flagrante de dois homens envolvidos em um roubo no centro de Gar\u00e7a na madrugada desta quarta-feira, 28 de janeiro. A\u2026","rel":"","context":"Em &quot;Gar\u00e7a&quot;","block_context":{"text":"Gar\u00e7a","link":"https:\/\/diariodegarca.com\/?cat=781171664"},"img":{"alt_text":"","src":"https:\/\/i0.wp.com\/diariodegarca.com\/wp-content\/uploads\/2025\/12\/4-cia-policia-Garca.jpg?fit=799%2C533&ssl=1&resize=350%2C200","width":350,"height":200,"srcset":"https:\/\/i0.wp.com\/diariodegarca.com\/wp-content\/uploads\/2025\/12\/4-cia-policia-Garca.jpg?fit=799%2C533&ssl=1&resize=350%2C200 1x, https:\/\/i0.wp.com\/diariodegarca.com\/wp-content\/uploads\/2025\/12\/4-cia-policia-Garca.jpg?fit=799%2C533&ssl=1&resize=525%2C300 1.5x, https:\/\/i0.wp.com\/diariodegarca.com\/wp-content\/uploads\/2025\/12\/4-cia-policia-Garca.jpg?fit=799%2C533&ssl=1&resize=700%2C400 2x"},"classes":[]},{"id":6015,"url":"https:\/\/diariodegarca.com\/?p=6015","url_meta":{"origin":9215,"position":3},"title":"Denuncia de viol\u00eancia dom\u00e9stica em Tup\u00e3 leva a pris\u00e3o de procurado da justi\u00e7a","author":"Di\u00e1rio de Gar\u00e7a","date":"23 de agosto de 2025","format":false,"excerpt":"Ap\u00f3s v\u00edtima conseguir se desvencilhar e pedir ajuda, policiais prenderam homem que escondia faca; consulta ao sistema mostrou mandado de pris\u00e3o preventiva por assassinato. Um flagrante de viol\u00eancia dom\u00e9stica na manh\u00e3 de quarta-feira, 22 de agosto, em Tup\u00e3 revelou um passado criminal muito mais grave: o agressor era procurado pela\u2026","rel":"","context":"Em &quot;Seguran\u00e7a&quot;","block_context":{"text":"Seguran\u00e7a","link":"https:\/\/diariodegarca.com\/?cat=21243"},"img":{"alt_text":"","src":"https:\/\/i0.wp.com\/diariodegarca.com\/wp-content\/uploads\/2025\/06\/511503492_18306010051246526_6301021612031383202_n-e1762261741864.webp?fit=1080%2C740&ssl=1&resize=350%2C200","width":350,"height":200,"srcset":"https:\/\/i0.wp.com\/diariodegarca.com\/wp-content\/uploads\/2025\/06\/511503492_18306010051246526_6301021612031383202_n-e1762261741864.webp?fit=1080%2C740&ssl=1&resize=350%2C200 1x, https:\/\/i0.wp.com\/diariodegarca.com\/wp-content\/uploads\/2025\/06\/511503492_18306010051246526_6301021612031383202_n-e1762261741864.webp?fit=1080%2C740&ssl=1&resize=525%2C300 1.5x, https:\/\/i0.wp.com\/diariodegarca.com\/wp-content\/uploads\/2025\/06\/511503492_18306010051246526_6301021612031383202_n-e1762261741864.webp?fit=1080%2C740&ssl=1&resize=700%2C400 2x, https:\/\/i0.wp.com\/diariodegarca.com\/wp-content\/uploads\/2025\/06\/511503492_18306010051246526_6301021612031383202_n-e1762261741864.webp?fit=1080%2C740&ssl=1&resize=1050%2C600 3x"},"classes":[]},{"id":3655,"url":"https:\/\/diariodegarca.com\/?p=3655","url_meta":{"origin":9215,"position":4},"title":"Pris\u00f5es por estupro e tr\u00e1fico marcam fim de semana na regi\u00e3o","author":"Di\u00e1rio de Gar\u00e7a","date":"4 de junho de 2025","format":false,"excerpt":"A\u00e7\u00f5es do 9\u00ba Batalh\u00e3o da aconteceu nas cidades de Mar\u00edlia, Tup\u00e3 e Gar\u00e7a, com pris\u00f5es em flagrantes O 9\u00ba Batalh\u00e3o de Pol\u00edcia Militar do Interior registrou, no \u00faltimo fim de semana, ocorr\u00eancias graves em diferentes cidades da regi\u00e3o, resultando na pris\u00e3o de indiv\u00edduos por crimes como estupro, viol\u00eancia dom\u00e9stica e\u2026","rel":"","context":"Em &quot;Gar\u00e7a&quot;","block_context":{"text":"Gar\u00e7a","link":"https:\/\/diariodegarca.com\/?cat=781171664"},"img":{"alt_text":"","src":"","width":0,"height":0},"classes":[]},{"id":2569,"url":"https:\/\/diariodegarca.com\/?p=2569","url_meta":{"origin":9215,"position":5},"title":"Homem \u00e9 preso em flagrante por roubo ap\u00f3s a\u00e7\u00e3o r\u00e1pida da ROCAM em Mar\u00edlia","author":"Di\u00e1rio de Gar\u00e7a","date":"21 de mar\u00e7o de 2025","format":false,"excerpt":"Na quinta-feira, dia 20 de mar\u00e7o, por volta das 18h, as equipes do ROCAM (Rondas Ostensivas Com Apoio e Motocicletas) do 9\u00ba Batalh\u00e3o de Pol\u00edcia Militar do Interior prenderam um homem em flagrante por roubo na regi\u00e3o central de Mar\u00edlia. A a\u00e7\u00e3o foi desencadeada ap\u00f3s o COPOM (Centro de Opera\u00e7\u00f5es\u2026","rel":"","context":"Em &quot;Brasil&quot;","block_context":{"text":"Brasil","link":"https:\/\/diariodegarca.com\/?cat=38185"},"img":{"alt_text":"","src":"","width":0,"height":0},"classes":[]}],"_links":{"self":[{"href":"https:\/\/diariodegarca.com\/index.php?rest_route=\/wp\/v2\/posts\/9215","targetHints":{"allow":["GET"]}}],"collection":[{"href":"https:\/\/diariodegarca.com\/index.php?rest_route=\/wp\/v2\/posts"}],"about":[{"href":"https:\/\/diariodegarca.com\/index.php?rest_route=\/wp\/v2\/types\/post"}],"author":[{"embeddable":true,"href":"https:\/\/diariodegarca.com\/index.php?rest_route=\/wp\/v2\/users\/260896548"}],"replies":[{"embeddable":true,"href":"https:\/\/diariodegarca.com\/index.php?rest_route=%2Fwp%2Fv2%2Fcomments&post=9215"}],"version-history":[{"count":2,"href":"https:\/\/diariodegarca.com\/index.php?rest_route=\/wp\/v2\/posts\/9215\/revisions"}],"predecessor-version":[{"id":9218,"href":"https:\/\/diariodegarca.com\/index.php?rest_route=\/wp\/v2\/posts\/9215\/revisions\/9218"}],"wp:featuredmedia":[{"embeddable":true,"href":"https:\/\/diariodegarca.com\/index.php?rest_route=\/wp\/v2\/media\/9216"}],"wp:attachment":[{"href":"https:\/\/diariodegarca.com\/index.php?rest_route=%2Fwp%2Fv2%2Fmedia&parent=9215"}],"wp:term":[{"taxonomy":"category","embeddable":true,"href":"https:\/\/diariodegarca.com\/index.php?rest_route=%2Fwp%2Fv2%2Fcategories&post=9215"},{"taxonomy":"post_tag","embeddable":true,"href":"https:\/\/diariodegarca.com\/index.php?rest_route=%2Fwp%2Fv2%2Ftags&post=9215"}],"curies":[{"name":"wp","href":"https:\/\/api.w.org\/{rel}","templated":true}]}}