{"id":9241,"date":"2025-12-03T08:06:00","date_gmt":"2025-12-03T11:06:00","guid":{"rendered":"https:\/\/diariodegarca.com\/?p=9241"},"modified":"2025-12-01T15:17:21","modified_gmt":"2025-12-01T18:17:21","slug":"procon-sp-oferece-palestra-online-gratuita-sobre-armadilhas-do-consumo","status":"publish","type":"post","link":"https:\/\/diariodegarca.com\/?p=9241","title":{"rendered":"Procon-SP oferece palestra online gratuita sobre &#8220;Armadilhas do Consumo&#8221;"},"content":{"rendered":"\n<p class=\"wp-block-paragraph\"><em>Baseada na Economia Comportamental, iniciativa revela t\u00e1ticas de marketing que influenciam decis\u00f5es de compra e ensina como fazer escolhas mais conscientes.<\/em><\/p>\n\n\n\n<p class=\"wp-block-paragraph\">A Funda\u00e7\u00e3o Procon-SP promove, no dia <strong>5 de dezembro, sexta-feira,<\/strong> uma edi\u00e7\u00e3o online e gratuita da palestra\u00a0<strong>\u201cArmadilhas do Consumo\u201d<\/strong>. O evento, que ocorrer\u00e1 das <strong>14h \u00e0s 15h30<\/strong>, tem como objetivo principal municiar o consumidor com conhecimento para reconhecer e evitar as estrat\u00e9gias de mercado que podem levar a compras por impulso ou desnecess\u00e1rias.<\/p>\n\n\n\n<p class=\"wp-block-paragraph\">A palestra se baseia nos estudos da\u00a0<strong>Economia Comportamental<\/strong>, ci\u00eancia que analisa como fatores psicol\u00f3gicos, sociais e cognitivos afetam nossas decis\u00f5es econ\u00f4micas. <strong>Durante 1h30<\/strong>, ser\u00e3o apresentados e explicados os principais erros que a maioria das pessoas comete em situa\u00e7\u00f5es cotidianas de consumo, muitas vezes induzidas por t\u00e9cnicas de marketing e vendas.<\/p>\n\n\n\n<p class=\"wp-block-paragraph\">\u201cA proposta \u00e9 apresentar algumas das estrat\u00e9gias adotadas no mercado que buscam influenciar as escolhas dos consumidores, levando-os, muitas vezes, a realizar aquisi\u00e7\u00f5es que n\u00e3o s\u00e3o de seu real interesse\u201d, descreve a funda\u00e7\u00e3o. Ao compreender esses mecanismos, o participante ganha autonomia para fazer escolhas mais refletidas e&nbsp;<strong>se apropriar de suas decis\u00f5es de consumo<\/strong>.<\/p>\n\n\n\n<p class=\"wp-block-paragraph\">A transmiss\u00e3o ao vivo ser\u00e1 realizada via&nbsp;<strong>plataforma Microsoft Teams<\/strong>, sem a necessidade de baixar o aplicativo \u2013 podendo ser acompanhada diretamente pelo navegador do computador, tablet ou celular. Os inscritos que manifestarem interesse durante a transmiss\u00e3o poder\u00e3o solicitar um&nbsp;<strong>certificado de participa\u00e7\u00e3o<\/strong>, emitido em at\u00e9 cinco dias \u00fateis ap\u00f3s o evento.<\/p>\n\n\n\n<p class=\"wp-block-paragraph\">As inscri\u00e7\u00f5es s\u00e3o individuais e devem ser feitas\u00a0<strong>antecipadamente<\/strong>, at\u00e9 o dia 4 de dezembro, \u00e0s 23h59, por meio do link <a href=\"https:\/\/www.procon.sp.gov.br\/palestras\">https:\/\/www.procon.sp.gov.br\/palestras<\/a>. Inscritos garantem o direito ao material extra que ser\u00e1 disponibilizado e podem solicitar, durante a transmiss\u00e3o, um certificado. \u00c9 fundamental prestar aten\u00e7\u00e3o ao e-mail cadastrado, pois ser\u00e1 o canal de contato e envio do link para assistir.<\/p>\n\n\n\n<p class=\"wp-block-paragraph\">A palestra tamb\u00e9m poder\u00e1 ser exibida simultaneamente nas redes sociais do Procon-SP (Facebook e Instagram). No entanto, apenas os participantes inscritos via formul\u00e1rio oficial e que assistirem pela plataforma Teams ter\u00e3o a possibilidade de solicitar o certificado. A transmiss\u00e3o n\u00e3o ficar\u00e1 dispon\u00edvel para consulta posterior nas redes sociais.<\/p>\n\n\n\n<p class=\"wp-block-paragraph\">A iniciativa integra o ciclo de palestras educativas oferecidas pela Funda\u00e7\u00e3o Procon-SP, que abrange diversos temas de interesse do consumidor.<\/p>\n","protected":false},"excerpt":{"rendered":"<p>Baseada na Economia Comportamental, iniciativa revela t\u00e1ticas de marketing que influenciam decis\u00f5es de compra e ensina como fazer escolhas mais conscientes. A Funda\u00e7\u00e3o Procon-SP promove, no dia 5 de dezembro, sexta-feira, uma edi\u00e7\u00e3o online e gratuita da palestra\u00a0\u201cArmadilhas do Consumo\u201d. O evento, que ocorrer\u00e1 das 14h \u00e0s 15h30, tem como objetivo principal municiar o consumidor [&hellip;]<\/p>\n","protected":false},"author":260896548,"featured_media":9242,"comment_status":"open","ping_status":"open","sticky":false,"template":"","format":"standard","meta":{"_crdt_document":"","_monsterinsights_skip_tracking":false,"_monsterinsights_sitenote_active":false,"_monsterinsights_sitenote_note":"","_monsterinsights_sitenote_category":0,"advanced_seo_description":"Participe da palestra 'Armadilhas do Consumo' da Procon-SP e aprenda a evitar compras impulsivas em 5 de dezembro. Inscreva-se gratuitamente!","jetpack_seo_html_title":"Armadilhas do Consumo: Palestra Gratuita do Procon-SP","jetpack_seo_noindex":false,"_jetpack_newsletter_access":"","_jetpack_dont_email_post_to_subs":false,"_jetpack_newsletter_tier_id":0,"_jetpack_memberships_contains_paywalled_content":false,"_jetpack_memberships_contains_paid_content":false,"footnotes":"","jetpack_publicize_message":"\ud83d\udce2 Voc\u00ea sabe quais estrat\u00e9gias do marketing influenciam suas compras?\n\nO Procon-SP est\u00e1 com inscri\u00e7\u00f5es abertas para a palestra online e gratuita \u201cArmadilhas do Consumo\u201d. Baseada na Economia Comportamental, a iniciativa \u00e9 um verdadeiro guia para entender os mecanismos por tr\u00e1s das decis\u00f5es de compra.\n\nSaiba como se inscrever em diariodegarca.com.\n\n#ProconSP #EducacaoParaOConsumo #ArmadilhasDoConsumo #EconomiaComportamental #ConsumoConsciente #DireitoDoConsumidor #PalestraOnline #PalestraGratuita #DiarioDeGarca","jetpack_publicize_feature_enabled":true,"jetpack_social_post_already_shared":true,"jetpack_social_options":{"image_generator_settings":{"template":"highway","default_image_id":0,"font":"","enabled":false},"version":2},"_wpas_customize_per_network":false,"jetpack_post_was_ever_published":false},"categories":[36947,91066845],"tags":[],"class_list":["post-9241","post","type-post","status-publish","format-standard","has-post-thumbnail","hentry","category-curso","category-online-curso"],"jetpack_publicize_connections":[],"jetpack_featured_media_url":"https:\/\/i0.wp.com\/diariodegarca.com\/wp-content\/uploads\/2025\/12\/mulher-feliz-e-sorridente-em-uma-camisa-rosa-no-sofa-em-casa-entre-sacolas-coloridas-segurando-um-cartao-de-credito-e-pagando-online-no-laptop.jpg?fit=6000%2C3736&ssl=1","jetpack_likes_enabled":true,"jetpack_sharing_enabled":true,"jetpack_shortlink":"https:\/\/wp.me\/pgitne-2p3","jetpack-related-posts":[{"id":2474,"url":"https:\/\/diariodegarca.com\/?p=2474","url_meta":{"origin":9241,"position":0},"title":"Procon-SP promove palestra online sobre &#034;Armadilhas do Consumo&#034;","author":"Di\u00e1rio de Gar\u00e7a","date":"4 de abril de 2025","format":false,"excerpt":"O Procon-SP realizar\u00e1, no dia\u00a07 de abril, uma palestra online e gratuita sobre\u00a0\"Armadilhas do Consumo\", com transmiss\u00e3o ao vivo pelo\u00a0Instagram e Facebook\u00a0da institui\u00e7\u00e3o. O evento, que ocorrer\u00e1 das\u00a014h \u00e0s 15h30, abordar\u00e1 estrat\u00e9gias de marketing que influenciam as decis\u00f5es de compra, ajudando os consumidores a evitar gastos por impulso.Como participar e\u2026","rel":"","context":"Em &quot;Brasil&quot;","block_context":{"text":"Brasil","link":"https:\/\/diariodegarca.com\/?cat=38185"},"img":{"alt_text":"","src":"https:\/\/i0.wp.com\/blogger.googleusercontent.com\/img\/b\/R29vZ2xl\/AVvXsEikYTe4oDwnnqrK2RUbIl4d1LyjkLzt4DY3HHkMT-f2Ii_rdlZBzhs4IfKwcr3dEwvEmMd06j2CdDAKkDOqO425D87LhW3d8h4mjlfNflL7rCY5KxU9-2mDdjaCO1zugqRU0jY6U5V-pn4pNCTPxNUNGLoZLY1guOZFz0-tXRIlq99_5dD1thtOxW8kD0U\/s320\/woman-customer-walking-with-bags.jpg?resize=350%2C200&ssl=1","width":350,"height":200},"classes":[]},{"id":4916,"url":"https:\/\/diariodegarca.com\/?p=4916","url_meta":{"origin":9241,"position":1},"title":"Procon-SP realiza palestra on-line &#8220;Armadilhas do Consumo&#8221;","author":"Di\u00e1rio de Gar\u00e7a","date":"22 de julho de 2025","format":false,"excerpt":"Evento aborda estrat\u00e9gias de marketing que influenciam decis\u00f5es de compra e ensina como evitar gastos desnecess\u00e1rios; inscri\u00e7\u00f5es est\u00e3o abertas. O Procon-SP promove, no pr\u00f3ximo\u00a024 de julho de 2025, a palestra online\u00a0\"Armadilhas do Consumo\", que tem como objetivo conscientizar os consumidores sobre as t\u00e1ticas de marketing que os levam a comprar\u2026","rel":"","context":"Em &quot;Brasil&quot;","block_context":{"text":"Brasil","link":"https:\/\/diariodegarca.com\/?cat=38185"},"img":{"alt_text":"","src":"https:\/\/i0.wp.com\/diariodegarca.com\/wp-content\/uploads\/2025\/07\/close-no-reporter-dando-uma-entrevista.jpg?fit=1200%2C800&ssl=1&resize=350%2C200","width":350,"height":200,"srcset":"https:\/\/i0.wp.com\/diariodegarca.com\/wp-content\/uploads\/2025\/07\/close-no-reporter-dando-uma-entrevista.jpg?fit=1200%2C800&ssl=1&resize=350%2C200 1x, https:\/\/i0.wp.com\/diariodegarca.com\/wp-content\/uploads\/2025\/07\/close-no-reporter-dando-uma-entrevista.jpg?fit=1200%2C800&ssl=1&resize=525%2C300 1.5x, https:\/\/i0.wp.com\/diariodegarca.com\/wp-content\/uploads\/2025\/07\/close-no-reporter-dando-uma-entrevista.jpg?fit=1200%2C800&ssl=1&resize=700%2C400 2x, https:\/\/i0.wp.com\/diariodegarca.com\/wp-content\/uploads\/2025\/07\/close-no-reporter-dando-uma-entrevista.jpg?fit=1200%2C800&ssl=1&resize=1050%2C600 3x"},"classes":[]},{"id":2087,"url":"https:\/\/diariodegarca.com\/?p=2087","url_meta":{"origin":9241,"position":2},"title":"Procon-SP promove palestra online sobre &#034;Armadilhas do Consumo&#034;","author":"Di\u00e1rio de Gar\u00e7a","date":"15 de maio de 2025","format":false,"excerpt":"Com o objetivo de capacitar consumidores a reconhecer estrat\u00e9gias de marketing que influenciam decis\u00f5es de compra, o Procon-SP promove nesta sexta-feira, dia 15 de maio, \u00e0s 14h, a palestra virtual\u00a0\"Armadilhas do Consumo\". O evento, baseado nos estudos da\u00a0Economia Comportamental, abordar\u00e1 t\u00e1ticas utilizadas pelo mercado que podem levar a gastos por\u2026","rel":"","context":"Em &quot;Brasil&quot;","block_context":{"text":"Brasil","link":"https:\/\/diariodegarca.com\/?cat=38185"},"img":{"alt_text":"","src":"https:\/\/i0.wp.com\/blogger.googleusercontent.com\/img\/b\/R29vZ2xl\/AVvXsEhk6e8oeUwMt9OFv24yLKEg42RNQ9MMZCJbDDtwpX4aDGnz3JjSnZrqoYr6z-AxYr5oC2Hf9WJgqeK6OMw2O5LjerZIhGGW6m3j0JeRlH44pNuQFQkjD_9JYi3JCdh1gDsBgfHt_Z8MpxaruC7dBfEXpZv_dU2_9sFtbbqXsmj2nyIAv5zJmdCxh1FraDY\/s320\/upset-man-holding-shopping-bags.jpg?resize=350%2C200&ssl=1","width":350,"height":200},"classes":[]},{"id":9020,"url":"https:\/\/diariodegarca.com\/?p=9020","url_meta":{"origin":9241,"position":3},"title":"Procon-SP oferece palestra online e gratuita sobre Direitos do Consumidor na Era Digital","author":"Andreza Sega","date":"25 de novembro de 2025","format":false,"excerpt":"Evento abordar\u00e1 como a internet e a coleta de dados influenciam as escolhas de consumo e quais s\u00e3o os direitos nas transa\u00e7\u00f5es online. O Procon-SP promover\u00e1, na pr\u00f3xima quinta-feira, 27 de novembro, uma palestra online e gratuita com o tema \"Rela\u00e7\u00f5es e Consumo na Era Digital\". O evento, que ocorrer\u00e1\u2026","rel":"","context":"Em &quot;Curso&quot;","block_context":{"text":"Curso","link":"https:\/\/diariodegarca.com\/?cat=36947"},"img":{"alt_text":"","src":"https:\/\/i0.wp.com\/diariodegarca.com\/wp-content\/uploads\/2025\/11\/menina-loira-sentada-no-carrinho-sorrindo.jpg?fit=1200%2C801&ssl=1&resize=350%2C200","width":350,"height":200,"srcset":"https:\/\/i0.wp.com\/diariodegarca.com\/wp-content\/uploads\/2025\/11\/menina-loira-sentada-no-carrinho-sorrindo.jpg?fit=1200%2C801&ssl=1&resize=350%2C200 1x, https:\/\/i0.wp.com\/diariodegarca.com\/wp-content\/uploads\/2025\/11\/menina-loira-sentada-no-carrinho-sorrindo.jpg?fit=1200%2C801&ssl=1&resize=525%2C300 1.5x, https:\/\/i0.wp.com\/diariodegarca.com\/wp-content\/uploads\/2025\/11\/menina-loira-sentada-no-carrinho-sorrindo.jpg?fit=1200%2C801&ssl=1&resize=700%2C400 2x, https:\/\/i0.wp.com\/diariodegarca.com\/wp-content\/uploads\/2025\/11\/menina-loira-sentada-no-carrinho-sorrindo.jpg?fit=1200%2C801&ssl=1&resize=1050%2C600 3x"},"classes":[]},{"id":2440,"url":"https:\/\/diariodegarca.com\/?p=2440","url_meta":{"origin":9241,"position":4},"title":"Procon-SP alerta sobre armadilhas financeiras em palestra online gratuita","author":"Di\u00e1rio de Gar\u00e7a","date":"8 de abril de 2025","format":false,"excerpt":"\u00a0O Procon-SP promove, no pr\u00f3ximo dia 10 de abril, uma palestra virtual e gratuita sobre\u00a0\"Orienta\u00e7\u00e3o Financeira: evitando as armadilhas do consumo\". O evento, que ser\u00e1 transmitido ao vivo das 14h \u00e0s 15h30 pelo\u00a0Instagram\u00a0e\u00a0Facebook\u00a0da institui\u00e7\u00e3o e pelo\u00a0Microsoft Teams (link desta op\u00e7\u00e3o \u00e9 enviado para quem se inscreve previamente). A palestra\u00a0tem como\u2026","rel":"","context":"Em &quot;Brasil&quot;","block_context":{"text":"Brasil","link":"https:\/\/diariodegarca.com\/?cat=38185"},"img":{"alt_text":"","src":"https:\/\/i0.wp.com\/blogger.googleusercontent.com\/img\/b\/R29vZ2xl\/AVvXsEixP1ll5ul3pBhiNxCLniqRqM-o4vEiGYUYQA7ycPW0lU_BWtjul7kANuwR5n2qF1GbWJ-V3Aq9Dg9isDViQKEAmW2bnJwbt39ClPmW2g-1imUqEL0NtJFv3MW7hzIy-PC-MwimrPSZjO9oZG1iCQRO6WEe1OcAPGtaRBlx3wzN35oaq0xewEZgYOKii1U\/s320\/businesswoman-feeling-worried-about-financial-debts-analyzing-bills-while-working-office.jpg?resize=350%2C200&ssl=1","width":350,"height":200},"classes":[]},{"id":9252,"url":"https:\/\/diariodegarca.com\/?p=9252","url_meta":{"origin":9241,"position":5},"title":"Palestra online gratuita desvenda como a era digital transforma as rela\u00e7\u00f5es de consumo","author":"Andreza Sega","date":"10 de dezembro de 2025","format":false,"excerpt":"Evento gratuito no dia 12 de dezembro, promovido pelo Procon-SP, analisa a influ\u00eancia da tecnologia nas decis\u00f5es de compra, os riscos cibern\u00e9ticos e os direitos do consumidor nas transa\u00e7\u00f5es online. A revolu\u00e7\u00e3o digital, iniciada nas d\u00e9cadas finais do s\u00e9culo XX, redefiniu radicalmente a sociedade - e, com ela, a forma\u2026","rel":"","context":"Em &quot;Curso&quot;","block_context":{"text":"Curso","link":"https:\/\/diariodegarca.com\/?cat=36947"},"img":{"alt_text":"","src":"https:\/\/i0.wp.com\/diariodegarca.com\/wp-content\/uploads\/2025\/11\/pares-que-olham-o-preco-de-roupas.jpg?fit=1200%2C800&ssl=1&resize=350%2C200","width":350,"height":200,"srcset":"https:\/\/i0.wp.com\/diariodegarca.com\/wp-content\/uploads\/2025\/11\/pares-que-olham-o-preco-de-roupas.jpg?fit=1200%2C800&ssl=1&resize=350%2C200 1x, https:\/\/i0.wp.com\/diariodegarca.com\/wp-content\/uploads\/2025\/11\/pares-que-olham-o-preco-de-roupas.jpg?fit=1200%2C800&ssl=1&resize=525%2C300 1.5x, https:\/\/i0.wp.com\/diariodegarca.com\/wp-content\/uploads\/2025\/11\/pares-que-olham-o-preco-de-roupas.jpg?fit=1200%2C800&ssl=1&resize=700%2C400 2x, https:\/\/i0.wp.com\/diariodegarca.com\/wp-content\/uploads\/2025\/11\/pares-que-olham-o-preco-de-roupas.jpg?fit=1200%2C800&ssl=1&resize=1050%2C600 3x"},"classes":[]}],"_links":{"self":[{"href":"https:\/\/diariodegarca.com\/index.php?rest_route=\/wp\/v2\/posts\/9241","targetHints":{"allow":["GET"]}}],"collection":[{"href":"https:\/\/diariodegarca.com\/index.php?rest_route=\/wp\/v2\/posts"}],"about":[{"href":"https:\/\/diariodegarca.com\/index.php?rest_route=\/wp\/v2\/types\/post"}],"author":[{"embeddable":true,"href":"https:\/\/diariodegarca.com\/index.php?rest_route=\/wp\/v2\/users\/260896548"}],"replies":[{"embeddable":true,"href":"https:\/\/diariodegarca.com\/index.php?rest_route=%2Fwp%2Fv2%2Fcomments&post=9241"}],"version-history":[{"count":3,"href":"https:\/\/diariodegarca.com\/index.php?rest_route=\/wp\/v2\/posts\/9241\/revisions"}],"predecessor-version":[{"id":9245,"href":"https:\/\/diariodegarca.com\/index.php?rest_route=\/wp\/v2\/posts\/9241\/revisions\/9245"}],"wp:featuredmedia":[{"embeddable":true,"href":"https:\/\/diariodegarca.com\/index.php?rest_route=\/wp\/v2\/media\/9242"}],"wp:attachment":[{"href":"https:\/\/diariodegarca.com\/index.php?rest_route=%2Fwp%2Fv2%2Fmedia&parent=9241"}],"wp:term":[{"taxonomy":"category","embeddable":true,"href":"https:\/\/diariodegarca.com\/index.php?rest_route=%2Fwp%2Fv2%2Fcategories&post=9241"},{"taxonomy":"post_tag","embeddable":true,"href":"https:\/\/diariodegarca.com\/index.php?rest_route=%2Fwp%2Fv2%2Ftags&post=9241"}],"curies":[{"name":"wp","href":"https:\/\/api.w.org\/{rel}","templated":true}]}}