{"id":9246,"date":"2025-12-08T08:17:00","date_gmt":"2025-12-08T11:17:00","guid":{"rendered":"https:\/\/diariodegarca.com\/?p=9246"},"modified":"2025-12-01T15:34:13","modified_gmt":"2025-12-01T18:34:13","slug":"procon-sp-oferece-palestra-para-esclarecer-riscos-e-direitos-no-mercado-de-apostas-online","status":"publish","type":"post","link":"https:\/\/diariodegarca.com\/?p=9246","title":{"rendered":"Procon-SP oferece palestra para esclarecer riscos e direitos no mercado de apostas online"},"content":{"rendered":"\n<p class=\"wp-block-paragraph\"><em>Evento online, marcado para 11 de dezembro, visa alertar consumidores sobre armadilhas, irregularidades e o superendividamento associado \u00e0 pr\u00e1tica, que n\u00e3o se configura como investimento.<\/em><\/p>\n\n\n\n<p class=\"wp-block-paragraph\">O mercado de jogos e apostas online, em expans\u00e3o no Brasil, traz consigo n\u00e3o s\u00f3 a promessa de ganhos r\u00e1pidos, mas uma s\u00e9rie de riscos financeiros e emocionais pouco discutidos. Para combater a desinforma\u00e7\u00e3o e capacitar o cidad\u00e3o, a Funda\u00e7\u00e3o Procon-SP realizar\u00e1, <strong>no dia 11 de dezembro, quinta-feira<\/strong>, uma <strong>palestra online e gratuita<\/strong> sobre o tema. O evento tem car\u00e1ter estritamente educativo, focando na defesa do consumidor.<\/p>\n\n\n\n<p class=\"wp-block-paragraph\">Com base no hist\u00f3rico de reclama\u00e7\u00f5es recebidas pelo \u00f3rg\u00e3o, a palestra &#8220;<strong>Jogos e Apostas (Online)<\/strong>&#8221; buscar\u00e1 desmistificar o setor. A proposta \u00e9 fornecer uma compreens\u00e3o clara sobre os principais problemas enfrentados pelos apostadores, que v\u00e3o desde a atua\u00e7\u00e3o de plataformas irregulares at\u00e9 quest\u00f5es contratuais em sites autorizados. O objetivo central \u00e9 destacar que a atividade, cercada de incertezas,\u00a0<strong>n\u00e3o se caracteriza como uma forma de investimento<\/strong>.<\/p>\n\n\n\n<p class=\"wp-block-paragraph\">Um dos pontos de maior alerta ser\u00e1 a an\u00e1lise do mecanismo psicol\u00f3gico e financeiro que leva ao superendividamento. A palestra abordar\u00e1 como a ilus\u00e3o de recuperar perdas e a busca por ganhos elevados podem prender o consumidor a um ciclo de apostas recorrentes, muitas vezes comprometendo recursos essenciais para o sustento.<\/p>\n\n\n\n<p class=\"wp-block-paragraph\">Com dura\u00e7\u00e3o de 1h30, a transmiss\u00e3o ocorrer\u00e1 via Microsoft Teams, acess\u00edvel por computador, tablet ou celular, sem a necessidade de baixar o aplicativo. Os interessados em receber certificado de participa\u00e7\u00e3o e material extra complementar devem realizar\u00a0<strong>inscri\u00e7\u00e3o antecipada at\u00e9 um dia antes do evento, at\u00e9 \u00e0s 23h59<\/strong>, pelo link <a href=\"https:\/\/www.procon.sp.gov.br\/palestras\/\">procon.sp.gov.br\/palestras\/<\/a>. A palestra tamb\u00e9m poder\u00e1 ser transmitida nas redes sociais do \u00f3rg\u00e3o, mas nessas plataformas n\u00e3o haver\u00e1 emiss\u00e3o de certificado nem disponibilidade posterior do conte\u00fado.<\/p>\n","protected":false},"excerpt":{"rendered":"<p>Evento online, marcado para 11 de dezembro, visa alertar consumidores sobre armadilhas, irregularidades e o superendividamento associado \u00e0 pr\u00e1tica, que n\u00e3o se configura como investimento. O mercado de jogos e apostas online, em expans\u00e3o no Brasil, traz consigo n\u00e3o s\u00f3 a promessa de ganhos r\u00e1pidos, mas uma s\u00e9rie de riscos financeiros e emocionais pouco discutidos. [&hellip;]<\/p>\n","protected":false},"author":260896548,"featured_media":9247,"comment_status":"open","ping_status":"open","sticky":false,"template":"","format":"standard","meta":{"_crdt_document":"","_monsterinsights_skip_tracking":false,"_monsterinsights_sitenote_active":false,"_monsterinsights_sitenote_note":"","_monsterinsights_sitenote_category":0,"advanced_seo_description":"Participe da palestra online gratuita do Procon-SP em 11 de dezembro e aprenda sobre os riscos das apostas e superendividamento.","jetpack_seo_html_title":"Palestra Online: Entenda os Riscos de Jogos e Apostas","jetpack_seo_noindex":false,"_jetpack_newsletter_access":"","_jetpack_dont_email_post_to_subs":false,"_jetpack_newsletter_tier_id":0,"_jetpack_memberships_contains_paywalled_content":false,"_jetpack_memberships_contains_paid_content":false,"footnotes":"","jetpack_publicize_message":"\u26a0\ufe0f O mercado de apostas online esconde riscos que v\u00e3o muito al\u00e9m do azar. Com base em centenas de reclama\u00e7\u00f5es, o Procon-SP realizar\u00e1 uma palestra online GRATUITA .\n\n\ud83d\udd17 Para se inscrever e ler a reportagem completa sobre os detalhes e alertas da palestra, acesse o link na nossa bio ou visite: diariodegarca.com\n\n#Consumidor #ProconSP #EducacaoFinanceira #ApostasOnline #DefesaDoConsumidor #PalestraGratuita #SaudeFinanceira #DireitoDoConsumidor","jetpack_publicize_feature_enabled":true,"jetpack_social_post_already_shared":true,"jetpack_social_options":{"image_generator_settings":{"template":"highway","default_image_id":0,"font":"","enabled":false},"version":2},"_wpas_customize_per_network":false,"jetpack_post_was_ever_published":false},"categories":[36947,91066845],"tags":[],"class_list":["post-9246","post","type-post","status-publish","format-standard","has-post-thumbnail","hentry","category-curso","category-online-curso"],"jetpack_publicize_connections":[],"jetpack_featured_media_url":"https:\/\/i0.wp.com\/diariodegarca.com\/wp-content\/uploads\/2025\/12\/emocoes-reais-durante-partida-de-futebol-na-tv.jpg?fit=7215%2C4591&ssl=1","jetpack_likes_enabled":true,"jetpack_sharing_enabled":true,"jetpack_shortlink":"https:\/\/wp.me\/pgitne-2p8","jetpack-related-posts":[{"id":10219,"url":"https:\/\/diariodegarca.com\/?p=10219","url_meta":{"origin":9246,"position":0},"title":"Procon-SP oferece palestra online sobre os riscos e direitos em jogos de aposta","author":"Di\u00e1rio de Gar\u00e7a","date":"24 de janeiro de 2026","format":false,"excerpt":"A palestra online \"Jogos e Apostas\", promovida pela Funda\u00e7\u00e3o Procon-SP em 26 de fevereiro, orientar\u00e1 consumidores sobre riscos do mercado de apostas e direitos previstos no C\u00f3digo de Defesa do Consumidor.","rel":"","context":"Em &quot;Curso&quot;","block_context":{"text":"Curso","link":"https:\/\/diariodegarca.com\/?cat=36947"},"img":{"alt_text":"","src":"https:\/\/i0.wp.com\/diariodegarca.com\/wp-content\/uploads\/2025\/12\/emocoes-reais-durante-partida-de-futebol-na-tv.jpg?fit=1200%2C764&ssl=1&resize=350%2C200","width":350,"height":200,"srcset":"https:\/\/i0.wp.com\/diariodegarca.com\/wp-content\/uploads\/2025\/12\/emocoes-reais-durante-partida-de-futebol-na-tv.jpg?fit=1200%2C764&ssl=1&resize=350%2C200 1x, https:\/\/i0.wp.com\/diariodegarca.com\/wp-content\/uploads\/2025\/12\/emocoes-reais-durante-partida-de-futebol-na-tv.jpg?fit=1200%2C764&ssl=1&resize=525%2C300 1.5x, https:\/\/i0.wp.com\/diariodegarca.com\/wp-content\/uploads\/2025\/12\/emocoes-reais-durante-partida-de-futebol-na-tv.jpg?fit=1200%2C764&ssl=1&resize=700%2C400 2x, https:\/\/i0.wp.com\/diariodegarca.com\/wp-content\/uploads\/2025\/12\/emocoes-reais-durante-partida-de-futebol-na-tv.jpg?fit=1200%2C764&ssl=1&resize=1050%2C600 3x"},"classes":[]},{"id":9252,"url":"https:\/\/diariodegarca.com\/?p=9252","url_meta":{"origin":9246,"position":1},"title":"Palestra online gratuita desvenda como a era digital transforma as rela\u00e7\u00f5es de consumo","author":"Andreza Sega","date":"10 de dezembro de 2025","format":false,"excerpt":"Evento gratuito no dia 12 de dezembro, promovido pelo Procon-SP, analisa a influ\u00eancia da tecnologia nas decis\u00f5es de compra, os riscos cibern\u00e9ticos e os direitos do consumidor nas transa\u00e7\u00f5es online. A revolu\u00e7\u00e3o digital, iniciada nas d\u00e9cadas finais do s\u00e9culo XX, redefiniu radicalmente a sociedade - e, com ela, a forma\u2026","rel":"","context":"Em &quot;Curso&quot;","block_context":{"text":"Curso","link":"https:\/\/diariodegarca.com\/?cat=36947"},"img":{"alt_text":"","src":"https:\/\/i0.wp.com\/diariodegarca.com\/wp-content\/uploads\/2025\/11\/pares-que-olham-o-preco-de-roupas.jpg?fit=1200%2C800&ssl=1&resize=350%2C200","width":350,"height":200,"srcset":"https:\/\/i0.wp.com\/diariodegarca.com\/wp-content\/uploads\/2025\/11\/pares-que-olham-o-preco-de-roupas.jpg?fit=1200%2C800&ssl=1&resize=350%2C200 1x, https:\/\/i0.wp.com\/diariodegarca.com\/wp-content\/uploads\/2025\/11\/pares-que-olham-o-preco-de-roupas.jpg?fit=1200%2C800&ssl=1&resize=525%2C300 1.5x, https:\/\/i0.wp.com\/diariodegarca.com\/wp-content\/uploads\/2025\/11\/pares-que-olham-o-preco-de-roupas.jpg?fit=1200%2C800&ssl=1&resize=700%2C400 2x, https:\/\/i0.wp.com\/diariodegarca.com\/wp-content\/uploads\/2025\/11\/pares-que-olham-o-preco-de-roupas.jpg?fit=1200%2C800&ssl=1&resize=1050%2C600 3x"},"classes":[]},{"id":9238,"url":"https:\/\/diariodegarca.com\/?p=9238","url_meta":{"origin":9246,"position":2},"title":"Procon-SP oferece palestra gratuita de educa\u00e7\u00e3o financeira para consumidores nesta semana","author":"Andreza Sega","date":"1 de dezembro de 2025","format":false,"excerpt":"Com foco no combate ao superendividamento, evento online e gratuito ocorre na quarta-feira e aborda desde or\u00e7amento dom\u00e9stico at\u00e9 aspectos emocionais do consumo. Diante do aumento do cr\u00e9dito para jovens e consumidores de baixa renda, e dos consequentes riscos de descontrole financeiro, a Funda\u00e7\u00e3o Procon-SP promove nesta semana uma palestra\u2026","rel":"","context":"Em &quot;Curso&quot;","block_context":{"text":"Curso","link":"https:\/\/diariodegarca.com\/?cat=36947"},"img":{"alt_text":"","src":"https:\/\/i0.wp.com\/diariodegarca.com\/wp-content\/uploads\/2025\/08\/homem-sorridente-durante-compras-online-em-casa.jpg?fit=1200%2C800&ssl=1&resize=350%2C200","width":350,"height":200,"srcset":"https:\/\/i0.wp.com\/diariodegarca.com\/wp-content\/uploads\/2025\/08\/homem-sorridente-durante-compras-online-em-casa.jpg?fit=1200%2C800&ssl=1&resize=350%2C200 1x, https:\/\/i0.wp.com\/diariodegarca.com\/wp-content\/uploads\/2025\/08\/homem-sorridente-durante-compras-online-em-casa.jpg?fit=1200%2C800&ssl=1&resize=525%2C300 1.5x, https:\/\/i0.wp.com\/diariodegarca.com\/wp-content\/uploads\/2025\/08\/homem-sorridente-durante-compras-online-em-casa.jpg?fit=1200%2C800&ssl=1&resize=700%2C400 2x, https:\/\/i0.wp.com\/diariodegarca.com\/wp-content\/uploads\/2025\/08\/homem-sorridente-durante-compras-online-em-casa.jpg?fit=1200%2C800&ssl=1&resize=1050%2C600 3x"},"classes":[]},{"id":9241,"url":"https:\/\/diariodegarca.com\/?p=9241","url_meta":{"origin":9246,"position":3},"title":"Procon-SP oferece palestra online gratuita sobre &#8220;Armadilhas do Consumo&#8221;","author":"Andreza Sega","date":"3 de dezembro de 2025","format":false,"excerpt":"Baseada na Economia Comportamental, iniciativa revela t\u00e1ticas de marketing que influenciam decis\u00f5es de compra e ensina como fazer escolhas mais conscientes. A Funda\u00e7\u00e3o Procon-SP promove, no dia 5 de dezembro, sexta-feira, uma edi\u00e7\u00e3o online e gratuita da palestra\u00a0\u201cArmadilhas do Consumo\u201d. O evento, que ocorrer\u00e1 das 14h \u00e0s 15h30, tem como\u2026","rel":"","context":"Em &quot;Curso&quot;","block_context":{"text":"Curso","link":"https:\/\/diariodegarca.com\/?cat=36947"},"img":{"alt_text":"","src":"https:\/\/i0.wp.com\/diariodegarca.com\/wp-content\/uploads\/2025\/12\/mulher-feliz-e-sorridente-em-uma-camisa-rosa-no-sofa-em-casa-entre-sacolas-coloridas-segurando-um-cartao-de-credito-e-pagando-online-no-laptop.jpg?fit=1200%2C747&ssl=1&resize=350%2C200","width":350,"height":200,"srcset":"https:\/\/i0.wp.com\/diariodegarca.com\/wp-content\/uploads\/2025\/12\/mulher-feliz-e-sorridente-em-uma-camisa-rosa-no-sofa-em-casa-entre-sacolas-coloridas-segurando-um-cartao-de-credito-e-pagando-online-no-laptop.jpg?fit=1200%2C747&ssl=1&resize=350%2C200 1x, https:\/\/i0.wp.com\/diariodegarca.com\/wp-content\/uploads\/2025\/12\/mulher-feliz-e-sorridente-em-uma-camisa-rosa-no-sofa-em-casa-entre-sacolas-coloridas-segurando-um-cartao-de-credito-e-pagando-online-no-laptop.jpg?fit=1200%2C747&ssl=1&resize=525%2C300 1.5x, https:\/\/i0.wp.com\/diariodegarca.com\/wp-content\/uploads\/2025\/12\/mulher-feliz-e-sorridente-em-uma-camisa-rosa-no-sofa-em-casa-entre-sacolas-coloridas-segurando-um-cartao-de-credito-e-pagando-online-no-laptop.jpg?fit=1200%2C747&ssl=1&resize=700%2C400 2x, https:\/\/i0.wp.com\/diariodegarca.com\/wp-content\/uploads\/2025\/12\/mulher-feliz-e-sorridente-em-uma-camisa-rosa-no-sofa-em-casa-entre-sacolas-coloridas-segurando-um-cartao-de-credito-e-pagando-online-no-laptop.jpg?fit=1200%2C747&ssl=1&resize=1050%2C600 3x"},"classes":[]},{"id":6606,"url":"https:\/\/diariodegarca.com\/?p=6606","url_meta":{"origin":9246,"position":4},"title":"Procon-SP far\u00e1 palestra on-line sobre orienta\u00e7\u00e3o financeira para evitar endividamento","author":"Di\u00e1rio de Gar\u00e7a","date":"10 de setembro de 2025","format":false,"excerpt":"Evento virtual, na quinta-feira (11), ensina consumidores a organizarem o or\u00e7amento, entenderem os tipos de cr\u00e9dito e praticarem o consumo consciente. A Funda\u00e7\u00e3o Procon-SP realizar\u00e1, nesta quinta-feira, 11 de setembro, uma palestra online e gratuita sobre \"Orienta\u00e7\u00e3o Financeira\". O evento, que come\u00e7a \u00e0s 14h, tem como objetivo capacitar consumidores, jovens\u2026","rel":"","context":"Em &quot;Online&quot;","block_context":{"text":"Online","link":"https:\/\/diariodegarca.com\/?cat=91066845"},"img":{"alt_text":"","src":"https:\/\/i0.wp.com\/diariodegarca.com\/wp-content\/uploads\/2025\/06\/personal-shopper-no-escritorio-com-o-cliente.jpg?fit=1200%2C800&ssl=1&resize=350%2C200","width":350,"height":200,"srcset":"https:\/\/i0.wp.com\/diariodegarca.com\/wp-content\/uploads\/2025\/06\/personal-shopper-no-escritorio-com-o-cliente.jpg?fit=1200%2C800&ssl=1&resize=350%2C200 1x, https:\/\/i0.wp.com\/diariodegarca.com\/wp-content\/uploads\/2025\/06\/personal-shopper-no-escritorio-com-o-cliente.jpg?fit=1200%2C800&ssl=1&resize=525%2C300 1.5x, https:\/\/i0.wp.com\/diariodegarca.com\/wp-content\/uploads\/2025\/06\/personal-shopper-no-escritorio-com-o-cliente.jpg?fit=1200%2C800&ssl=1&resize=700%2C400 2x, https:\/\/i0.wp.com\/diariodegarca.com\/wp-content\/uploads\/2025\/06\/personal-shopper-no-escritorio-com-o-cliente.jpg?fit=1200%2C800&ssl=1&resize=1050%2C600 3x"},"classes":[]},{"id":3542,"url":"https:\/\/diariodegarca.com\/?p=3542","url_meta":{"origin":9246,"position":5},"title":"Procon-SP oferece palestra gratuita sobre direitos na era virtual","author":"Di\u00e1rio de Gar\u00e7a","date":"29 de maio de 2025","format":false,"excerpt":"Evento online discute os desafios e prote\u00e7\u00f5es do consumidor em transa\u00e7\u00f5es digitais, com inscri\u00e7\u00f5es abertas at\u00e9 30 de junho. A Funda\u00e7\u00e3o Procon-SP, por meio da Escola de Prote\u00e7\u00e3o e Defesa do Consumidor, promove no dia\u00a030 de junho, \u00e0s\u00a014h, a palestra online e gratuita\u00a0\"Rela\u00e7\u00f5es de Consumo na Era Digital\". O evento,\u2026","rel":"","context":"Em &quot;Curso&quot;","block_context":{"text":"Curso","link":"https:\/\/diariodegarca.com\/?cat=36947"},"img":{"alt_text":"","src":"","width":0,"height":0},"classes":[]}],"_links":{"self":[{"href":"https:\/\/diariodegarca.com\/index.php?rest_route=\/wp\/v2\/posts\/9246","targetHints":{"allow":["GET"]}}],"collection":[{"href":"https:\/\/diariodegarca.com\/index.php?rest_route=\/wp\/v2\/posts"}],"about":[{"href":"https:\/\/diariodegarca.com\/index.php?rest_route=\/wp\/v2\/types\/post"}],"author":[{"embeddable":true,"href":"https:\/\/diariodegarca.com\/index.php?rest_route=\/wp\/v2\/users\/260896548"}],"replies":[{"embeddable":true,"href":"https:\/\/diariodegarca.com\/index.php?rest_route=%2Fwp%2Fv2%2Fcomments&post=9246"}],"version-history":[{"count":4,"href":"https:\/\/diariodegarca.com\/index.php?rest_route=\/wp\/v2\/posts\/9246\/revisions"}],"predecessor-version":[{"id":9251,"href":"https:\/\/diariodegarca.com\/index.php?rest_route=\/wp\/v2\/posts\/9246\/revisions\/9251"}],"wp:featuredmedia":[{"embeddable":true,"href":"https:\/\/diariodegarca.com\/index.php?rest_route=\/wp\/v2\/media\/9247"}],"wp:attachment":[{"href":"https:\/\/diariodegarca.com\/index.php?rest_route=%2Fwp%2Fv2%2Fmedia&parent=9246"}],"wp:term":[{"taxonomy":"category","embeddable":true,"href":"https:\/\/diariodegarca.com\/index.php?rest_route=%2Fwp%2Fv2%2Fcategories&post=9246"},{"taxonomy":"post_tag","embeddable":true,"href":"https:\/\/diariodegarca.com\/index.php?rest_route=%2Fwp%2Fv2%2Ftags&post=9246"}],"curies":[{"name":"wp","href":"https:\/\/api.w.org\/{rel}","templated":true}]}}