{"id":9252,"date":"2025-12-10T08:28:00","date_gmt":"2025-12-10T11:28:00","guid":{"rendered":"https:\/\/diariodegarca.com\/?p=9252"},"modified":"2025-12-10T16:12:30","modified_gmt":"2025-12-10T19:12:30","slug":"palestra-online-gratuita-desvenda-como-a-era-digital-transforma-as-relacoes-de-consumo","status":"publish","type":"post","link":"https:\/\/diariodegarca.com\/?p=9252","title":{"rendered":"Palestra online gratuita desvenda como a era digital transforma as rela\u00e7\u00f5es de consumo"},"content":{"rendered":"\n<p class=\"wp-block-paragraph\"><em>Evento gratuito no dia 12 de dezembro, promovido pelo Procon-SP, analisa a influ\u00eancia da tecnologia nas decis\u00f5es de compra, os riscos cibern\u00e9ticos e os direitos do consumidor nas transa\u00e7\u00f5es online.<\/em><\/p>\n\n\n\n<p class=\"wp-block-paragraph\">A revolu\u00e7\u00e3o digital, iniciada nas d\u00e9cadas finais do s\u00e9culo XX, redefiniu radicalmente a sociedade &#8211; e, com ela, a forma como consumimos. Para decifrar este novo cen\u00e1rio e empoderar o cidad\u00e3o, ser\u00e1 realizada no dia\u00a0<strong>12 de dezembro<\/strong>\u00a0a palestra online\u00a0<strong>&#8220;Rela\u00e7\u00f5es e Consumo na Era Digital&#8221;<\/strong>.<\/p>\n\n\n\n<p class=\"wp-block-paragraph\">A palestra ter\u00e1 dura\u00e7\u00e3o de duas horas, das 14h \u00e0s 16h, tem inscri\u00e7\u00e3o gratuita e individual, e busca responder a quest\u00f5es como as empresas capturam e utilizam nossos h\u00e1bitos e desejos online? Quais s\u00e3o os principais problemas de compras e servi\u00e7os adquiridos pela internet? Como se proteger de amea\u00e7as cibern\u00e9ticas e publicidades dirigidas?<\/p>\n\n\n\n<p class=\"wp-block-paragraph\">A palestra promete um mergulho informativo, abordando desde as estrat\u00e9gias de indu\u00e7\u00e3o ao consumo baseadas no rastreamento do comportamento digital at\u00e9 o arcabou\u00e7o legal brasileiro que ampara o consumidor nas transa\u00e7\u00f5es digitais. O objetivo \u00e9 fornecer ferramentas para navegar com mais seguran\u00e7a e consci\u00eancia no vasto, e por vezes complexo, oceano do consumo online.<\/p>\n\n\n\n<p class=\"wp-block-paragraph\">Os participantes que se inscreverem antecipadamente, pelo link <a href=\"https:\/\/www.procon.sp.gov.br\/palestras\/\">procon.sp.gov.br\/palestras\/<\/a>, ter\u00e3o direito a material extra sobre o tema, que ser\u00e1 disponibilizado para download. Durante a transmiss\u00e3o, os interessados poder\u00e3o solicitar um certificado de participa\u00e7\u00e3o, que ser\u00e1 emitido em at\u00e9 cinco dias \u00fateis.<\/p>\n\n\n\n<p class=\"wp-block-paragraph\">A transmiss\u00e3o ao vivo ocorrer\u00e1 via plataforma Microsoft Teams, acess\u00edvel por computador, tablet ou celular, sem necessidade de baixar o aplicativo. A palestra tamb\u00e9m poder\u00e1 ser exibida simult\u00e2nea nas redes sociais do Procon-SP (Facebook e Instagram), mas nessas plataformas\u00a0<em>n\u00e3o<\/em>\u00a0ficar\u00e1 dispon\u00edvel para consulta posterior e\u00a0<em>n\u00e3o<\/em>\u00a0dar\u00e1 direito \u00e0 solicita\u00e7\u00e3o do certificado.<\/p>\n\n\n\n<p class=\"wp-block-paragraph\">Para garantir a participa\u00e7\u00e3o com acesso a todos os benef\u00edcios, a inscri\u00e7\u00e3o deve ser feita at\u00e9 as 23h59 do dia 11 de dezembro.<\/p>\n","protected":false},"excerpt":{"rendered":"<p>Evento gratuito no dia 12 de dezembro, promovido pelo Procon-SP, analisa a influ\u00eancia da tecnologia nas decis\u00f5es de compra, os riscos cibern\u00e9ticos e os direitos do consumidor nas transa\u00e7\u00f5es online. A revolu\u00e7\u00e3o digital, iniciada nas d\u00e9cadas finais do s\u00e9culo XX, redefiniu radicalmente a sociedade &#8211; e, com ela, a forma como consumimos. Para decifrar este [&hellip;]<\/p>\n","protected":false},"author":260896548,"featured_media":8524,"comment_status":"open","ping_status":"open","sticky":false,"template":"","format":"standard","meta":{"_crdt_document":"","_monsterinsights_skip_tracking":false,"_monsterinsights_sitenote_active":false,"_monsterinsights_sitenote_note":"","_monsterinsights_sitenote_category":0,"advanced_seo_description":"Participe da palestra online gratuita 'Rela\u00e7\u00f5es e Consumo na Era Digital' e aprenda sobre consumo consciente e seguran\u00e7a digital no dia 12\/12.","jetpack_seo_html_title":"Palestra Gratuita: Rela\u00e7\u00f5es e Consumo na Era Digital","jetpack_seo_noindex":false,"_jetpack_newsletter_access":"","_jetpack_dont_email_post_to_subs":false,"_jetpack_newsletter_tier_id":0,"_jetpack_memberships_contains_paywalled_content":false,"_jetpack_memberships_contains_paid_content":false,"footnotes":"","jetpack_publicize_message":"\ud83d\udd0d Voc\u00ea sabe quem observa seus h\u00e1bitos online?\n\nA palestra gratuita \"Rela\u00e7\u00f5es e Consumo na Era Digital\", no dia 12\/12, desvenda como a tecnologia molda suas decis\u00f5es de compra. Promovida pelo Procon-SP, a palestra abordar\u00e1 as rela\u00e7\u00f5es de consumo na era digital, com vasto material. \n\n\ud83d\udc49 Link para inscri\u00e7\u00e3o e informa\u00e7\u00f5es completas no nosso site, diariodegarca.com.\n\n#ConsumoDigital #DireitoDoConsumidor #ProconSP #PalestraOnline #EraDigital #Seguran\u00e7aOnline #Educa\u00e7\u00e3oParaOConsumo","jetpack_publicize_feature_enabled":true,"jetpack_social_post_already_shared":true,"jetpack_social_options":{"image_generator_settings":{"template":"highway","default_image_id":0,"font":"","enabled":false},"version":2},"_wpas_customize_per_network":false,"jetpack_post_was_ever_published":false},"categories":[36947,91066845],"tags":[],"class_list":["post-9252","post","type-post","status-publish","format-standard","has-post-thumbnail","hentry","category-curso","category-online-curso"],"jetpack_publicize_connections":[],"jetpack_featured_media_url":"https:\/\/i0.wp.com\/diariodegarca.com\/wp-content\/uploads\/2025\/11\/pares-que-olham-o-preco-de-roupas.jpg?fit=5760%2C3840&ssl=1","jetpack_likes_enabled":true,"jetpack_sharing_enabled":true,"jetpack_shortlink":"https:\/\/wp.me\/pgitne-2pe","jetpack-related-posts":[{"id":4248,"url":"https:\/\/diariodegarca.com\/?p=4248","url_meta":{"origin":9252,"position":0},"title":"Procon-SP promove palestra online sobre rela\u00e7\u00f5es de consumo na era digital","author":"Di\u00e1rio de Gar\u00e7a","date":"25 de junho de 2025","format":false,"excerpt":"Evento gratuito abordar\u00e1 influ\u00eancia da internet nas decis\u00f5es de compra, publicidade personalizada e direitos do consumidor em transa\u00e7\u00f5es online. Nesta quinta-feira, 26 de junho de 2025, o Procon-SP realizar\u00e1 a palestra online\u00a0\"Rela\u00e7\u00f5es de Consumo na Era Digital\", das 14h \u00e0s 16h, via Microsoft Teams. O evento, que tamb\u00e9m ser\u00e1 transmitido\u2026","rel":"","context":"Em &quot;Curso&quot;","block_context":{"text":"Curso","link":"https:\/\/diariodegarca.com\/?cat=36947"},"img":{"alt_text":"","src":"","width":0,"height":0},"classes":[]},{"id":4922,"url":"https:\/\/diariodegarca.com\/?p=4922","url_meta":{"origin":9252,"position":1},"title":"Procon-SP discute desafios do consumo na era digital em palestra online gratuita","author":"Di\u00e1rio de Gar\u00e7a","date":"23 de julho de 2025","format":false,"excerpt":"Evento aborda como empresas usam dados e tecnologia para influenciar compras online e ensina como se proteger; inscri\u00e7\u00f5es abertas at\u00e9 31 de julho. A Funda\u00e7\u00e3o Procon-SP promove no pr\u00f3ximo\u00a031 de julho de 2025\u00a0a palestra\u00a0\"Rela\u00e7\u00f5es e Consumo na Era Digital\", que visa esclarecer como a tecnologia tem transformado os h\u00e1bitos de\u2026","rel":"","context":"Em &quot;Curso&quot;","block_context":{"text":"Curso","link":"https:\/\/diariodegarca.com\/?cat=36947"},"img":{"alt_text":"","src":"https:\/\/i0.wp.com\/diariodegarca.com\/wp-content\/uploads\/2025\/07\/mulher-feliz-que-esta-com-sacos-de-compras-smartphone-e-cartao-de-credito-fora.jpg?fit=1200%2C801&ssl=1&resize=350%2C200","width":350,"height":200,"srcset":"https:\/\/i0.wp.com\/diariodegarca.com\/wp-content\/uploads\/2025\/07\/mulher-feliz-que-esta-com-sacos-de-compras-smartphone-e-cartao-de-credito-fora.jpg?fit=1200%2C801&ssl=1&resize=350%2C200 1x, https:\/\/i0.wp.com\/diariodegarca.com\/wp-content\/uploads\/2025\/07\/mulher-feliz-que-esta-com-sacos-de-compras-smartphone-e-cartao-de-credito-fora.jpg?fit=1200%2C801&ssl=1&resize=525%2C300 1.5x, https:\/\/i0.wp.com\/diariodegarca.com\/wp-content\/uploads\/2025\/07\/mulher-feliz-que-esta-com-sacos-de-compras-smartphone-e-cartao-de-credito-fora.jpg?fit=1200%2C801&ssl=1&resize=700%2C400 2x, https:\/\/i0.wp.com\/diariodegarca.com\/wp-content\/uploads\/2025\/07\/mulher-feliz-que-esta-com-sacos-de-compras-smartphone-e-cartao-de-credito-fora.jpg?fit=1200%2C801&ssl=1&resize=1050%2C600 3x"},"classes":[]},{"id":3542,"url":"https:\/\/diariodegarca.com\/?p=3542","url_meta":{"origin":9252,"position":2},"title":"Procon-SP oferece palestra gratuita sobre direitos na era virtual","author":"Di\u00e1rio de Gar\u00e7a","date":"29 de maio de 2025","format":false,"excerpt":"Evento online discute os desafios e prote\u00e7\u00f5es do consumidor em transa\u00e7\u00f5es digitais, com inscri\u00e7\u00f5es abertas at\u00e9 30 de junho. A Funda\u00e7\u00e3o Procon-SP, por meio da Escola de Prote\u00e7\u00e3o e Defesa do Consumidor, promove no dia\u00a030 de junho, \u00e0s\u00a014h, a palestra online e gratuita\u00a0\"Rela\u00e7\u00f5es de Consumo na Era Digital\". O evento,\u2026","rel":"","context":"Em &quot;Curso&quot;","block_context":{"text":"Curso","link":"https:\/\/diariodegarca.com\/?cat=36947"},"img":{"alt_text":"","src":"","width":0,"height":0},"classes":[]},{"id":2286,"url":"https:\/\/diariodegarca.com\/?p=2286","url_meta":{"origin":9252,"position":3},"title":"Palestra do Procon-SP discute Rela\u00e7\u00f5es de Consumo na Era Digital de forma on-line","author":"Di\u00e1rio de Gar\u00e7a","date":"24 de abril de 2025","format":false,"excerpt":"A evolu\u00e7\u00e3o tecnol\u00f3gica transformou profundamente a forma como as pessoas consomem, trazendo conveni\u00eancia, mas tamb\u00e9m novos desafios. Para debater esse cen\u00e1rio, o Procon-SP promove a palestra on-line\u00a0\"Rela\u00e7\u00f5es de Consumo na Era Digital\", que aborda os impactos das novas tecnologias nas decis\u00f5es de compra e os principais problemas enfrentados pelos consumidores\u2026","rel":"","context":"Em &quot;Brasil&quot;","block_context":{"text":"Brasil","link":"https:\/\/diariodegarca.com\/?cat=38185"},"img":{"alt_text":"","src":"https:\/\/i0.wp.com\/blogger.googleusercontent.com\/img\/b\/R29vZ2xl\/AVvXsEhCAv_pdL9u5jq8o2y7ABuZtPomN1-QfUcceFFERZFvudTk9ta-Ei0N7XFPoX-i9-ndLmnlA44EQbuFeVJjiM7Q6AilY8nswdutoNPVTpEaiEpesxdSHFCjvqUVJxtAlfp3gIdH5_Npo9_20kYuq4dBKM9z6C8hhgw2_iZRvpVUvLQMwtV78RYQMTv4oiU\/s320\/high-angle-shopping-couple-holding-tablet.jpg?resize=350%2C200&ssl=1","width":350,"height":200},"classes":[]},{"id":9020,"url":"https:\/\/diariodegarca.com\/?p=9020","url_meta":{"origin":9252,"position":4},"title":"Procon-SP oferece palestra online e gratuita sobre Direitos do Consumidor na Era Digital","author":"Andreza Sega","date":"25 de novembro de 2025","format":false,"excerpt":"Evento abordar\u00e1 como a internet e a coleta de dados influenciam as escolhas de consumo e quais s\u00e3o os direitos nas transa\u00e7\u00f5es online. O Procon-SP promover\u00e1, na pr\u00f3xima quinta-feira, 27 de novembro, uma palestra online e gratuita com o tema \"Rela\u00e7\u00f5es e Consumo na Era Digital\". O evento, que ocorrer\u00e1\u2026","rel":"","context":"Em &quot;Curso&quot;","block_context":{"text":"Curso","link":"https:\/\/diariodegarca.com\/?cat=36947"},"img":{"alt_text":"","src":"https:\/\/i0.wp.com\/diariodegarca.com\/wp-content\/uploads\/2025\/11\/menina-loira-sentada-no-carrinho-sorrindo.jpg?fit=1200%2C801&ssl=1&resize=350%2C200","width":350,"height":200,"srcset":"https:\/\/i0.wp.com\/diariodegarca.com\/wp-content\/uploads\/2025\/11\/menina-loira-sentada-no-carrinho-sorrindo.jpg?fit=1200%2C801&ssl=1&resize=350%2C200 1x, https:\/\/i0.wp.com\/diariodegarca.com\/wp-content\/uploads\/2025\/11\/menina-loira-sentada-no-carrinho-sorrindo.jpg?fit=1200%2C801&ssl=1&resize=525%2C300 1.5x, https:\/\/i0.wp.com\/diariodegarca.com\/wp-content\/uploads\/2025\/11\/menina-loira-sentada-no-carrinho-sorrindo.jpg?fit=1200%2C801&ssl=1&resize=700%2C400 2x, https:\/\/i0.wp.com\/diariodegarca.com\/wp-content\/uploads\/2025\/11\/menina-loira-sentada-no-carrinho-sorrindo.jpg?fit=1200%2C801&ssl=1&resize=1050%2C600 3x"},"classes":[]},{"id":9241,"url":"https:\/\/diariodegarca.com\/?p=9241","url_meta":{"origin":9252,"position":5},"title":"Procon-SP oferece palestra online gratuita sobre &#8220;Armadilhas do Consumo&#8221;","author":"Andreza Sega","date":"3 de dezembro de 2025","format":false,"excerpt":"Baseada na Economia Comportamental, iniciativa revela t\u00e1ticas de marketing que influenciam decis\u00f5es de compra e ensina como fazer escolhas mais conscientes. A Funda\u00e7\u00e3o Procon-SP promove, no dia 5 de dezembro, sexta-feira, uma edi\u00e7\u00e3o online e gratuita da palestra\u00a0\u201cArmadilhas do Consumo\u201d. O evento, que ocorrer\u00e1 das 14h \u00e0s 15h30, tem como\u2026","rel":"","context":"Em &quot;Curso&quot;","block_context":{"text":"Curso","link":"https:\/\/diariodegarca.com\/?cat=36947"},"img":{"alt_text":"","src":"https:\/\/i0.wp.com\/diariodegarca.com\/wp-content\/uploads\/2025\/12\/mulher-feliz-e-sorridente-em-uma-camisa-rosa-no-sofa-em-casa-entre-sacolas-coloridas-segurando-um-cartao-de-credito-e-pagando-online-no-laptop.jpg?fit=1200%2C747&ssl=1&resize=350%2C200","width":350,"height":200,"srcset":"https:\/\/i0.wp.com\/diariodegarca.com\/wp-content\/uploads\/2025\/12\/mulher-feliz-e-sorridente-em-uma-camisa-rosa-no-sofa-em-casa-entre-sacolas-coloridas-segurando-um-cartao-de-credito-e-pagando-online-no-laptop.jpg?fit=1200%2C747&ssl=1&resize=350%2C200 1x, https:\/\/i0.wp.com\/diariodegarca.com\/wp-content\/uploads\/2025\/12\/mulher-feliz-e-sorridente-em-uma-camisa-rosa-no-sofa-em-casa-entre-sacolas-coloridas-segurando-um-cartao-de-credito-e-pagando-online-no-laptop.jpg?fit=1200%2C747&ssl=1&resize=525%2C300 1.5x, https:\/\/i0.wp.com\/diariodegarca.com\/wp-content\/uploads\/2025\/12\/mulher-feliz-e-sorridente-em-uma-camisa-rosa-no-sofa-em-casa-entre-sacolas-coloridas-segurando-um-cartao-de-credito-e-pagando-online-no-laptop.jpg?fit=1200%2C747&ssl=1&resize=700%2C400 2x, https:\/\/i0.wp.com\/diariodegarca.com\/wp-content\/uploads\/2025\/12\/mulher-feliz-e-sorridente-em-uma-camisa-rosa-no-sofa-em-casa-entre-sacolas-coloridas-segurando-um-cartao-de-credito-e-pagando-online-no-laptop.jpg?fit=1200%2C747&ssl=1&resize=1050%2C600 3x"},"classes":[]}],"_links":{"self":[{"href":"https:\/\/diariodegarca.com\/index.php?rest_route=\/wp\/v2\/posts\/9252","targetHints":{"allow":["GET"]}}],"collection":[{"href":"https:\/\/diariodegarca.com\/index.php?rest_route=\/wp\/v2\/posts"}],"about":[{"href":"https:\/\/diariodegarca.com\/index.php?rest_route=\/wp\/v2\/types\/post"}],"author":[{"embeddable":true,"href":"https:\/\/diariodegarca.com\/index.php?rest_route=\/wp\/v2\/users\/260896548"}],"replies":[{"embeddable":true,"href":"https:\/\/diariodegarca.com\/index.php?rest_route=%2Fwp%2Fv2%2Fcomments&post=9252"}],"version-history":[{"count":2,"href":"https:\/\/diariodegarca.com\/index.php?rest_route=\/wp\/v2\/posts\/9252\/revisions"}],"predecessor-version":[{"id":9254,"href":"https:\/\/diariodegarca.com\/index.php?rest_route=\/wp\/v2\/posts\/9252\/revisions\/9254"}],"wp:featuredmedia":[{"embeddable":true,"href":"https:\/\/diariodegarca.com\/index.php?rest_route=\/wp\/v2\/media\/8524"}],"wp:attachment":[{"href":"https:\/\/diariodegarca.com\/index.php?rest_route=%2Fwp%2Fv2%2Fmedia&parent=9252"}],"wp:term":[{"taxonomy":"category","embeddable":true,"href":"https:\/\/diariodegarca.com\/index.php?rest_route=%2Fwp%2Fv2%2Fcategories&post=9252"},{"taxonomy":"post_tag","embeddable":true,"href":"https:\/\/diariodegarca.com\/index.php?rest_route=%2Fwp%2Fv2%2Ftags&post=9252"}],"curies":[{"name":"wp","href":"https:\/\/api.w.org\/{rel}","templated":true}]}}