{"id":9259,"date":"2025-12-02T11:16:38","date_gmt":"2025-12-02T14:16:38","guid":{"rendered":"https:\/\/diariodegarca.com\/?p=9259"},"modified":"2025-12-03T17:01:46","modified_gmt":"2025-12-03T20:01:46","slug":"emendas-impositivas-vs-transporte-popular-camara-de-garca-trava-debate-acalorado-sobre-o-destino-de-r-28-milhoes","status":"publish","type":"post","link":"https:\/\/diariodegarca.com\/?p=9259","title":{"rendered":"Emendas impositivas vs. transporte Popular: C\u00e2mara de Gar\u00e7a trava debate acalorado sobre o destino de R$ 2,8 milh\u00f5es"},"content":{"rendered":"\n<p class=\"wp-block-paragraph\"><em>Em sess\u00e3o tensa, vereadores divergem sobre projeto que extingue as emendas de vereadores para supostamente subsidiar a tarifa de \u00f4nibus, reduzindo-a para R$ 2. Vota\u00e7\u00e3o foi adiada para a pr\u00f3xima semana, ap\u00f3s ampla discuss\u00e3o que exp\u00f4s lados da moeda: prioridade ao transporte coletivo ou manuten\u00e7\u00e3o de recursos para institui\u00e7\u00f5es.<\/em><\/p>\n\n\n\n<p class=\"wp-block-paragraph\">A 40\u00aa Sess\u00e3o Ordin\u00e1ria da C\u00e2mara Municipal de Gar\u00e7a, presidida pela vereadora&nbsp;<strong>Raquel Sartori<\/strong>, na noite de segunda-feira, 1\u00ba de dezembro, foi dominada por um \u00fanico e polarizador tema: o futuro das emendas impositivas dos vereadores e a poss\u00edvel cria\u00e7\u00e3o de um sistema de transporte p\u00fablico subsidiado. O debate, que se estendeu por grande parte do expediente, revelou um parlamento dividido entre a urg\u00eancia de um transporte acess\u00edvel e a defesa de um instrumento visto como vital para as institui\u00e7\u00f5es locais.<\/p>\n\n\n\n<p class=\"wp-block-paragraph\">A sess\u00e3o transcorreu normalmente em seus tr\u00e2mites iniciais, com a aprova\u00e7\u00e3o de projetos e a leitura de diversos requerimentos. O clima, no entanto, esquentou durante os pronunciamentos livres, quando o v\u00e9u da formalidade caiu e o projeto de lei que prop\u00f5e a extin\u00e7\u00e3o das emendas impositivas para custear um futuro transporte municipal, que supostamente traria a tarifa com o valor de R$ 2, tornou-se o centro das aten\u00e7\u00f5es.<\/p>\n\n\n\n<h3 class=\"wp-block-heading\">O projeto<\/h3>\n\n\n\n<p class=\"wp-block-paragraph\">A proposta, de autoria de sete vereadores (<strong>Paulo Andr\u00e9 Faneco<\/strong>,&nbsp;<strong>Raquel Sartori<\/strong>,&nbsp;<strong>Lico<\/strong>,&nbsp;<strong>Marcelo Zanotti<\/strong>,&nbsp;<strong>Marquinho Moreira<\/strong>,&nbsp;<strong>Verinha Venda Seca<\/strong>&nbsp;e&nbsp;<strong>Luizinho Barbeiro<\/strong>), n\u00e3o trata diretamente do transporte. Seu texto simplesmente revoga as emendas impositivas individuais. O elo com a mobilidade urbana vem de um of\u00edcio do Poder Executivo, que se comprometeu publicamente a, caso os recursos (estimados em R$ 2,8 milh\u00f5es) sejam liberados, implantar um sistema com &#8220;\u00f4nibus de qualidade, \u00f4nibus novos, acess\u00edveis, atendendo toda a cidade, inclusive Jafa, com uma tarifa popular de dois reais&#8221;, conforme detalhou&nbsp;<strong>Paulo Andr\u00e9 Faneco<\/strong>. Por\u00e9m, dados da licita\u00e7\u00e3o ainda em aberto mostram que o valor que a empresa ganhadora da licita\u00e7\u00e3o poder\u00e1 cobrar no mun\u00edcipio ser\u00e1 &#8220;<strong>o menor valor at\u00e9 R$ 5,50<\/strong>&#8220;, n\u00e3o h\u00e1 em todo o edital nenhuma men\u00e7\u00e3o sobre o suposto valor de R$2 da tarifa. <\/p>\n\n\n\n<p class=\"wp-block-paragraph\">Para os defensores da medida, \u00e9 uma troca necess\u00e1ria e um voto de confian\u00e7a na gest\u00e3o. &#8220;O or\u00e7amento do nosso munic\u00edpio hoje, ele est\u00e1 100% tomado para custeio. O or\u00e7amento de 2026 n\u00e3o tem um real nem para comprar uma impressora&#8221;, argumentou&nbsp;<strong>Paulo<\/strong>, l\u00edder do governo. Ele refor\u00e7ou que, sem as emendas, n\u00e3o haveria outra fonte vi\u00e1vel para o subs\u00eddio.&nbsp;<strong>Marquinho<\/strong>&nbsp;fez um apelo direto \u00e0 popula\u00e7\u00e3o: &#8220;Acredito que \u00e9 um tema muito importante da popula\u00e7\u00e3o estar presente na C\u00e2mara Municipal na pr\u00f3xima semana&#8230; para estar acompanhando de perto essa quest\u00e3o do transporte&#8221;.<\/p>\n\n\n\n<h3 class=\"wp-block-heading\">Oposi\u00e7\u00e3o: aponta a falta estudo e poss\u00edvel preju\u00edzo \u00e0s institui\u00e7\u00f5es<\/h3>\n\n\n\n<p class=\"wp-block-paragraph\">Do outro lado, vereadores expressaram apoio \u00e0 ideia de um transporte melhor e mais barato, mas recha\u00e7aram o m\u00e9todo e a fonte de custeio. O argumento mais t\u00e9cnico veio do&nbsp;<strong>Sargento Neri<\/strong>, que destacou a aus\u00eancia de um estudo de viabilidade. &#8220;A Lei 14.133\/2021&#8230; orienta um estudo t\u00e9cnico preliminar. E cad\u00ea esse estudo t\u00e9cnico?&#8230; \u00c9 um projeto a toque de caixa&#8221;, questionou. Ele pediu para que fosse mostrado no tel\u00e3o a resposta do prefeito sobre o tema, que confirma que n\u00e3o foi realizado estudo t\u00e9cnico, o que, para ele, torna o processo &#8220;temeroso&#8221;.<\/p>\n\n\n\n<p class=\"wp-block-paragraph\">A quest\u00e3o pr\u00e1tica tamb\u00e9m foi levantada.&nbsp;<strong>Leandro Marino<\/strong>&nbsp;e&nbsp;<strong>Elaine Oliveira<\/strong>&nbsp;ponderaram que as emendas s\u00e3o um recurso direto para demandas da sociedade civil. &#8220;Eu entendo que uma fra\u00e7\u00e3o do or\u00e7amento tem que ir para o transporte, mas n\u00e3o necessariamente sacrificando as emendas impositivas que&#8230; t\u00eam uma grande contribui\u00e7\u00e3o para as institui\u00e7\u00f5es da cidade&#8221;, disse&nbsp;<strong>Marino<\/strong>.&nbsp;<strong>Marcelo Miranda<\/strong>&nbsp;concordou: &#8220;Sou super a favor&#8230; mas, de certa forma, eu discordo&#8230; da fonte de custeio&#8221;.<\/p>\n\n\n\n<h3 class=\"wp-block-heading\">O imbr\u00f3glio jur\u00eddico e pol\u00edtico<\/h3>\n\n\n\n<p class=\"wp-block-paragraph\">O debate revelou um imbr\u00f3glio sobre o que, de fato, estava sendo votado. Enquanto a base governista insistia que era um &#8220;voto de confian\u00e7a&#8221; para viabilizar uma poss\u00edvel futura proposta do Executivo, a oposi\u00e7\u00e3o enxergava uma manobra para obter um &#8220;aval&#8221; sem um projeto concreto.&nbsp;<strong>Neri<\/strong>&nbsp;foi incisivo: &#8220;Essa narrativa de transporte \u00e9 conversa furada. O projeto \u00e9 s\u00f3 para cortar a emenda&#8230; est\u00e3o usando o parlamento para que se d\u00ea o aval para o prefeito fazer o que quer&#8221;.<\/p>\n\n\n\n<p class=\"wp-block-paragraph\"><strong>Paulo<\/strong>&nbsp;rebateu, lembrando a autoria do projeto: &#8220;O que n\u00f3s estamos votando aqui n\u00e3o tem nada de toque de caixa, porque \u00e9 um projeto que foi apresentado pela maioria dos vereadores desta casa&#8221;.<\/p>\n\n\n\n<h3 class=\"wp-block-heading\">Outras delibera\u00e7\u00f5es da sess\u00e3o<\/h3>\n\n\n\n<p class=\"wp-block-paragraph\">Antes do debate principal, a sess\u00e3o aprovou por unanimidade o Projeto de Lei 90\/2025, de&nbsp;<strong>Paulo Andr\u00e9 Faneco<\/strong> (Novo), que cria uma central virtual para ado\u00e7\u00e3o de c\u00e3es e gatos. Tamb\u00e9m foram encaminhados para comiss\u00f5es projetos que homenageiam a Cabo PM Selma Cristina Silva, falecida em servi\u00e7o, e o paisagista Nelson Koski Ishi Sato, propondo a denomina\u00e7\u00e3o do Jardim Oriental em seu nome.<\/p>\n\n\n\n<p class=\"wp-block-paragraph\">O vereador&nbsp;<strong>Lico<\/strong> (PP)&nbsp;comemorou a capta\u00e7\u00e3o de R$ 150 mil em emenda estadual da deputada Let\u00edcia Guiar, que somados a R$ 90 mil de sua emenda impositiva, custear\u00e3o a reforma dos banheiros do Complexo Esportivo Manoel Gouveia Chagas.<\/p>\n\n\n\n<p class=\"wp-block-paragraph\">A sess\u00e3o foi encerrada com a vota\u00e7\u00e3o do pol\u00eamico projeto ser\u00e1 votado na a pr\u00f3xima segunda-feira, deixando uma semana de intensa expectativa e press\u00e3o popular sobre os 13 vereadores, que ter\u00e3o de decidir entre dois caminhos distintos para o mesmo fim declarado: melhorar a vida do garcense.<\/p>\n","protected":false},"excerpt":{"rendered":"<p>Em sess\u00e3o tensa, vereadores divergem sobre projeto que extingue as emendas de vereadores para supostamente subsidiar a tarifa de \u00f4nibus, reduzindo-a para R$ 2. Vota\u00e7\u00e3o foi adiada para a pr\u00f3xima semana, ap\u00f3s ampla discuss\u00e3o que exp\u00f4s lados da moeda: prioridade ao transporte coletivo ou manuten\u00e7\u00e3o de recursos para institui\u00e7\u00f5es. A 40\u00aa Sess\u00e3o Ordin\u00e1ria da C\u00e2mara [&hellip;]<\/p>\n","protected":false},"author":260896548,"featured_media":8425,"comment_status":"open","ping_status":"open","sticky":false,"template":"","format":"standard","meta":{"_crdt_document":"","_monsterinsights_skip_tracking":false,"_monsterinsights_sitenote_active":false,"_monsterinsights_sitenote_note":"","_monsterinsights_sitenote_category":0,"advanced_seo_description":"Vereadores de Gar\u00e7a debatem projeto pol\u00eamico sobre emendas e transporte p\u00fablico. Vota\u00e7\u00e3o adiada gera expectativa na comunidade.","jetpack_seo_html_title":"Vereadores Debatem Extin\u00e7\u00e3o de Emendas para Tarifa de \u00d4nibus","jetpack_seo_noindex":false,"_jetpack_newsletter_access":"","_jetpack_dont_email_post_to_subs":false,"_jetpack_newsletter_tier_id":0,"_jetpack_memberships_contains_paywalled_content":false,"_jetpack_memberships_contains_paid_content":false,"footnotes":"","jetpack_publicize_message":"\ud83d\ude8c Debate acalorado na C\u00e2mara de Gar\u00e7a\n\nA sess\u00e3o desta segunda, 1\u00ba de dezembro, foi marcada por um embate sobre o futuro do transporte p\u00fablico e das emendas parlamentares.\n\nOs dois lados da moeda:\n\u27a1\ufe0f A Favor: 7 vereadores prop\u00f5em ACABAR com as emendas impositivas (R$ 2,8 mi) para supostamente subsidiar um futuro transporte com \u00f4nibus, com tarifa prometida de R$ 2. \n\u27a1\ufe0f Preocupa\u00e7\u00f5es: Outros vereadores s\u00e3o a favor do transporte mais barato e seguro, mas QUESTIONAM o m\u00e9todo. Alentando para:\n\u25aa\ufe0f Falta de estudo t\u00e9cnico pr\u00e9vio, exigido por lei.\n\u25aa\ufe0f Preju\u00edzo a institui\u00e7\u00f5es que dependem das emendas.\n\u25aa\ufe0f Risco de cortar a verba sem um projeto de transporte concreto em m\u00e3os.\n\nA vota\u00e7\u00e3o foi adiada para a pr\u00f3xima segunda-feira (8\/12). A decis\u00e3o final dos 13 vereadores promete ser tensa.\n\n\ud83d\udcf0 Quer entender toda a trama, com as falas completas dos vereadores?\nLeia a cobertura completa no Di\u00e1rio de Gar\u00e7a!\n\n#Gar\u00e7a #C\u00e2maraMunicipal #TransporteP\u00fablico #Pol\u00edtica #EmendasImpositivas #JornalismoLocal","jetpack_publicize_feature_enabled":true,"jetpack_social_post_already_shared":false,"jetpack_social_options":{"image_generator_settings":{"template":"highway","default_image_id":0,"font":"","enabled":false},"version":2},"_wpas_customize_per_network":false,"jetpack_post_was_ever_published":false},"categories":[781171664,781171847],"tags":[],"class_list":["post-9259","post","type-post","status-publish","format-standard","has-post-thumbnail","hentry","category-garca-cidade","category-politica"],"jetpack_publicize_connections":[],"jetpack_featured_media_url":"https:\/\/i0.wp.com\/diariodegarca.com\/wp-content\/uploads\/2025\/11\/camara.jpg?fit=2048%2C1369&ssl=1","jetpack_likes_enabled":true,"jetpack_sharing_enabled":true,"jetpack_shortlink":"https:\/\/wp.me\/pgitne-2pl","jetpack-related-posts":[{"id":9504,"url":"https:\/\/diariodegarca.com\/?p=9504","url_meta":{"origin":9259,"position":0},"title":"Emendas impositivas de Gar\u00e7a s\u00e3o aprovadas, com cena de uso pol\u00edtico da causa animal e votos contr\u00e1rios \u00e0 sa\u00fade e causas sociais","author":"Andreza Sega","date":"11 de dezembro de 2025","format":false,"excerpt":"Sess\u00e3o que definiu o or\u00e7amento de 2026 para Gar\u00e7a exp\u00f4s contradi\u00e7\u00f5es: enquanto maioria defendia verbas para sa\u00fade e entidades, vereador usa causa animal como palanque e vota contra investimentos sociais essenciais A C\u00e2mara Municipal de Gar\u00e7a aprovou na \u00faltima segunda-feira,\u00a08 de dezembro, em sess\u00e3o extensa, o or\u00e7amento p\u00fablico para 2026\u2026","rel":"","context":"Em &quot;Causa animal&quot;","block_context":{"text":"Causa animal","link":"https:\/\/diariodegarca.com\/?cat=26891317"},"img":{"alt_text":"","src":"https:\/\/i0.wp.com\/diariodegarca.com\/wp-content\/uploads\/2025\/12\/camara-garca-41-e1765481355991.jpg?fit=870%2C625&ssl=1&resize=350%2C200","width":350,"height":200,"srcset":"https:\/\/i0.wp.com\/diariodegarca.com\/wp-content\/uploads\/2025\/12\/camara-garca-41-e1765481355991.jpg?fit=870%2C625&ssl=1&resize=350%2C200 1x, https:\/\/i0.wp.com\/diariodegarca.com\/wp-content\/uploads\/2025\/12\/camara-garca-41-e1765481355991.jpg?fit=870%2C625&ssl=1&resize=525%2C300 1.5x, https:\/\/i0.wp.com\/diariodegarca.com\/wp-content\/uploads\/2025\/12\/camara-garca-41-e1765481355991.jpg?fit=870%2C625&ssl=1&resize=700%2C400 2x"},"classes":[]},{"id":9281,"url":"https:\/\/diariodegarca.com\/?p=9281","url_meta":{"origin":9259,"position":1},"title":"A promessa do \u00f4nibus a R$ 2,00 em Gar\u00e7a e o jogo pol\u00edtico por tr\u00e1s da &#8220;revolu\u00e7\u00e3o&#8221; no transporte","author":"Di\u00e1rio de Gar\u00e7a","date":"3 de dezembro de 2025","format":false,"excerpt":"Enquanto o prefeito Jos\u00e9 Alcides Faneco (PL) anuncia nas redes sociais uma \"revolu\u00e7\u00e3o\" no transporte com tarifa popular, o edital oficial mant\u00e9m o teto em R$ 5,50. A viabilidade da promessa depende de um pol\u00eamico projeto que extinguiria as emendas impositivas dos vereadores, esbarra na Lei Org\u00e2nica e, conforme of\u00edcio\u2026","rel":"","context":"Em &quot;Gar\u00e7a&quot;","block_context":{"text":"Gar\u00e7a","link":"https:\/\/diariodegarca.com\/?cat=781171664"},"img":{"alt_text":"","src":"https:\/\/i0.wp.com\/diariodegarca.com\/wp-content\/uploads\/2025\/12\/WhatsApp-Image-2025-12-03-at-14.12.03-e1764782019963.jpeg?fit=640%2C422&ssl=1&resize=350%2C200","width":350,"height":200,"srcset":"https:\/\/i0.wp.com\/diariodegarca.com\/wp-content\/uploads\/2025\/12\/WhatsApp-Image-2025-12-03-at-14.12.03-e1764782019963.jpeg?fit=640%2C422&ssl=1&resize=350%2C200 1x, https:\/\/i0.wp.com\/diariodegarca.com\/wp-content\/uploads\/2025\/12\/WhatsApp-Image-2025-12-03-at-14.12.03-e1764782019963.jpeg?fit=640%2C422&ssl=1&resize=525%2C300 1.5x"},"classes":[]},{"id":9434,"url":"https:\/\/diariodegarca.com\/?p=9434","url_meta":{"origin":9259,"position":2},"title":"C\u00e2mara de Gar\u00e7a rejeita fim das emendas e proposta flex\u00edvel; divis\u00e3o exp\u00f5e conflito entre m\u00e9todo impositivo e volunt\u00e1rio","author":"Andreza Sega","date":"9 de dezembro de 2025","format":false,"excerpt":"Bloco governista prefere extin\u00e7\u00e3o total a modelo de op\u00e7\u00e3o individual; Legislativo mant\u00e9m controle sobre R$ 2,8 milh\u00f5es ap\u00f3s rejeitar ambas as alternativas por falta de garantias. A rejei\u00e7\u00e3o de duas propostas sobre as emendas impositivas na C\u00e2mara Municipal de Gar\u00e7a revelou uma divis\u00e3o profunda n\u00e3o sobre o destino dos recursos\u2026","rel":"","context":"Em &quot;Gar\u00e7a&quot;","block_context":{"text":"Gar\u00e7a","link":"https:\/\/diariodegarca.com\/?cat=781171664"},"img":{"alt_text":"","src":"https:\/\/i0.wp.com\/diariodegarca.com\/wp-content\/uploads\/2025\/12\/camara-41-sessao.jpg?fit=841%2C413&ssl=1&resize=350%2C200","width":350,"height":200,"srcset":"https:\/\/i0.wp.com\/diariodegarca.com\/wp-content\/uploads\/2025\/12\/camara-41-sessao.jpg?fit=841%2C413&ssl=1&resize=350%2C200 1x, https:\/\/i0.wp.com\/diariodegarca.com\/wp-content\/uploads\/2025\/12\/camara-41-sessao.jpg?fit=841%2C413&ssl=1&resize=525%2C300 1.5x, https:\/\/i0.wp.com\/diariodegarca.com\/wp-content\/uploads\/2025\/12\/camara-41-sessao.jpg?fit=841%2C413&ssl=1&resize=700%2C400 2x"},"classes":[]},{"id":8996,"url":"https:\/\/diariodegarca.com\/?p=8996","url_meta":{"origin":9259,"position":3},"title":"C\u00e2mara de Gar\u00e7a debate crise de pessoas em situa\u00e7\u00e3o de rua e transporte p\u00fablico","author":"Andreza Sega","date":"25 de novembro de 2025","format":false,"excerpt":"Vereadores destinam recursos e cobram solu\u00e7\u00f5es para quest\u00f5es urbanas; equipamentos de sa\u00fade s\u00e3o destacados como avan\u00e7os, enquanto a tarifa de R$ 2,00 para o \u00f4nibus gera expectativa e questionamentos. Em uma sess\u00e3o marcada por vota\u00e7\u00f5es r\u00e1pidas de projetos de lei e pela apresenta\u00e7\u00e3o de uma pauta diversa de requerimentos, a\u2026","rel":"","context":"Em &quot;Gar\u00e7a&quot;","block_context":{"text":"Gar\u00e7a","link":"https:\/\/diariodegarca.com\/?cat=781171664"},"img":{"alt_text":"","src":"https:\/\/i0.wp.com\/diariodegarca.com\/wp-content\/uploads\/2025\/11\/camara.jpg?fit=1200%2C802&ssl=1&resize=350%2C200","width":350,"height":200,"srcset":"https:\/\/i0.wp.com\/diariodegarca.com\/wp-content\/uploads\/2025\/11\/camara.jpg?fit=1200%2C802&ssl=1&resize=350%2C200 1x, https:\/\/i0.wp.com\/diariodegarca.com\/wp-content\/uploads\/2025\/11\/camara.jpg?fit=1200%2C802&ssl=1&resize=525%2C300 1.5x, https:\/\/i0.wp.com\/diariodegarca.com\/wp-content\/uploads\/2025\/11\/camara.jpg?fit=1200%2C802&ssl=1&resize=700%2C400 2x, https:\/\/i0.wp.com\/diariodegarca.com\/wp-content\/uploads\/2025\/11\/camara.jpg?fit=1200%2C802&ssl=1&resize=1050%2C600 3x"},"classes":[]},{"id":9355,"url":"https:\/\/diariodegarca.com\/?p=9355","url_meta":{"origin":9259,"position":4},"title":"Quem quer acabar com as emendas j\u00e1 as usou para 2026; nenhum centavo para transporte","author":"Andreza Sega","date":"5 de dezembro de 2025","format":false,"excerpt":"C\u00e2mara vota na segunda-feira (8) fim de mecanismo que destina R$ 2,5 milh\u00f5es por ano para sa\u00fade, creches e entidades; vereadores da base que prop\u00f5em o corte, por\u00e9m, j\u00e1 destinaram suas pr\u00f3prias emendas para 2026. Oposi\u00e7\u00e3o apresenta alternativa para manter o direito, mas permitir doa\u00e7\u00e3o volunt\u00e1ria ao transporte. Um debate\u2026","rel":"","context":"Em &quot;Gar\u00e7a&quot;","block_context":{"text":"Gar\u00e7a","link":"https:\/\/diariodegarca.com\/?cat=781171664"},"img":{"alt_text":"","src":"https:\/\/i0.wp.com\/diariodegarca.com\/wp-content\/uploads\/2025\/12\/25debb5b-1c3d-4d21-a1b3-2dbced9d835e-1-e1764881602479.png?fit=378%2C207&ssl=1&resize=350%2C200","width":350,"height":200},"classes":[]},{"id":9463,"url":"https:\/\/diariodegarca.com\/?p=9463","url_meta":{"origin":9259,"position":5},"title":"C\u00e2mara de Gar\u00e7a aprova pol\u00eamicos reajustes para servidores","author":"Andreza Sega","date":"10 de dezembro de 2025","format":false,"excerpt":"Em sess\u00e3o marcada por debates acalorados, vereadores chancelam aumento de 5% no vale-alimenta\u00e7\u00e3o e criam aux\u00edlio-sa\u00fade de R$ 630 para aposentados, ignorando parecer jur\u00eddico. Procurador da Casa \u00e9 alvo de cr\u00edticas e corregedor anuncia apura\u00e7\u00e3o. A 41\u00aa Sess\u00e3o Ordin\u00e1ria da C\u00e2mara Municipal de Gar\u00e7a, na noite de segunda-feira, 8 de\u2026","rel":"","context":"Em &quot;Gar\u00e7a&quot;","block_context":{"text":"Gar\u00e7a","link":"https:\/\/diariodegarca.com\/?cat=781171664"},"img":{"alt_text":"","src":"https:\/\/i0.wp.com\/diariodegarca.com\/wp-content\/uploads\/2025\/12\/bate-boca.jpg?fit=838%2C409&ssl=1&resize=350%2C200","width":350,"height":200,"srcset":"https:\/\/i0.wp.com\/diariodegarca.com\/wp-content\/uploads\/2025\/12\/bate-boca.jpg?fit=838%2C409&ssl=1&resize=350%2C200 1x, https:\/\/i0.wp.com\/diariodegarca.com\/wp-content\/uploads\/2025\/12\/bate-boca.jpg?fit=838%2C409&ssl=1&resize=525%2C300 1.5x, https:\/\/i0.wp.com\/diariodegarca.com\/wp-content\/uploads\/2025\/12\/bate-boca.jpg?fit=838%2C409&ssl=1&resize=700%2C400 2x"},"classes":[]}],"_links":{"self":[{"href":"https:\/\/diariodegarca.com\/index.php?rest_route=\/wp\/v2\/posts\/9259","targetHints":{"allow":["GET"]}}],"collection":[{"href":"https:\/\/diariodegarca.com\/index.php?rest_route=\/wp\/v2\/posts"}],"about":[{"href":"https:\/\/diariodegarca.com\/index.php?rest_route=\/wp\/v2\/types\/post"}],"author":[{"embeddable":true,"href":"https:\/\/diariodegarca.com\/index.php?rest_route=\/wp\/v2\/users\/260896548"}],"replies":[{"embeddable":true,"href":"https:\/\/diariodegarca.com\/index.php?rest_route=%2Fwp%2Fv2%2Fcomments&post=9259"}],"version-history":[{"count":4,"href":"https:\/\/diariodegarca.com\/index.php?rest_route=\/wp\/v2\/posts\/9259\/revisions"}],"predecessor-version":[{"id":9312,"href":"https:\/\/diariodegarca.com\/index.php?rest_route=\/wp\/v2\/posts\/9259\/revisions\/9312"}],"wp:featuredmedia":[{"embeddable":true,"href":"https:\/\/diariodegarca.com\/index.php?rest_route=\/wp\/v2\/media\/8425"}],"wp:attachment":[{"href":"https:\/\/diariodegarca.com\/index.php?rest_route=%2Fwp%2Fv2%2Fmedia&parent=9259"}],"wp:term":[{"taxonomy":"category","embeddable":true,"href":"https:\/\/diariodegarca.com\/index.php?rest_route=%2Fwp%2Fv2%2Fcategories&post=9259"},{"taxonomy":"post_tag","embeddable":true,"href":"https:\/\/diariodegarca.com\/index.php?rest_route=%2Fwp%2Fv2%2Ftags&post=9259"}],"curies":[{"name":"wp","href":"https:\/\/api.w.org\/{rel}","templated":true}]}}