{"id":9324,"date":"2025-12-04T09:29:25","date_gmt":"2025-12-04T12:29:25","guid":{"rendered":"https:\/\/diariodegarca.com\/?p=9324"},"modified":"2025-12-04T09:29:25","modified_gmt":"2025-12-04T12:29:25","slug":"policia-militar-reforca-ronda-programada-para-proteger-residencias-vazias-nas-festas-de-fim-de-ano","status":"publish","type":"post","link":"https:\/\/diariodegarca.com\/?p=9324","title":{"rendered":"Pol\u00edcia Militar refor\u00e7a &#8220;Ronda Programada&#8221; para proteger resid\u00eancias vazias nas festas de fim de ano"},"content":{"rendered":"\n<p class=\"wp-block-paragraph\"><em>Servi\u00e7o gratuito permite que moradores cadastrem seus endere\u00e7os para receber patrulhamento preventivo durante viagens; iniciativa requer colabora\u00e7\u00e3o da comunidade para maior efic\u00e1cia.<\/em><\/p>\n\n\n\n<p class=\"wp-block-paragraph\">Com a chegada das festas de Natal e Ano Novo, per\u00edodo tradicional de viagens e reuni\u00f5es familiares, um n\u00famero crescente de resid\u00eancias fica temporariamente desocupada. Para aumentar a prote\u00e7\u00e3o desses im\u00f3veis, a Pol\u00edcia Militar refor\u00e7a, durante as f\u00e9rias e feriados prolongados, o servi\u00e7o gratuito de &#8220;Ronda Programada&#8221;.<\/p>\n\n\n\n<p class=\"wp-block-paragraph\">O objetivo do programa \u00e9 incluir os endere\u00e7os cadastrados no roteiro de patrulhamento preventivo realizado pelas viaturas. Para solicitar o servi\u00e7o, os interessados devem <strong>comparecer pessoalmente \u00e0 sede da 4\u00aa Companhia da Pol\u00edcia Militar<\/strong>, localizada na rua Get\u00falio Vargas, 55, no bairro Jos\u00e9 Ribeiro, em Gar\u00e7a, e preencher uma ficha de cadastro. Moradores de outras cidades podem fazer o pedido diretamente no grupamento policial de sua regi\u00e3o.<\/p>\n\n\n\n<p class=\"wp-block-paragraph\">A Pol\u00edcia Militar ressalta, no entanto, que a &#8220;Ronda Programada&#8221; \u00e9 um complemento e n\u00e3o substitui os cuidados b\u00e1sicos de seguran\u00e7a que devem ser tomados pelos pr\u00f3prios moradores. A corpora\u00e7\u00e3o enfatiza a import\u00e2ncia de uma a\u00e7\u00e3o conjunta entre a popula\u00e7\u00e3o e a pol\u00edcia para a prote\u00e7\u00e3o patrimonial.<\/p>\n\n\n\n<p class=\"wp-block-paragraph\">Como medidas preventivas adicionais, recomenda-se que o morador, ao se ausentar, comunique sua viagem a familiares que permane\u00e7am na cidade e tamb\u00e9m a vizinhos de confian\u00e7a. Essa rede de colabora\u00e7\u00e3o local \u00e9 fundamental para uma vigil\u00e2ncia extra e para o acionamento r\u00e1pido da pol\u00edcia, caso sejam observadas situa\u00e7\u00f5es anormais ou suspeitas nas proximidades do im\u00f3vel.<\/p>\n\n\n\n<p class=\"wp-block-paragraph\">O servi\u00e7o, que funciona durante todo o ano nos per\u00edodos de maior movimento, busca proporcionar uma maior sensa\u00e7\u00e3o de seguran\u00e7a \u00e0 popula\u00e7\u00e3o. Sua efic\u00e1cia, conforme destacado pela PM, aumenta significativamente quando aliado \u00e0 preven\u00e7\u00e3o e \u00e0 coopera\u00e7\u00e3o da comunidade.<\/p>\n","protected":false},"excerpt":{"rendered":"<p>Servi\u00e7o gratuito permite que moradores cadastrem seus endere\u00e7os para receber patrulhamento preventivo durante viagens; iniciativa requer colabora\u00e7\u00e3o da comunidade para maior efic\u00e1cia. Com a chegada das festas de Natal e Ano Novo, per\u00edodo tradicional de viagens e reuni\u00f5es familiares, um n\u00famero crescente de resid\u00eancias fica temporariamente desocupada. Para aumentar a prote\u00e7\u00e3o desses im\u00f3veis, a Pol\u00edcia [&hellip;]<\/p>\n","protected":false},"author":260896548,"featured_media":9326,"comment_status":"open","ping_status":"open","sticky":false,"template":"","format":"standard","meta":{"_crdt_document":"","_monsterinsights_skip_tracking":false,"_monsterinsights_sitenote_active":false,"_monsterinsights_sitenote_note":"","_monsterinsights_sitenote_category":0,"advanced_seo_description":"Garanta a seguran\u00e7a do seu im\u00f3vel nas festas! Cadastre-se no servi\u00e7o de Ronda Programada da PM e receba patrulhamento durante suas viagens.","jetpack_seo_html_title":"Ronda Programada: refor\u00e7o na seguran\u00e7a para sua casa nas f\u00e9rias","jetpack_seo_noindex":false,"_jetpack_newsletter_access":"","_jetpack_dont_email_post_to_subs":false,"_jetpack_newsletter_tier_id":0,"_jetpack_memberships_contains_paywalled_content":false,"_jetpack_memberships_contains_paid_content":false,"footnotes":"","jetpack_publicize_message":"A Pol\u00edcia Militar est\u00e1 com as inscri\u00e7\u00f5es abertas para a \"Ronda Programada\", servi\u00e7o que intensifica o patrulhamento em casas que ficar\u00e3o vazias durante as festas de fim de ano.\n\n\ud83d\udccd Como funciona? Moradores que viajam podem cadastrar seu endere\u00e7o para que a PM inclua o local no roteiro de vigil\u00e2ncia preventiva.\n\n\ud83d\udccd Como solicitar? \u00c9 preciso ir pessoalmente \u00e0 sede da 4\u00aa Companhia da PM em Gar\u00e7a (Get\u00falio Vargas, 55) ou ao grupamento da sua cidade e preencher uma ficha.\n\n\u26a0\ufe0f Aten\u00e7\u00e3o: O servi\u00e7o \u00e9 um refor\u00e7o, mas n\u00e3o dispensa os cuidados b\u00e1sicos. A PM orienta avisar vizinhos e familiares sobre a aus\u00eancia para formar uma rede de vigil\u00e2ncia colaborativa.\n\nLeia todos os detalhes e orienta\u00e7\u00f5es no nosso site!\n\n\ud83d\udd17 Link na bio ou acesse: diariodegarca.com\n\n#RondaProgramada #PoliciaMilitar #Seguran\u00e7a #Natal #AnoNovo #Preven\u00e7\u00e3o #Gar\u00e7a #Prote\u00e7\u00e3o #Patrulhamento #FiqueEsperto #DiarioDeGarca","jetpack_publicize_feature_enabled":true,"jetpack_social_post_already_shared":false,"jetpack_social_options":{"image_generator_settings":{"template":"highway","default_image_id":0,"font":"","enabled":false},"version":2},"_wpas_customize_per_network":false,"jetpack_post_was_ever_published":false},"categories":[781171664,21243],"tags":[],"class_list":["post-9324","post","type-post","status-publish","format-standard","has-post-thumbnail","hentry","category-garca-cidade","category-seguranca"],"jetpack_publicize_connections":[],"jetpack_featured_media_url":"https:\/\/i0.wp.com\/diariodegarca.com\/wp-content\/uploads\/2025\/12\/4-cia-policia-Garca.jpg?fit=799%2C533&ssl=1","jetpack_likes_enabled":true,"jetpack_sharing_enabled":true,"jetpack_shortlink":"https:\/\/wp.me\/pgitne-2qo","jetpack-related-posts":[{"id":9613,"url":"https:\/\/diariodegarca.com\/?p=9613","url_meta":{"origin":9324,"position":0},"title":"Pol\u00edcia Militar captura dois procurados por tr\u00e1fico de drogas em Gar\u00e7a","author":"Andreza Sega","date":"19 de dezembro de 2025","format":false,"excerpt":"A\u00e7\u00e3o ocorreu durante patrulhamento preventivo em resid\u00eancia no bairro Labien\u00f3polis; ambos foram encaminhados ao sistema prisional. Em uma a\u00e7\u00e3o de rotina que resultou em apreens\u00e3o, a Pol\u00edcia Militar prendeu dois indiv\u00edduos procurados pela Justi\u00e7a na tarde da \u00faltima quarta-feira, 18 de dezembro, em Gar\u00e7a. A opera\u00e7\u00e3o, fruto de patrulhamento preventivo,\u2026","rel":"","context":"Em &quot;Gar\u00e7a&quot;","block_context":{"text":"Gar\u00e7a","link":"https:\/\/diariodegarca.com\/?cat=781171664"},"img":{"alt_text":"","src":"https:\/\/i0.wp.com\/diariodegarca.com\/wp-content\/uploads\/2025\/09\/SnapInsta.to_551076599_18316318258246526_8319774076528004295_n-e1766149172378.webp?fit=1200%2C888&ssl=1&resize=350%2C200","width":350,"height":200,"srcset":"https:\/\/i0.wp.com\/diariodegarca.com\/wp-content\/uploads\/2025\/09\/SnapInsta.to_551076599_18316318258246526_8319774076528004295_n-e1766149172378.webp?fit=1200%2C888&ssl=1&resize=350%2C200 1x, https:\/\/i0.wp.com\/diariodegarca.com\/wp-content\/uploads\/2025\/09\/SnapInsta.to_551076599_18316318258246526_8319774076528004295_n-e1766149172378.webp?fit=1200%2C888&ssl=1&resize=525%2C300 1.5x, https:\/\/i0.wp.com\/diariodegarca.com\/wp-content\/uploads\/2025\/09\/SnapInsta.to_551076599_18316318258246526_8319774076528004295_n-e1766149172378.webp?fit=1200%2C888&ssl=1&resize=700%2C400 2x, https:\/\/i0.wp.com\/diariodegarca.com\/wp-content\/uploads\/2025\/09\/SnapInsta.to_551076599_18316318258246526_8319774076528004295_n-e1766149172378.webp?fit=1200%2C888&ssl=1&resize=1050%2C600 3x"},"classes":[]},{"id":9290,"url":"https:\/\/diariodegarca.com\/?p=9290","url_meta":{"origin":9324,"position":1},"title":"Opera\u00e7\u00e3o em Gar\u00e7a prende suspeito e apreende mais de 120 gramas de drogas","author":"Andreza Sega","date":"3 de dezembro de 2025","format":false,"excerpt":"Ap\u00f3s tentativa de fuga e arremesso de drogas em telhado, homem foi detido no bairro Cavalcante; ele admitiu envolvimento com o tr\u00e1fico, segundo a PM. Agentes da 4\u00aa Companhia de Pol\u00edcia Militar prenderam em flagrante, na noite de ter\u00e7a-feira, 2 de dezembro, um homem por tr\u00e1fico de drogas no bairro\u2026","rel":"","context":"Em &quot;Gar\u00e7a&quot;","block_context":{"text":"Gar\u00e7a","link":"https:\/\/diariodegarca.com\/?cat=781171664"},"img":{"alt_text":"","src":"https:\/\/i0.wp.com\/diariodegarca.com\/wp-content\/uploads\/2025\/12\/WhatsApp-Image-2025-12-03-at-08.36.31-1-e1764780092324.jpeg?fit=733%2C604&ssl=1&resize=350%2C200","width":350,"height":200,"srcset":"https:\/\/i0.wp.com\/diariodegarca.com\/wp-content\/uploads\/2025\/12\/WhatsApp-Image-2025-12-03-at-08.36.31-1-e1764780092324.jpeg?fit=733%2C604&ssl=1&resize=350%2C200 1x, https:\/\/i0.wp.com\/diariodegarca.com\/wp-content\/uploads\/2025\/12\/WhatsApp-Image-2025-12-03-at-08.36.31-1-e1764780092324.jpeg?fit=733%2C604&ssl=1&resize=525%2C300 1.5x, https:\/\/i0.wp.com\/diariodegarca.com\/wp-content\/uploads\/2025\/12\/WhatsApp-Image-2025-12-03-at-08.36.31-1-e1764780092324.jpeg?fit=733%2C604&ssl=1&resize=700%2C400 2x"},"classes":[]},{"id":6899,"url":"https:\/\/diariodegarca.com\/?p=6899","url_meta":{"origin":9324,"position":2},"title":"Pol\u00edcia Militar refor\u00e7a patrulhamento durante sa\u00edda tempor\u00e1ria de presos em setembro","author":"Di\u00e1rio de Gar\u00e7a","date":"18 de setembro de 2025","format":false,"excerpt":"Medida judicial permite que sentenciados deixem unidades prisionais entre 16 e 22 de setembro; popula\u00e7\u00e3o \u00e9 orientada a redobrar cuidados e reportar situa\u00e7\u00f5es suspeitas. Diante da autoriza\u00e7\u00e3o judicial para a sa\u00edda tempor\u00e1ria de presos do m\u00eas de setembro, a Pol\u00edcia Militar anunciou o refor\u00e7o do policiamento preventivo em todo o\u2026","rel":"","context":"Em &quot;Seguran\u00e7a&quot;","block_context":{"text":"Seguran\u00e7a","link":"https:\/\/diariodegarca.com\/?cat=21243"},"img":{"alt_text":"","src":"https:\/\/i0.wp.com\/diariodegarca.com\/wp-content\/uploads\/2025\/05\/1-4.jpg?fit=1080%2C827&ssl=1&resize=350%2C200","width":350,"height":200,"srcset":"https:\/\/i0.wp.com\/diariodegarca.com\/wp-content\/uploads\/2025\/05\/1-4.jpg?fit=1080%2C827&ssl=1&resize=350%2C200 1x, https:\/\/i0.wp.com\/diariodegarca.com\/wp-content\/uploads\/2025\/05\/1-4.jpg?fit=1080%2C827&ssl=1&resize=525%2C300 1.5x, https:\/\/i0.wp.com\/diariodegarca.com\/wp-content\/uploads\/2025\/05\/1-4.jpg?fit=1080%2C827&ssl=1&resize=700%2C400 2x, https:\/\/i0.wp.com\/diariodegarca.com\/wp-content\/uploads\/2025\/05\/1-4.jpg?fit=1080%2C827&ssl=1&resize=1050%2C600 3x"},"classes":[]},{"id":5898,"url":"https:\/\/diariodegarca.com\/?p=5898","url_meta":{"origin":9324,"position":3},"title":"A\u00e7\u00e3o r\u00e1pida da PM prende homem por roubo a com\u00e9rcio em Gar\u00e7a","author":"Di\u00e1rio de Gar\u00e7a","date":"21 de agosto de 2025","format":false,"excerpt":"Suspeito que simulou estar armado para subtrair um celular foi localizado e preso em flagrante pelas equipes que patrulhavam a regi\u00e3o central. Em uma a\u00e7\u00e3o que demonstra a efici\u00eancia do patrulhamento preventivo, a Pol\u00edcia Militar prendeu em flagrante, na tarde desta quarta-feira, 20 de agosto, um homem acusado de roubo\u2026","rel":"","context":"Em &quot;Gar\u00e7a&quot;","block_context":{"text":"Gar\u00e7a","link":"https:\/\/diariodegarca.com\/?cat=781171664"},"img":{"alt_text":"","src":"https:\/\/i0.wp.com\/diariodegarca.com\/wp-content\/uploads\/2025\/06\/503566608_18306010942246526_8008225824564545424_n-e1764161649475.webp?fit=1080%2C733&ssl=1&resize=350%2C200","width":350,"height":200,"srcset":"https:\/\/i0.wp.com\/diariodegarca.com\/wp-content\/uploads\/2025\/06\/503566608_18306010942246526_8008225824564545424_n-e1764161649475.webp?fit=1080%2C733&ssl=1&resize=350%2C200 1x, https:\/\/i0.wp.com\/diariodegarca.com\/wp-content\/uploads\/2025\/06\/503566608_18306010942246526_8008225824564545424_n-e1764161649475.webp?fit=1080%2C733&ssl=1&resize=525%2C300 1.5x, https:\/\/i0.wp.com\/diariodegarca.com\/wp-content\/uploads\/2025\/06\/503566608_18306010942246526_8008225824564545424_n-e1764161649475.webp?fit=1080%2C733&ssl=1&resize=700%2C400 2x, https:\/\/i0.wp.com\/diariodegarca.com\/wp-content\/uploads\/2025\/06\/503566608_18306010942246526_8008225824564545424_n-e1764161649475.webp?fit=1080%2C733&ssl=1&resize=1050%2C600 3x"},"classes":[]},{"id":8728,"url":"https:\/\/diariodegarca.com\/?p=8728","url_meta":{"origin":9324,"position":4},"title":"Condenado por tr\u00e1fico \u00e9 capturado pela PM em Fern\u00e3o","author":"Andreza Sega","date":"14 de novembro de 2025","format":false,"excerpt":"Durante patrulhamento de rotina, policiais militares localizam e det\u00eam homem com mandado de pris\u00e3o preventiva por tr\u00e1fico de drogas e associa\u00e7\u00e3o para o tr\u00e1fico. Na manh\u00e3 de quarta-feira, 12 de novembro, uma a\u00e7\u00e3o de patrulhamento ostensivo da 4\u00aa Companhia da Pol\u00edcia Militar resultou na captura de um condenado procurado pela\u2026","rel":"","context":"Em &quot;Fern\u00e3o&quot;","block_context":{"text":"Fern\u00e3o","link":"https:\/\/diariodegarca.com\/?cat=7386895"},"img":{"alt_text":"","src":"https:\/\/i0.wp.com\/diariodegarca.com\/wp-content\/uploads\/2025\/09\/SnapInsta.to_550748683_18316168519246526_3574845147359800139_n-e1763126681243.jpg?fit=1080%2C733&ssl=1&resize=350%2C200","width":350,"height":200,"srcset":"https:\/\/i0.wp.com\/diariodegarca.com\/wp-content\/uploads\/2025\/09\/SnapInsta.to_550748683_18316168519246526_3574845147359800139_n-e1763126681243.jpg?fit=1080%2C733&ssl=1&resize=350%2C200 1x, https:\/\/i0.wp.com\/diariodegarca.com\/wp-content\/uploads\/2025\/09\/SnapInsta.to_550748683_18316168519246526_3574845147359800139_n-e1763126681243.jpg?fit=1080%2C733&ssl=1&resize=525%2C300 1.5x, https:\/\/i0.wp.com\/diariodegarca.com\/wp-content\/uploads\/2025\/09\/SnapInsta.to_550748683_18316168519246526_3574845147359800139_n-e1763126681243.jpg?fit=1080%2C733&ssl=1&resize=700%2C400 2x, https:\/\/i0.wp.com\/diariodegarca.com\/wp-content\/uploads\/2025\/09\/SnapInsta.to_550748683_18316168519246526_3574845147359800139_n-e1763126681243.jpg?fit=1080%2C733&ssl=1&resize=1050%2C600 3x"},"classes":[]},{"id":6210,"url":"https:\/\/diariodegarca.com\/?p=6210","url_meta":{"origin":9324,"position":5},"title":"Patrulha de rotina resulta na pris\u00e3o de homem por tr\u00e1fico de drogas em G\u00e1lia","author":"Di\u00e1rio de Gar\u00e7a","date":"30 de agosto de 2025","format":false,"excerpt":"Durante rondas preventivas no Bairro S\u00e3o Benedito, policiais militares localizavam coca\u00edna acondicionada em eppendorfs e apreendiam dinheiro com o suspeito. Um homem foi preso em flagrante na noite de sexta-feira, 29 de agosto, acusado de tr\u00e1fico de drogas no munic\u00edpio de G\u00e1lia. A a\u00e7\u00e3o foi conduzida por equipes do 9\u00b0\u2026","rel":"","context":"Em &quot;G\u00e1lia&quot;","block_context":{"text":"G\u00e1lia","link":"https:\/\/diariodegarca.com\/?cat=1600904"},"img":{"alt_text":"","src":"https:\/\/i0.wp.com\/diariodegarca.com\/wp-content\/uploads\/2025\/08\/img-20250830-wa00303005136327451088142.jpg?fit=1052%2C472&ssl=1&resize=350%2C200","width":350,"height":200,"srcset":"https:\/\/i0.wp.com\/diariodegarca.com\/wp-content\/uploads\/2025\/08\/img-20250830-wa00303005136327451088142.jpg?fit=1052%2C472&ssl=1&resize=350%2C200 1x, https:\/\/i0.wp.com\/diariodegarca.com\/wp-content\/uploads\/2025\/08\/img-20250830-wa00303005136327451088142.jpg?fit=1052%2C472&ssl=1&resize=525%2C300 1.5x, https:\/\/i0.wp.com\/diariodegarca.com\/wp-content\/uploads\/2025\/08\/img-20250830-wa00303005136327451088142.jpg?fit=1052%2C472&ssl=1&resize=700%2C400 2x, https:\/\/i0.wp.com\/diariodegarca.com\/wp-content\/uploads\/2025\/08\/img-20250830-wa00303005136327451088142.jpg?fit=1052%2C472&ssl=1&resize=1050%2C600 3x"},"classes":[]}],"_links":{"self":[{"href":"https:\/\/diariodegarca.com\/index.php?rest_route=\/wp\/v2\/posts\/9324","targetHints":{"allow":["GET"]}}],"collection":[{"href":"https:\/\/diariodegarca.com\/index.php?rest_route=\/wp\/v2\/posts"}],"about":[{"href":"https:\/\/diariodegarca.com\/index.php?rest_route=\/wp\/v2\/types\/post"}],"author":[{"embeddable":true,"href":"https:\/\/diariodegarca.com\/index.php?rest_route=\/wp\/v2\/users\/260896548"}],"replies":[{"embeddable":true,"href":"https:\/\/diariodegarca.com\/index.php?rest_route=%2Fwp%2Fv2%2Fcomments&post=9324"}],"version-history":[{"count":2,"href":"https:\/\/diariodegarca.com\/index.php?rest_route=\/wp\/v2\/posts\/9324\/revisions"}],"predecessor-version":[{"id":9327,"href":"https:\/\/diariodegarca.com\/index.php?rest_route=\/wp\/v2\/posts\/9324\/revisions\/9327"}],"wp:featuredmedia":[{"embeddable":true,"href":"https:\/\/diariodegarca.com\/index.php?rest_route=\/wp\/v2\/media\/9326"}],"wp:attachment":[{"href":"https:\/\/diariodegarca.com\/index.php?rest_route=%2Fwp%2Fv2%2Fmedia&parent=9324"}],"wp:term":[{"taxonomy":"category","embeddable":true,"href":"https:\/\/diariodegarca.com\/index.php?rest_route=%2Fwp%2Fv2%2Fcategories&post=9324"},{"taxonomy":"post_tag","embeddable":true,"href":"https:\/\/diariodegarca.com\/index.php?rest_route=%2Fwp%2Fv2%2Ftags&post=9324"}],"curies":[{"name":"wp","href":"https:\/\/api.w.org\/{rel}","templated":true}]}}