{"id":9355,"date":"2025-12-05T10:08:09","date_gmt":"2025-12-05T13:08:09","guid":{"rendered":"https:\/\/diariodegarca.com\/?p=9355"},"modified":"2025-12-05T10:45:01","modified_gmt":"2025-12-05T13:45:01","slug":"quem-quer-acabar-com-as-emendas-ja-as-usou-para-2026-nenhum-centavo-para-transporte","status":"publish","type":"post","link":"https:\/\/diariodegarca.com\/?p=9355","title":{"rendered":"Quem quer acabar com as emendas j\u00e1 as usou para 2026; nenhum centavo para transporte"},"content":{"rendered":"\n<p class=\"wp-block-paragraph\"><em>C\u00e2mara vota na segunda-feira (8) fim de mecanismo que destina R$ 2,5 milh\u00f5es por ano para sa\u00fade, creches e entidades; vereadores da base que prop\u00f5em o corte, por\u00e9m, j\u00e1 destinaram suas pr\u00f3prias emendas para 2026. Oposi\u00e7\u00e3o apresenta alternativa para manter o direito, mas permitir doa\u00e7\u00e3o volunt\u00e1ria ao transporte.<\/em><\/p>\n\n\n\n<p class=\"wp-block-paragraph\">Um debate que mistura transporte p\u00fablico, investimentos em sa\u00fade e uma pesada contradi\u00e7\u00e3o pol\u00edtica toma conta da C\u00e2mara Municipal de Gar\u00e7a. Na pr\u00f3xima segunda-feira, 8 de dezembro, os vereadores decidir\u00e3o o futuro das&nbsp;<strong>emendas impositivas individuais<\/strong>, uma ferramenta que permite a cada parlamentar destinar uma pequena parte do or\u00e7amento municipal (cerca de 1,2%) para \u00e1reas espec\u00edficas, com metade obrigatoriamente para a sa\u00fade.<\/p>\n\n\n\n<p class=\"wp-block-paragraph\">De um lado, <a href=\"https:\/\/sapl.garca.sp.leg.br\/materia\/114838\" data-type=\"link\" data-id=\"https:\/\/sapl.garca.sp.leg.br\/materia\/114838\" target=\"_blank\" rel=\"noreferrer noopener\">uma proposta assinada por sete vereadores da base do prefeito quer\u00a0<strong>extinguir esse mecanismo<\/strong><\/a>. O argumento \u00e9 que o dinheiro, R$ 2,5 milh\u00f5es em 2025, ser\u00e1 usado para\u00a0<strong>subsidiar a tarifa do transporte coletivo<\/strong>, baixando o valor da passagem para R$ 2, junto com a promessa de uma frota moderna e linhas ampliadas.<\/p>\n\n\n\n<p class=\"wp-block-paragraph\">Do outro lado, um grupo de seis vereadores \u00e9 contra o fim das emendas. Eles defendem <a href=\"https:\/\/sapl.garca.sp.leg.br\/materia\/114939\" data-type=\"link\" data-id=\"https:\/\/sapl.garca.sp.leg.br\/materia\/114939\" target=\"_blank\" rel=\"noreferrer noopener\">um\u00a0<strong>substitutivo<\/strong>\u00a0que torna o uso das emendas\u00a0<strong>facultativo<\/strong><\/a>: quem quiser abrir m\u00e3o, direciona automaticamente sua cota para o transporte. A ideia \u00e9 preservar o atendimento direto \u00e0 popula\u00e7\u00e3o sem bloquear o subs\u00eddio.<\/p>\n\n\n\n<p class=\"wp-block-paragraph\">A vota\u00e7\u00e3o promete ser acirrada e coloca em jogo n\u00e3o apenas recursos, mas a pr\u00f3pria rela\u00e7\u00e3o entre o Legislativo, o Executivo e as demandas dos bairros.<\/p>\n\n\n\n<hr class=\"wp-block-separator has-alpha-channel-opacity\"\/>\n\n\n\n<h3 class=\"wp-block-heading\"><strong>A promessa do transporte a R$ 2 e o edital que n\u00e3o a menciona<\/strong><\/h3>\n\n\n\n<p class=\"wp-block-paragraph\">A justificativa principal para acabar com as emendas \u00e9 atraente para qualquer bolso: usar os R$ 2,5 milh\u00f5es para&nbsp;<strong>baixar a tarifa de \u00f4nibus de R$ 5,50 para R$ 2,00<\/strong>. O prefeito e sua base afirmam que o valor das emendas subsidiar\u00e1 a empresa que vencer a licita\u00e7\u00e3o, permitindo a redu\u00e7\u00e3o e melhorias no servi\u00e7o.<\/p>\n\n\n\n<p class=\"wp-block-paragraph\">No entanto, uma an\u00e1lise do&nbsp;<strong><a href=\"https:\/\/pncp.gov.br\/app\/editais\/44518371000135\/2025\/135\" data-type=\"link\" data-id=\"https:\/\/pncp.gov.br\/app\/editais\/44518371000135\/2025\/135\" target=\"_blank\" rel=\"noreferrer noopener\">edital de licita\u00e7\u00e3o<\/a><\/strong>&nbsp;atualmente em aberto no portal oficial do munic\u00edpio revela uma lacuna. O documento determina que a empresa vencedora dever\u00e1 praticar o&nbsp;<strong>menor valor de passagem, at\u00e9 o limite de R$ 5,50<\/strong>. Em nenhum trecho h\u00e1 men\u00e7\u00e3o a um&nbsp;<strong>subs\u00eddio p\u00fablico de R$ 2,5 milh\u00f5es<\/strong>&nbsp;ou \u00e0 garantia de uma tarifa fixa de R$ 2. A promessa, at\u00e9 agora, n\u00e3o est\u00e1 formalizada no processo que contratar\u00e1 o servi\u00e7o pelos pr\u00f3ximos oito anos.<\/p>\n\n\n\n<hr class=\"wp-block-separator has-alpha-channel-opacity\"\/>\n\n\n\n<h3 class=\"wp-block-heading\"><strong>A contradi\u00e7\u00e3o exposta em detalhe: vereadores n\u00e3o destinaram nada para o transporte<\/strong><\/h3>\n\n\n\n<p class=\"wp-block-paragraph\">Enquanto prop\u00f5em o fim das emendas para o futuro, os pr\u00f3prios autores do projeto\u00a0<strong>n\u00e3o abriram m\u00e3o de usar suas cotas para o pr\u00f3ximo ano<\/strong>. Uma an\u00e1lise detalhada dos projetos de emenda impositiva para o or\u00e7amento de 2026, <a href=\"https:\/\/www.garca.sp.leg.br\/transparencia-1\/emendas-impositivas-1?utm_source=chatgpt.com\" data-type=\"link\" data-id=\"https:\/\/www.garca.sp.leg.br\/transparencia-1\/emendas-impositivas-1?utm_source=chatgpt.com\" target=\"_blank\" rel=\"noreferrer noopener\">dispon\u00edveis no site da C\u00e2mara<\/a>, mostra uma realidade incontest\u00e1vel: os sete vereadores signat\u00e1rios da proposta j\u00e1 destinaram todos os seus recursos \u2013 e\u00a0<strong>nenhum centavo foi indicado para o transporte coletivo<\/strong>.<\/p>\n\n\n\n<p class=\"wp-block-paragraph\">Juntos, eles j\u00e1 emendaram&nbsp;<strong>mais de R$ 1,47 milh\u00e3o<\/strong>&nbsp;para \u00e1reas espec\u00edficas em 2026. O fluxo \u00e9 claro: o dinheiro \u00e9 repassado \u00e0 Prefeitura, que \u00e9 obrigada a aplic\u00e1-lo exatamente no objeto definido pelo vereador, como a compra de um equipamento hospitalar espec\u00edfico, uma reforma pontual em uma unidade de sa\u00fade ou o apoio a uma entidade. Teve at\u00e9 verba destinada para a aquisi\u00e7\u00e3o de ve\u00edculo no Gabinete do Prefeito, mas n\u00e3o houve nenhum centavo destinado ao &#8220;transporte coletivo&#8221;.<\/p>\n\n\n\n<p class=\"wp-block-paragraph\"><strong>Confira a lista completa e detalhada de todas as destina\u00e7\u00f5es propostas por eles para 2026:<\/strong><\/p>\n\n\n\n<ul class=\"wp-block-list\">\n<li><strong>Vereadora Raquel Sartori (PL) \u2013 Total: R$ 214.803,24<\/strong>\n<ul class=\"wp-block-list\">\n<li>R$ 110.361,45 para aquisi\u00e7\u00e3o de cardiotoc\u00f3grafo e incubadora de transporte para a maternidade do Hospital S\u00e3o Lucas.<\/li>\n\n\n\n<li>R$ 44.441,79 para custeio da Associa\u00e7\u00e3o Garcense de Esportes Inclusivos (AGEI).<\/li>\n\n\n\n<li>R$ 30.000,00 para aquisi\u00e7\u00e3o de equipamentos para o laborat\u00f3rio de eletroeletr\u00f4nica da Patrulha Juvenil Garcense.<\/li>\n\n\n\n<li>R$ 30.000,00 para reforma e instala\u00e7\u00e3o de novos dispositivos na \u00e1rea de recrea\u00e7\u00e3o do Jardim Sol Nascente.<\/li>\n<\/ul>\n<\/li>\n\n\n\n<li><strong>Vereador Marcelo Zanoti (Podemos) \u2013 Total: R$ 214.441,31<\/strong>\n<ul class=\"wp-block-list\">\n<li>R$ 40.441,31 para constru\u00e7\u00e3o de corredor de acesso interligando a UPA ao Hospital S\u00e3o Lucas.<\/li>\n\n\n\n<li>R$ 30.000,00 para custeio do Hospital Psiqui\u00e1trico Andr\u00e9 Luiz.<\/li>\n\n\n\n<li>R$ 39.000,00 para manuten\u00e7\u00e3o de bem im\u00f3vel da APAE de Gar\u00e7a.<\/li>\n\n\n\n<li>R$ 35.000,00 para aquisi\u00e7\u00e3o de equipamentos para o laborat\u00f3rio de eletroeletr\u00f4nica da Patrulha Juvenil Garcense.<\/li>\n\n\n\n<li>R$ 35.000,00 para manuten\u00e7\u00e3o de bem im\u00f3vel da Escola Municipal de Cultura Art\u00edstica (EMCA).<\/li>\n\n\n\n<li>R$ 35.000,00 para aquisi\u00e7\u00e3o de mobili\u00e1rio para o Patronato Juvenil Garcense.<\/li>\n<\/ul>\n<\/li>\n\n\n\n<li><strong>Vereador Lico (PP) \u2013 Total: R$ 154.441,31<\/strong>\n<ul class=\"wp-block-list\">\n<li>R$ 30.000,00 para aquisi\u00e7\u00e3o de mobili\u00e1rios para a USF \u201cDr. D\u00e9cio Nobre Moreira\u201d.<\/li>\n\n\n\n<li>R$ 30.000,00 para aquisi\u00e7\u00e3o de mobili\u00e1rios para a USF \u201cJurandir Ubirajara Guimar\u00e3es\u201d.<\/li>\n\n\n\n<li>R$ 30.000,00 para aquisi\u00e7\u00e3o de mobili\u00e1rios para a USF \u201cDr. Hor\u00e1cio Alberto dos Santos J\u00fanior\u201d.<\/li>\n\n\n\n<li>R$ 30.441,31 para custeio do Hospital Psiqui\u00e1trico Andr\u00e9 Luiz.<\/li>\n\n\n\n<li>R$ 34.000,00 para reforma de banheiros do Conjunto Poliesportivo &#8220;Manoel Gouveia Chagas&#8221; e do &#8220;Complexo Esportivo Valdir Tramontini&#8221;.<\/li>\n<\/ul>\n<\/li>\n\n\n\n<li><strong>Vereador Paulo Andr\u00e9 Faneco (Novo) \u2013 Total: R$ 214.441,31<\/strong>\n<ul class=\"wp-block-list\">\n<li>R$ 40.000,00 para custeio do Centro de Zoonoses.<\/li>\n\n\n\n<li>R$ 40.000,00 para obras no Centro de Zoonoses.<\/li>\n\n\n\n<li>R$ 30.441,31 para castra\u00e7\u00e3o animal.<\/li>\n\n\n\n<li>R$ 30.000,00 para aquisi\u00e7\u00e3o de ve\u00edculo para a Secretaria de Obras.<\/li>\n\n\n\n<li>R$ 44.000,00 para aquisi\u00e7\u00e3o de equipamentos para a Secretaria de Agricultura e Meio Ambiente.<\/li>\n\n\n\n<li>R$ 30.000,00 para obras em dispositivos esportivos.<\/li>\n<\/ul>\n<\/li>\n\n\n\n<li><strong>Vereador Luizinho Barbeiro (PRD) \u2013 Total: R$ 244.441,31<\/strong>\n<ul class=\"wp-block-list\">\n<li>R$ 30.000,00 para castra\u00e7\u00e3o animal.<\/li>\n\n\n\n<li>R$ 30.000,00 para aquisi\u00e7\u00e3o de equipamentos de inform\u00e1tica para a USF &#8220;Dr. Ernesto Gaion&#8221; no distrito de Jafa.<\/li>\n\n\n\n<li>R$ 30.000,00 para custeio da APAE de Gar\u00e7a.<\/li>\n\n\n\n<li>R$ 30.000,00 para custeio do Hospital Psiqui\u00e1trico Andr\u00e9 Luiz.<\/li>\n\n\n\n<li>R$ 30.000,00 para aquisi\u00e7\u00e3o de material esportivo para o \u201cTerr\u00e3o\u201d e outros projetos.<\/li>\n\n\n\n<li>R$ 30.000,00 para aquisi\u00e7\u00e3o de playground para a EMEF &#8220;Norma M\u00f4nico Truzzi&#8221;.<\/li>\n\n\n\n<li>R$ 34.441,31 para aquisi\u00e7\u00e3o de equipamentos e materiais para a fanfarra da AFAI &#8220;Virg\u00edlia Alves&#8221;.<\/li>\n<\/ul>\n<\/li>\n\n\n\n<li><strong>Vereador Marquinho Moreira (Republicanos) \u2013 Total: R$ 214.441,31<\/strong>\n<ul class=\"wp-block-list\">\n<li>R$ 35.000,00 para aquisi\u00e7\u00e3o de mobili\u00e1rios para o SAMU.<\/li>\n\n\n\n<li>R$ 75.441,31 para mobili\u00e1rio para as resid\u00eancias terap\u00eauticas.<\/li>\n\n\n\n<li>R$ 69.000,00 para aquisi\u00e7\u00e3o de ve\u00edculo para a Secretaria de Obras.<\/li>\n\n\n\n<li>R$ 35.000,00 para material de consumo da Associa\u00e7\u00e3o Garcense de Esportes Inclusivos (AGEI).<\/li>\n<\/ul>\n<\/li>\n\n\n\n<li><strong>Vereador Verinha Venda Seca (DC) \u2013 Total: R$ 214.441,31<\/strong>\n<ul class=\"wp-block-list\">\n<li>R$ 30.000,00 para manuten\u00e7\u00e3o e equipamentos na USF \u201cDr. Jos\u00e9 Barbosa\u201d (Regi\u00e3o Oeste).<\/li>\n\n\n\n<li>R$ 30.000,00 para manuten\u00e7\u00e3o e mobili\u00e1rio na USF &#8220;Helena Rodella Dumas&#8221;.<\/li>\n\n\n\n<li>R$ 30.000,00 para manuten\u00e7\u00e3o e equipamentos de inform\u00e1tica na USF &#8220;Helena Garcia Muller&#8221;.<\/li>\n\n\n\n<li>R$ 30.000,00 para mobili\u00e1rio para as resid\u00eancias terap\u00eauticas.<\/li>\n\n\n\n<li>R$ 34.441,00 para aquisi\u00e7\u00e3o de ve\u00edculo&nbsp;<strong>para o Gabinete do Prefeito<\/strong>.<\/li>\n\n\n\n<li>R$ 30.000,00 para manuten\u00e7\u00e3o de bem do Tiro de Guerra.<\/li>\n\n\n\n<li>R$ 30.000,00 para manuten\u00e7\u00e3o el\u00e9trica e instala\u00e7\u00e3o de ar-condicionado para a EMEF &#8220;Silvio Sartori&#8221;.<\/li>\n<\/ul>\n<\/li>\n<\/ul>\n\n\n\n<p class=\"wp-block-paragraph\"><strong>A evid\u00eancia \u00e9 clara e documental:<\/strong>&nbsp;na pr\u00e1tica, enquanto defendem publicamente que o dinheiro das emendas deve ir para o transporte, em suas a\u00e7\u00f5es parlamentares concretas para o pr\u00f3ximo ano,&nbsp;<strong>priorizaram outros setores<\/strong>. Os dados mostram um padr\u00e3o de destina\u00e7\u00e3o para&nbsp;<strong>demandas pontuais e urgentes<\/strong>&nbsp;em sa\u00fade, assist\u00eancia social, educa\u00e7\u00e3o e esporte, muitas vezes em equipamentos p\u00fablicos e entidades que prestam servi\u00e7os essenciais \u00e0 popula\u00e7\u00e3o e que possuem v\u00ednculo firmado com a administra\u00e7\u00e3o, atuando onde a Prefeitura n\u00e3o chega.<strong> Tal como alegam os vereadores que se op\u00f5em ao projeto de extin\u00e7\u00e3o das emendas.<\/strong><\/p>\n\n\n\n<hr class=\"wp-block-separator has-alpha-channel-opacity\"\/>\n\n\n\n<h3 class=\"wp-block-heading\"><strong>O argumento da oposi\u00e7\u00e3o: &#8220;efeito multiplicador&#8221; e alternativas<\/strong><\/h3>\n\n\n\n<p class=\"wp-block-paragraph\">Os vereadores contr\u00e1rios ao fim total das emendas argumentam que, apesar de representarem uma fatia pequena do or\u00e7amento, elas t\u00eam um&nbsp;<strong>&#8220;efeito multiplicador&#8221; direto na vida das pessoas<\/strong>. S\u00e3o esses recursos que pagam por:<\/p>\n\n\n\n<ul class=\"wp-block-list\">\n<li>Reformas em creches e aquisi\u00e7\u00e3o de materiais.<\/li>\n\n\n\n<li>Cadeiras de rodas e de banho para pessoas com defici\u00eancia.<\/li>\n\n\n\n<li>Pequenos equipamentos para unidades de sa\u00fade.<\/li>\n\n\n\n<li>Instrumentos musicais para projetos culturais.<\/li>\n\n\n\n<li>Material esportivo para crian\u00e7as e adolescentes.<\/li>\n\n\n\n<li>Apoio a entidades filantr\u00f3picas como APAE, AFAI, Patrulha Juvenil Garcense e o Hospital Andr\u00e9 Luiz.<\/li>\n<\/ul>\n\n\n\n<p class=\"wp-block-paragraph\">\u201cEsses casos desmontam completamente o discurso de que as emendas seriam \u2018dispens\u00e1veis\u2019. S\u00e3o respostas concretas a demandas da popula\u00e7\u00e3o\u201d, defende o grupo.<\/p>\n\n\n\n<p class=\"wp-block-paragraph\">Eles tamb\u00e9m questionam o <em>timing<\/em> da proposta. \u201cO prefeito est\u00e1 em seu quinto mandato. Por que a tarifa s\u00f3 vira prioridade agora e justamente \u00e0s custas dos recursos que sustentam servi\u00e7os essenciais?\u201d, indagam.<\/p>\n\n\n\n<p class=\"wp-block-paragraph\">Como alternativas para subsidiar o transporte&nbsp;<strong>sem cortar as emendas<\/strong>, a oposi\u00e7\u00e3o sugere:<\/p>\n\n\n\n<ol start=\"1\" class=\"wp-block-list\">\n<li>Manter as emendas impositivas.<\/li>\n\n\n\n<li>Economizar os milh\u00f5es previstos para a&nbsp;<strong>reforma da nova sede da C\u00e2mara<\/strong>&nbsp;\u2013 um projeto da presid\u00eancia do legislativo para mudar para o antigo pr\u00e9dio da FAEF, enquanto o atual \u00e9 considerado funcional e passou por reforma 5 anos atr\u00e1s.<\/li>\n\n\n\n<li>Devolver parte da verba do Legislativo (o duod\u00e9cimo) ao Executivo.<\/li>\n\n\n\n<li>Usar essa economia e a devolu\u00e7\u00e3o para bancar a redu\u00e7\u00e3o da tarifa.<\/li>\n<\/ol>\n\n\n\n<hr class=\"wp-block-separator has-alpha-channel-opacity\"\/>\n\n\n\n<h3 class=\"wp-block-heading\"><strong>O substitutivo: seria essa a solu\u00e7\u00e3o do meio-termo?<\/strong><\/h3>\n\n\n\n<p class=\"wp-block-paragraph\">A proposta alternativa, o\u00a0<strong><a href=\"https:\/\/sapl.garca.sp.leg.br\/materia\/114939\" data-type=\"link\" data-id=\"https:\/\/sapl.garca.sp.leg.br\/materia\/114939\" target=\"_blank\" rel=\"noreferrer noopener\">Substitutivo n\u00ba 03\/2025<\/a><\/strong>, \u00e9 assinada por Adhemar Kemp (Republicanos), Elaine Oliveira (PSD), Leandro Marino (Novo), Dr. Marcelo Miranda (MDB), Pedro Santos (PL) e Sargento Neri (PL).<\/p>\n\n\n\n<p class=\"wp-block-paragraph\">A ideia \u00e9 emendarem a Lei Org\u00e2nica para que a apresenta\u00e7\u00e3o de emendas seja&nbsp;<strong>uma escolha do vereador<\/strong>. Caso ele decida&nbsp;<strong>n\u00e3o usar<\/strong>&nbsp;sua cota, o valor ser\u00e1&nbsp;<strong>automaticamente destinado ao transporte p\u00fablico<\/strong>. Quem apresentar a emenda, mant\u00e9m seu car\u00e1ter impositivo.<\/p>\n\n\n\n<p class=\"wp-block-paragraph\">\u201cO presente substitutivo busca conciliar o interesse p\u00fablico com a autonomia legislativa, garantindo que os recursos n\u00e3o utilizados sejam revertidos a um setor essencial\u201d, diz a justificativa do grupo.<\/p>\n\n\n\n<hr class=\"wp-block-separator has-alpha-channel-opacity\"\/>\n\n\n\n<h3 class=\"wp-block-heading\"><strong>O que est\u00e1 em jogo na vota\u00e7\u00e3o de segunda-feira<\/strong><\/h3>\n\n\n\n<p class=\"wp-block-paragraph\">\u00c0s 18h da pr\u00f3xima segunda-feira, os vereadores de Gar\u00e7a far\u00e3o uma escolha que define prioridades:<\/p>\n\n\n\n<ul class=\"wp-block-list\">\n<li><strong>Aprovar a proposta da base governista<\/strong>&nbsp;e extinguir um mecanismo de atendimento direto e r\u00e1pido \u00e0s demandas dos bairros, apostando que a promessa de um transporte a R$ 2 se concretizar\u00e1, mesmo sem garantias no edital.<\/li>\n\n\n\n<li><strong>Apreciar o substitutivo da oposi\u00e7\u00e3o<\/strong>&nbsp;e manter a ferramenta, permitindo que vereadores, de forma volunt\u00e1ria, destinem seus recursos ao transporte se assim desejarem. \u00c9 uma tentativa de n\u00e3o criar um &#8220;ou isso, ou aquilo&#8221; entre mobilidade e sa\u00fade.<\/li>\n<\/ul>\n\n\n\n<p class=\"wp-block-paragraph\">O debate vai al\u00e9m dos n\u00fameros. Coloca em cheque a&nbsp;<strong>coer\u00eancia pol\u00edtica<\/strong>&nbsp;de quem defende o fim de um instrumento que usa ativamente e questiona se a gest\u00e3o p\u00fablica deve operar por escolhas excludentes ou se \u00e9 poss\u00edvel encontrar caminhos que atendam m\u00faltiplas necessidades da popula\u00e7\u00e3o de forma criativa e respons\u00e1vel.<\/p>\n\n\n\n<p class=\"wp-block-paragraph\">A popula\u00e7\u00e3o aguarda para ver se a tarifa mais barata sair\u00e1 do papel &#8211; e a que custo.<\/p>\n","protected":false},"excerpt":{"rendered":"<p>C\u00e2mara vota na segunda-feira (8) fim de mecanismo que destina R$ 2,5 milh\u00f5es por ano para sa\u00fade, creches e entidades; vereadores da base que prop\u00f5em o corte, por\u00e9m, j\u00e1 destinaram suas pr\u00f3prias emendas para 2026. Oposi\u00e7\u00e3o apresenta alternativa para manter o direito, mas permitir doa\u00e7\u00e3o volunt\u00e1ria ao transporte. Um debate que mistura transporte p\u00fablico, investimentos [&hellip;]<\/p>\n","protected":false},"author":260896548,"featured_media":9364,"comment_status":"open","ping_status":"open","sticky":false,"template":"","format":"standard","meta":{"_crdt_document":"","_monsterinsights_skip_tracking":false,"_monsterinsights_sitenote_active":false,"_monsterinsights_sitenote_note":"","_monsterinsights_sitenote_category":0,"advanced_seo_description":"C\u00e2mara de Gar\u00e7a vota fim das emendas impositivas; discuss\u00e3o gira em torno de transporte, sa\u00fade e contradi\u00e7\u00f5es pol\u00edticas.","jetpack_seo_html_title":"C\u00e2mara Decide Fim das Emendas para Transporte e Sa\u00fade","jetpack_seo_noindex":false,"_jetpack_newsletter_access":"","_jetpack_dont_email_post_to_subs":false,"_jetpack_newsletter_tier_id":0,"_jetpack_memberships_contains_paywalled_content":false,"_jetpack_memberships_contains_paid_content":false,"footnotes":"","jetpack_publicize_message":"\ud83d\ude8c A grande vota\u00e7\u00e3o come\u00e7a em Gar\u00e7a: C\u00e2mara de Gar\u00e7a vota fim das emendas impositivas\n\nNa segunda (8\/12), a C\u00e2mara decide o futuro das EMENDAS IMPOSITIVAS \u2013 dinheiro que vereadores destinam a sa\u00fade, creches e entidades.\n\n\u274c A base do prefeito quer ACABAR com as emendas. Diz que os R$ 2,5 mi v\u00e3o subsidiar o transporte e baixar a passagem para R$ 2. MAS: o edital da licita\u00e7\u00e3o N\u00c3O garante essa tarifa.\n\n\ud83d\ude32 A contradi\u00e7\u00e3o: os 7 vereadores que assinam o fim das emendas J\u00c1 DESTINARAM as deles para 2026. Nenhum centavo foi destinado ao  transporte!\n\n\ud83e\udd14 A oposi\u00e7\u00e3o prop\u00f5e um MEIO-TERMO: o vereador ESCOLHE usar a emenda ou doar para o transporte. Ningu\u00e9m perde o direito, mas quem quiser, de fato, destinar\u00e1 para o transporte.\n\n\u00c9 a promessa do transporte barato VS investimento direto na sa\u00fade e nos bairros. \n\nQual proposta parece ter mais chances de vencer?\n\n\ud83d\udcf0 Leia a mat\u00e9ria completa com todos os detalhes e valores em diariodegarca.com! (Link na bio)\n\n#Gar\u00e7a #Pol\u00edtica #Transporte #Sa\u00fade #C\u00e2maraMunicipal #Vota\u00e7\u00e3o #Emendas","jetpack_publicize_feature_enabled":true,"jetpack_social_post_already_shared":true,"jetpack_social_options":{"image_generator_settings":{"template":"highway","default_image_id":0,"font":"","enabled":false},"version":2},"_wpas_customize_per_network":false,"jetpack_post_was_ever_published":false},"categories":[781171664,781171847],"tags":[],"class_list":["post-9355","post","type-post","status-publish","format-standard","has-post-thumbnail","hentry","category-garca-cidade","category-politica"],"jetpack_publicize_connections":[],"jetpack_featured_media_url":"https:\/\/i0.wp.com\/diariodegarca.com\/wp-content\/uploads\/2025\/12\/25debb5b-1c3d-4d21-a1b3-2dbced9d835e-1-e1764881602479.png?fit=378%2C207&ssl=1","jetpack_likes_enabled":true,"jetpack_sharing_enabled":true,"jetpack_shortlink":"https:\/\/wp.me\/pgitne-2qT","jetpack-related-posts":[{"id":9504,"url":"https:\/\/diariodegarca.com\/?p=9504","url_meta":{"origin":9355,"position":0},"title":"Emendas impositivas de Gar\u00e7a s\u00e3o aprovadas, com cena de uso pol\u00edtico da causa animal e votos contr\u00e1rios \u00e0 sa\u00fade e causas sociais","author":"Andreza Sega","date":"11 de dezembro de 2025","format":false,"excerpt":"Sess\u00e3o que definiu o or\u00e7amento de 2026 para Gar\u00e7a exp\u00f4s contradi\u00e7\u00f5es: enquanto maioria defendia verbas para sa\u00fade e entidades, vereador usa causa animal como palanque e vota contra investimentos sociais essenciais A C\u00e2mara Municipal de Gar\u00e7a aprovou na \u00faltima segunda-feira,\u00a08 de dezembro, em sess\u00e3o extensa, o or\u00e7amento p\u00fablico para 2026\u2026","rel":"","context":"Em &quot;Causa animal&quot;","block_context":{"text":"Causa animal","link":"https:\/\/diariodegarca.com\/?cat=26891317"},"img":{"alt_text":"","src":"https:\/\/i0.wp.com\/diariodegarca.com\/wp-content\/uploads\/2025\/12\/camara-garca-41-e1765481355991.jpg?fit=870%2C625&ssl=1&resize=350%2C200","width":350,"height":200,"srcset":"https:\/\/i0.wp.com\/diariodegarca.com\/wp-content\/uploads\/2025\/12\/camara-garca-41-e1765481355991.jpg?fit=870%2C625&ssl=1&resize=350%2C200 1x, https:\/\/i0.wp.com\/diariodegarca.com\/wp-content\/uploads\/2025\/12\/camara-garca-41-e1765481355991.jpg?fit=870%2C625&ssl=1&resize=525%2C300 1.5x, https:\/\/i0.wp.com\/diariodegarca.com\/wp-content\/uploads\/2025\/12\/camara-garca-41-e1765481355991.jpg?fit=870%2C625&ssl=1&resize=700%2C400 2x"},"classes":[]},{"id":9281,"url":"https:\/\/diariodegarca.com\/?p=9281","url_meta":{"origin":9355,"position":1},"title":"A promessa do \u00f4nibus a R$ 2,00 em Gar\u00e7a e o jogo pol\u00edtico por tr\u00e1s da &#8220;revolu\u00e7\u00e3o&#8221; no transporte","author":"Di\u00e1rio de Gar\u00e7a","date":"3 de dezembro de 2025","format":false,"excerpt":"Enquanto o prefeito Jos\u00e9 Alcides Faneco (PL) anuncia nas redes sociais uma \"revolu\u00e7\u00e3o\" no transporte com tarifa popular, o edital oficial mant\u00e9m o teto em R$ 5,50. A viabilidade da promessa depende de um pol\u00eamico projeto que extinguiria as emendas impositivas dos vereadores, esbarra na Lei Org\u00e2nica e, conforme of\u00edcio\u2026","rel":"","context":"Em &quot;Gar\u00e7a&quot;","block_context":{"text":"Gar\u00e7a","link":"https:\/\/diariodegarca.com\/?cat=781171664"},"img":{"alt_text":"","src":"https:\/\/i0.wp.com\/diariodegarca.com\/wp-content\/uploads\/2025\/12\/WhatsApp-Image-2025-12-03-at-14.12.03-e1764782019963.jpeg?fit=640%2C422&ssl=1&resize=350%2C200","width":350,"height":200,"srcset":"https:\/\/i0.wp.com\/diariodegarca.com\/wp-content\/uploads\/2025\/12\/WhatsApp-Image-2025-12-03-at-14.12.03-e1764782019963.jpeg?fit=640%2C422&ssl=1&resize=350%2C200 1x, https:\/\/i0.wp.com\/diariodegarca.com\/wp-content\/uploads\/2025\/12\/WhatsApp-Image-2025-12-03-at-14.12.03-e1764782019963.jpeg?fit=640%2C422&ssl=1&resize=525%2C300 1.5x"},"classes":[]},{"id":9434,"url":"https:\/\/diariodegarca.com\/?p=9434","url_meta":{"origin":9355,"position":2},"title":"C\u00e2mara de Gar\u00e7a rejeita fim das emendas e proposta flex\u00edvel; divis\u00e3o exp\u00f5e conflito entre m\u00e9todo impositivo e volunt\u00e1rio","author":"Andreza Sega","date":"9 de dezembro de 2025","format":false,"excerpt":"Bloco governista prefere extin\u00e7\u00e3o total a modelo de op\u00e7\u00e3o individual; Legislativo mant\u00e9m controle sobre R$ 2,8 milh\u00f5es ap\u00f3s rejeitar ambas as alternativas por falta de garantias. A rejei\u00e7\u00e3o de duas propostas sobre as emendas impositivas na C\u00e2mara Municipal de Gar\u00e7a revelou uma divis\u00e3o profunda n\u00e3o sobre o destino dos recursos\u2026","rel":"","context":"Em &quot;Gar\u00e7a&quot;","block_context":{"text":"Gar\u00e7a","link":"https:\/\/diariodegarca.com\/?cat=781171664"},"img":{"alt_text":"","src":"https:\/\/i0.wp.com\/diariodegarca.com\/wp-content\/uploads\/2025\/12\/camara-41-sessao.jpg?fit=841%2C413&ssl=1&resize=350%2C200","width":350,"height":200,"srcset":"https:\/\/i0.wp.com\/diariodegarca.com\/wp-content\/uploads\/2025\/12\/camara-41-sessao.jpg?fit=841%2C413&ssl=1&resize=350%2C200 1x, https:\/\/i0.wp.com\/diariodegarca.com\/wp-content\/uploads\/2025\/12\/camara-41-sessao.jpg?fit=841%2C413&ssl=1&resize=525%2C300 1.5x, https:\/\/i0.wp.com\/diariodegarca.com\/wp-content\/uploads\/2025\/12\/camara-41-sessao.jpg?fit=841%2C413&ssl=1&resize=700%2C400 2x"},"classes":[]},{"id":9876,"url":"https:\/\/diariodegarca.com\/?p=9876","url_meta":{"origin":9355,"position":3},"title":"Vereadores e entidades de Gar\u00e7a t\u00eam at\u00e9 fevereiro para cumprir novas regras de emendas","author":"Di\u00e1rio de Gar\u00e7a","date":"8 de janeiro de 2026","format":false,"excerpt":"Decreto que estabelece prazos r\u00edgidos surge ap\u00f3s tentativa frustrada da base do prefeito de extinguir as emendas impositivas em 2025. Nova regra exige planejamento detalhado de cada projeto. Uma nova regra da Prefeitura de Gar\u00e7a, o\u00a0Decreto n\u00ba 10.489\/2025, imp\u00f5e um calend\u00e1rio apertado para vereadores e entidades que dependem das chamadas\u00a0emendas\u2026","rel":"","context":"Em &quot;Causa social&quot;","block_context":{"text":"Causa social","link":"https:\/\/diariodegarca.com\/?cat=781171849"},"img":{"alt_text":"","src":"https:\/\/i0.wp.com\/diariodegarca.com\/wp-content\/uploads\/2025\/11\/camara.jpg?fit=1200%2C802&ssl=1&resize=350%2C200","width":350,"height":200,"srcset":"https:\/\/i0.wp.com\/diariodegarca.com\/wp-content\/uploads\/2025\/11\/camara.jpg?fit=1200%2C802&ssl=1&resize=350%2C200 1x, https:\/\/i0.wp.com\/diariodegarca.com\/wp-content\/uploads\/2025\/11\/camara.jpg?fit=1200%2C802&ssl=1&resize=525%2C300 1.5x, https:\/\/i0.wp.com\/diariodegarca.com\/wp-content\/uploads\/2025\/11\/camara.jpg?fit=1200%2C802&ssl=1&resize=700%2C400 2x, https:\/\/i0.wp.com\/diariodegarca.com\/wp-content\/uploads\/2025\/11\/camara.jpg?fit=1200%2C802&ssl=1&resize=1050%2C600 3x"},"classes":[]},{"id":9463,"url":"https:\/\/diariodegarca.com\/?p=9463","url_meta":{"origin":9355,"position":4},"title":"C\u00e2mara de Gar\u00e7a aprova pol\u00eamicos reajustes para servidores","author":"Andreza Sega","date":"10 de dezembro de 2025","format":false,"excerpt":"Em sess\u00e3o marcada por debates acalorados, vereadores chancelam aumento de 5% no vale-alimenta\u00e7\u00e3o e criam aux\u00edlio-sa\u00fade de R$ 630 para aposentados, ignorando parecer jur\u00eddico. Procurador da Casa \u00e9 alvo de cr\u00edticas e corregedor anuncia apura\u00e7\u00e3o. A 41\u00aa Sess\u00e3o Ordin\u00e1ria da C\u00e2mara Municipal de Gar\u00e7a, na noite de segunda-feira, 8 de\u2026","rel":"","context":"Em &quot;Gar\u00e7a&quot;","block_context":{"text":"Gar\u00e7a","link":"https:\/\/diariodegarca.com\/?cat=781171664"},"img":{"alt_text":"","src":"https:\/\/i0.wp.com\/diariodegarca.com\/wp-content\/uploads\/2025\/12\/bate-boca.jpg?fit=838%2C409&ssl=1&resize=350%2C200","width":350,"height":200,"srcset":"https:\/\/i0.wp.com\/diariodegarca.com\/wp-content\/uploads\/2025\/12\/bate-boca.jpg?fit=838%2C409&ssl=1&resize=350%2C200 1x, https:\/\/i0.wp.com\/diariodegarca.com\/wp-content\/uploads\/2025\/12\/bate-boca.jpg?fit=838%2C409&ssl=1&resize=525%2C300 1.5x, https:\/\/i0.wp.com\/diariodegarca.com\/wp-content\/uploads\/2025\/12\/bate-boca.jpg?fit=838%2C409&ssl=1&resize=700%2C400 2x"},"classes":[]},{"id":9259,"url":"https:\/\/diariodegarca.com\/?p=9259","url_meta":{"origin":9355,"position":5},"title":"Emendas impositivas vs. transporte Popular: C\u00e2mara de Gar\u00e7a trava debate acalorado sobre o destino de R$ 2,8 milh\u00f5es","author":"Andreza Sega","date":"2 de dezembro de 2025","format":false,"excerpt":"Em sess\u00e3o tensa, vereadores divergem sobre projeto que extingue as emendas de vereadores para supostamente subsidiar a tarifa de \u00f4nibus, reduzindo-a para R$ 2. Vota\u00e7\u00e3o foi adiada para a pr\u00f3xima semana, ap\u00f3s ampla discuss\u00e3o que exp\u00f4s lados da moeda: prioridade ao transporte coletivo ou manuten\u00e7\u00e3o de recursos para institui\u00e7\u00f5es. A\u2026","rel":"","context":"Em &quot;Gar\u00e7a&quot;","block_context":{"text":"Gar\u00e7a","link":"https:\/\/diariodegarca.com\/?cat=781171664"},"img":{"alt_text":"","src":"https:\/\/i0.wp.com\/diariodegarca.com\/wp-content\/uploads\/2025\/11\/camara.jpg?fit=1200%2C802&ssl=1&resize=350%2C200","width":350,"height":200,"srcset":"https:\/\/i0.wp.com\/diariodegarca.com\/wp-content\/uploads\/2025\/11\/camara.jpg?fit=1200%2C802&ssl=1&resize=350%2C200 1x, https:\/\/i0.wp.com\/diariodegarca.com\/wp-content\/uploads\/2025\/11\/camara.jpg?fit=1200%2C802&ssl=1&resize=525%2C300 1.5x, https:\/\/i0.wp.com\/diariodegarca.com\/wp-content\/uploads\/2025\/11\/camara.jpg?fit=1200%2C802&ssl=1&resize=700%2C400 2x, https:\/\/i0.wp.com\/diariodegarca.com\/wp-content\/uploads\/2025\/11\/camara.jpg?fit=1200%2C802&ssl=1&resize=1050%2C600 3x"},"classes":[]}],"_links":{"self":[{"href":"https:\/\/diariodegarca.com\/index.php?rest_route=\/wp\/v2\/posts\/9355","targetHints":{"allow":["GET"]}}],"collection":[{"href":"https:\/\/diariodegarca.com\/index.php?rest_route=\/wp\/v2\/posts"}],"about":[{"href":"https:\/\/diariodegarca.com\/index.php?rest_route=\/wp\/v2\/types\/post"}],"author":[{"embeddable":true,"href":"https:\/\/diariodegarca.com\/index.php?rest_route=\/wp\/v2\/users\/260896548"}],"replies":[{"embeddable":true,"href":"https:\/\/diariodegarca.com\/index.php?rest_route=%2Fwp%2Fv2%2Fcomments&post=9355"}],"version-history":[{"count":11,"href":"https:\/\/diariodegarca.com\/index.php?rest_route=\/wp\/v2\/posts\/9355\/revisions"}],"predecessor-version":[{"id":9382,"href":"https:\/\/diariodegarca.com\/index.php?rest_route=\/wp\/v2\/posts\/9355\/revisions\/9382"}],"wp:featuredmedia":[{"embeddable":true,"href":"https:\/\/diariodegarca.com\/index.php?rest_route=\/wp\/v2\/media\/9364"}],"wp:attachment":[{"href":"https:\/\/diariodegarca.com\/index.php?rest_route=%2Fwp%2Fv2%2Fmedia&parent=9355"}],"wp:term":[{"taxonomy":"category","embeddable":true,"href":"https:\/\/diariodegarca.com\/index.php?rest_route=%2Fwp%2Fv2%2Fcategories&post=9355"},{"taxonomy":"post_tag","embeddable":true,"href":"https:\/\/diariodegarca.com\/index.php?rest_route=%2Fwp%2Fv2%2Ftags&post=9355"}],"curies":[{"name":"wp","href":"https:\/\/api.w.org\/{rel}","templated":true}]}}