{"id":9404,"date":"2025-12-08T14:58:21","date_gmt":"2025-12-08T17:58:21","guid":{"rendered":"https:\/\/diariodegarca.com\/?p=9404"},"modified":"2025-12-08T14:58:21","modified_gmt":"2025-12-08T17:58:21","slug":"em-final-garcense-ronaldo-felix-conquista-trofeu-originais-de-botonismo-em-catanduva","status":"publish","type":"post","link":"https:\/\/diariodegarca.com\/?p=9404","title":{"rendered":"Em final garcense, Ronaldo F\u00e9lix conquista trof\u00e9u Originais de Botonismo em Catanduva"},"content":{"rendered":"\n<p class=\"wp-block-paragraph\"><em>Com campanha de seis vit\u00f3rias em sete jogos, atleta supera conterr\u00e2neo Tico Cassola em decis\u00e3o equilibrada e fecha temporada com t\u00edtulo regional para a ADBG.<\/em><\/p>\n\n\n\n<p class=\"wp-block-paragraph\">Em uma final que colocou dois representantes de Gar\u00e7a frente a frente, <strong>Ronaldo F\u00e9lix<\/strong> foi coroado <strong>campe\u00e3o do Trof\u00e9u Originais de Botonismo<\/strong>, realizado<strong> em Catanduva<\/strong> no \u00faltimo s\u00e1bado, 6 de dezembro. A conquista veio ap\u00f3s uma campanha fant\u00e1stica, com seis triunfos em sete jogos disputados.<\/p>\n\n\n\n<p class=\"wp-block-paragraph\">A decis\u00e3o foi um cl\u00e1ssico regional, de muito equil\u00edbrio e t\u00e9cnica. Diante do tamb\u00e9m garcense Tico Cassola, Ronaldo F\u00e9lix garantiu o t\u00edtulo ao vencer a partida por 2 a 1, levantando a ta\u00e7a em uma competi\u00e7\u00e3o que reuniu botonistas de cidades como Ariranha, Catanduva, Gar\u00e7a, Mirassol e S\u00e3o Jos\u00e9 do Rio Preto.<\/p>\n\n\n\n<p class=\"wp-block-paragraph\">A delega\u00e7\u00e3o de Gar\u00e7a, representada pela Associa\u00e7\u00e3o Desportiva dos Botonistas de Gar\u00e7a (ADBG), teve atua\u00e7\u00e3o de destaque coletiva. Al\u00e9m dos finalistas, Adalberto Vargas Tosi ficou na 4\u00aa coloca\u00e7\u00e3o na S\u00e9rie Prata, e Marcelo Kagueyama alcan\u00e7ou a 8\u00aa posi\u00e7\u00e3o geral.<\/p>\n\n\n\n<p class=\"wp-block-paragraph\">Em suas redes sociais, a ADBG publicou um agradecimento aos organizadores do evento Originais de Catanduva, parabenizando-os pela &#8220;brilhante competi\u00e7\u00e3o&#8221; e reafirmando a parceria constru\u00edda ao longo dos anos de torneios. O t\u00edtulo de Ronaldo F\u00e9lix marca um momento de alegria para o botonismo da cidade, encerrando a temporada com uma expressiva conquista regional que coroa o trabalho da associa\u00e7\u00e3o.<\/p>\n","protected":false},"excerpt":{"rendered":"<p>Com campanha de seis vit\u00f3rias em sete jogos, atleta supera conterr\u00e2neo Tico Cassola em decis\u00e3o equilibrada e fecha temporada com t\u00edtulo regional para a ADBG. Em uma final que colocou dois representantes de Gar\u00e7a frente a frente, Ronaldo F\u00e9lix foi coroado campe\u00e3o do Trof\u00e9u Originais de Botonismo, realizado em Catanduva no \u00faltimo s\u00e1bado, 6 de [&hellip;]<\/p>\n","protected":false},"author":260896548,"featured_media":9405,"comment_status":"open","ping_status":"open","sticky":false,"template":"","format":"standard","meta":{"_crdt_document":"","_monsterinsights_skip_tracking":false,"_monsterinsights_sitenote_active":false,"_monsterinsights_sitenote_note":"","_monsterinsights_sitenote_category":0,"advanced_seo_description":"Ronaldo F\u00e9lix conquista o Trof\u00e9u Originais de Botonismo ap\u00f3s vencer Tico Cassola em final emocionante e fecha temporada com t\u00edtulo regional.","jetpack_seo_html_title":"Ronaldo F\u00e9lix \u00e9 campe\u00e3o do Trof\u00e9u Originais em Catanduva","jetpack_seo_noindex":false,"_jetpack_newsletter_access":"","_jetpack_dont_email_post_to_subs":false,"_jetpack_newsletter_tier_id":0,"_jetpack_memberships_contains_paywalled_content":false,"_jetpack_memberships_contains_paid_content":false,"footnotes":"","jetpack_publicize_message":"\ud83c\udfc6 FINAL GARCENSE COROA CAMPE\u00c3O! \n\nEm uma decis\u00e3o equilibrada entre conterr\u00e2neos, Ronaldo F\u00e9lix venceu Tico Cassola por 2 a 1 e conquistou o Trof\u00e9u Originais de Botonismo em Catanduva. A campanha teve seis vit\u00f3rias em sete jogos!\n\nA delega\u00e7\u00e3o da Associa\u00e7\u00e3o Desportiva dos Botonistas de Gar\u00e7a (ADBG) brilhou: al\u00e9m do t\u00edtulo, Adalberto Tosi foi 4\u00ba na S\u00e9rie Prata e Marcelo Kagueyama, 8\u00ba geral.\n\nUm encerramento de temporada vitorioso para o botonismo garcense! \ud83d\udcc8\n\nLeia a mat\u00e9ria completa no site diariodegarca.com!\n\n#Botonismo #FutebolDeMesa #FutebolRaiz #Esporte #Competi\u00e7\u00e3o #Gar\u00e7a #ADBG #Campe\u00e3o #TrofeuOriginais #Catanduva #Vitoria #EsportesMentais @adbg123botonismogarca @adalbertotosi @rfelix81 @wanderleyticocassolla @marcelohkagueyama @fcoriginais","jetpack_publicize_feature_enabled":true,"jetpack_social_post_already_shared":false,"jetpack_social_options":{"image_generator_settings":{"template":"highway","default_image_id":0,"font":"","enabled":false},"version":2},"_wpas_customize_per_network":false,"jetpack_post_was_ever_published":false},"categories":[14995114,285818,10889,781171664,781171859,781171845],"tags":[],"class_list":["post-9404","post","type-post","status-publish","format-standard","has-post-thumbnail","hentry","category-ariranha","category-catanduva","category-esporte","category-garca-cidade","category-mirassol","category-sao-jose-do-rio-preto"],"jetpack_publicize_connections":[],"jetpack_featured_media_url":"https:\/\/i0.wp.com\/diariodegarca.com\/wp-content\/uploads\/2025\/12\/SaveGram.App_587982185_18086298842513466_7436519908922999823_n-e1765216391483.webp?fit=1080%2C588&ssl=1","jetpack_likes_enabled":true,"jetpack_sharing_enabled":true,"jetpack_shortlink":"https:\/\/wp.me\/pgitne-2rG","jetpack-related-posts":[{"id":5640,"url":"https:\/\/diariodegarca.com\/?p=5640","url_meta":{"origin":9404,"position":0},"title":"Garcenses disputar\u00e3o regional de Futebol de Mesa em Bauru","author":"Di\u00e1rio de Gar\u00e7a","date":"15 de agosto de 2025","format":false,"excerpt":"Delega\u00e7\u00e3o garcense participar\u00e1 do torneio, incluindo o jovem Cael Pelegrini, de 6 anos, na estreante categoria infantil. Neste s\u00e1bado, 16 de agosto, a partir das 9h, cinco botonistas garcenses da categoria adulto e um da infantil estar\u00e3o em a\u00e7\u00e3o na\u00a0Kanguru's Regional Cup, torneio de futebol de mesa que ser\u00e1 realizado\u2026","rel":"","context":"Em &quot;Bauru&quot;","block_context":{"text":"Bauru","link":"https:\/\/diariodegarca.com\/?cat=1357691"},"img":{"alt_text":"","src":"https:\/\/i0.wp.com\/diariodegarca.com\/wp-content\/uploads\/2025\/08\/tico-cael.jpg?fit=1200%2C1129&ssl=1&resize=350%2C200","width":350,"height":200,"srcset":"https:\/\/i0.wp.com\/diariodegarca.com\/wp-content\/uploads\/2025\/08\/tico-cael.jpg?fit=1200%2C1129&ssl=1&resize=350%2C200 1x, https:\/\/i0.wp.com\/diariodegarca.com\/wp-content\/uploads\/2025\/08\/tico-cael.jpg?fit=1200%2C1129&ssl=1&resize=525%2C300 1.5x, https:\/\/i0.wp.com\/diariodegarca.com\/wp-content\/uploads\/2025\/08\/tico-cael.jpg?fit=1200%2C1129&ssl=1&resize=700%2C400 2x, https:\/\/i0.wp.com\/diariodegarca.com\/wp-content\/uploads\/2025\/08\/tico-cael.jpg?fit=1200%2C1129&ssl=1&resize=1050%2C600 3x"},"classes":[]},{"id":5703,"url":"https:\/\/diariodegarca.com\/?p=5703","url_meta":{"origin":9404,"position":1},"title":"Cassiano Pelegrini brilha e conquista t\u00edtulo na Kanguru&#8217;s Cup em Bauru","author":"Di\u00e1rio de Gar\u00e7a","date":"17 de agosto de 2025","format":false,"excerpt":"Botonistas de Gar\u00e7a se destacam em torneio regional de futebol de mesa, com vit\u00f3ria expressiva e desempenho coletivo. Os botonistas de Gar\u00e7a demonstraram for\u00e7a e habilidade no \u00faltimo s\u00e1bado, 16 de agosto, durante a\u00a0Kanguru's Cup, torneio regional de futebol de mesa realizado em\u00a0Bauru, no clube Arapongas. O evento reuniu\u00a016 competidores\u2026","rel":"","context":"Em &quot;Ariranha&quot;","block_context":{"text":"Ariranha","link":"https:\/\/diariodegarca.com\/?cat=14995114"},"img":{"alt_text":"","src":"https:\/\/i0.wp.com\/diariodegarca.com\/wp-content\/uploads\/2025\/08\/snapinsta.to_533579008_18073265045513466_6593761345884731041_n.webp?fit=1080%2C1080&ssl=1&resize=350%2C200","width":350,"height":200,"srcset":"https:\/\/i0.wp.com\/diariodegarca.com\/wp-content\/uploads\/2025\/08\/snapinsta.to_533579008_18073265045513466_6593761345884731041_n.webp?fit=1080%2C1080&ssl=1&resize=350%2C200 1x, https:\/\/i0.wp.com\/diariodegarca.com\/wp-content\/uploads\/2025\/08\/snapinsta.to_533579008_18073265045513466_6593761345884731041_n.webp?fit=1080%2C1080&ssl=1&resize=525%2C300 1.5x, https:\/\/i0.wp.com\/diariodegarca.com\/wp-content\/uploads\/2025\/08\/snapinsta.to_533579008_18073265045513466_6593761345884731041_n.webp?fit=1080%2C1080&ssl=1&resize=700%2C400 2x, https:\/\/i0.wp.com\/diariodegarca.com\/wp-content\/uploads\/2025\/08\/snapinsta.to_533579008_18073265045513466_6593761345884731041_n.webp?fit=1080%2C1080&ssl=1&resize=1050%2C600 3x"},"classes":[]},{"id":9991,"url":"https:\/\/diariodegarca.com\/?p=9991","url_meta":{"origin":9404,"position":2},"title":"Botonistas divulgam calend\u00e1rio da temporada 2026 em Gar\u00e7a","author":"Di\u00e1rio de Gar\u00e7a","date":"9 de janeiro de 2026","format":false,"excerpt":"ADBG confirma s\u00e9tima temporada do botonismo garcense com competi\u00e7\u00f5es ao longo de todo o ano e eventos de destaque regional e nacional A Associa\u00e7\u00e3o Desportiva dos Botonistas de Gar\u00e7a (ADBG) divulgou nesta semana o calend\u00e1rio oficial da temporada 2026 do botonismo garcense. Sob a presid\u00eancia de Ronaldo Felix, a entidade\u2026","rel":"","context":"Em &quot;Esporte&quot;","block_context":{"text":"Esporte","link":"https:\/\/diariodegarca.com\/?cat=10889"},"img":{"alt_text":"","src":"https:\/\/i0.wp.com\/diariodegarca.com\/wp-content\/uploads\/2026\/01\/botonismo-Garca.webp?fit=1080%2C931&ssl=1&resize=350%2C200","width":350,"height":200,"srcset":"https:\/\/i0.wp.com\/diariodegarca.com\/wp-content\/uploads\/2026\/01\/botonismo-Garca.webp?fit=1080%2C931&ssl=1&resize=350%2C200 1x, https:\/\/i0.wp.com\/diariodegarca.com\/wp-content\/uploads\/2026\/01\/botonismo-Garca.webp?fit=1080%2C931&ssl=1&resize=525%2C300 1.5x, https:\/\/i0.wp.com\/diariodegarca.com\/wp-content\/uploads\/2026\/01\/botonismo-Garca.webp?fit=1080%2C931&ssl=1&resize=700%2C400 2x, https:\/\/i0.wp.com\/diariodegarca.com\/wp-content\/uploads\/2026\/01\/botonismo-Garca.webp?fit=1080%2C931&ssl=1&resize=1050%2C600 3x"},"classes":[]},{"id":2339,"url":"https:\/\/diariodegarca.com\/?p=2339","url_meta":{"origin":9404,"position":3},"title":"Botonismo garcense celebra 2\u00aa etapa do Municipal 2025 em mem\u00f3ria de F\u00e1bio Bonassa","author":"Di\u00e1rio de Gar\u00e7a","date":"16 de abril de 2025","format":false,"excerpt":"No pr\u00f3ximo s\u00e1bado,\u00a026 de abril, s\u00e1bado, a cidade de\u00a0Gar\u00e7a\u00a0se reunir\u00e1 em torno de uma das tradi\u00e7\u00f5es esportivas mais queridas da regi\u00e3o: o\u00a0futebol de mesa.\u00a0A\u00a0Associa\u00e7\u00e3o Desportiva dos Botonistas de Gar\u00e7a (ADBG), com o apoio do\u00a0Mercado Ducido, promove a\u00a02\u00aa etapa do Campeonato Municipal 2025, que acontecer\u00e1 no\u00a0Gr\u00eamio Teatral Leopoldo Fr\u00f3es, a partir\u2026","rel":"","context":"Em &quot;Brasil&quot;","block_context":{"text":"Brasil","link":"https:\/\/diariodegarca.com\/?cat=38185"},"img":{"alt_text":"","src":"https:\/\/i0.wp.com\/blogger.googleusercontent.com\/img\/b\/R29vZ2xl\/AVvXsEi0ov53sonTYf4SsC6k80aa_xwhi-8eJbJ2fIB3Wx-uD225vrRFZ8Tm3TNAner96PAKqfPJFemn_2gigyXhUsGbYIu3u6Tadb3Ieu5GhphjK-ixRkG0EJ1DjjiQq-Gyu9f4Br5-sApkOft-r14_LlbWMLM2kjbpmE2bX6iLRdTPrgvYZ9-DYNT4N4985qU\/s320\/6796df6b-e6b7-4e24-9d1a-c495b846745c.jpeg?resize=350%2C200&ssl=1","width":350,"height":200},"classes":[]},{"id":2614,"url":"https:\/\/diariodegarca.com\/?p=2614","url_meta":{"origin":9404,"position":4},"title":"Gar\u00e7a se despede de F\u00e1bio Bonassa: jornalista, empres\u00e1rio e pessoa admir\u00e1vel","author":"Di\u00e1rio de Gar\u00e7a","date":"16 de mar\u00e7o de 2025","format":false,"excerpt":"F\u00e1bio Bonassa, renomado jornalista, comunicador e entusiasta do desenvolvimento regional, faleceu no dia 16 de mar\u00e7o de 2025, aos 54 anos, v\u00edtima de um infarto fulminante. Natural de Adamantina, Bonassa deixou um legado marcante n\u00e3o apenas no jornalismo, mas tamb\u00e9m na gest\u00e3o p\u00fablica, no fomento ao turismo, em a\u00e7\u00f5es sociais\u2026","rel":"","context":"Em &quot;Brasil&quot;","block_context":{"text":"Brasil","link":"https:\/\/diariodegarca.com\/?cat=38185"},"img":{"alt_text":"","src":"","width":0,"height":0},"classes":[]},{"id":8401,"url":"https:\/\/diariodegarca.com\/?p=8401","url_meta":{"origin":9404,"position":5},"title":"Envolventes conquista o t\u00edtulo do 2\u00ba Campeonato de Futsal de \u00c1lvaro de Carvalho","author":"Fabiano Oliveira","date":"4 de novembro de 2025","format":false,"excerpt":"Com direito a emo\u00e7\u00e3o, gols e grandes atua\u00e7\u00f5es individuais, chegou ao fim no \u00faltimo s\u00e1bado, dia 1\u00ba, o 2\u00ba Campeonato de Futsal de \u00c1lvaro de Carvalho. A competi\u00e7\u00e3o reuniu 13 equipes de toda a regi\u00e3o e contou com a participa\u00e7\u00e3o de 153 atletas, movimentando o cen\u00e1rio esportivo local e promovendo\u2026","rel":"","context":"Em &quot;\u00c1lvaro de Carvalho&quot;","block_context":{"text":"\u00c1lvaro de Carvalho","link":"https:\/\/diariodegarca.com\/?cat=29815376"},"img":{"alt_text":"","src":"https:\/\/i0.wp.com\/diariodegarca.com\/wp-content\/uploads\/2025\/11\/IMG_2160.jpg?fit=1200%2C800&ssl=1&resize=350%2C200","width":350,"height":200,"srcset":"https:\/\/i0.wp.com\/diariodegarca.com\/wp-content\/uploads\/2025\/11\/IMG_2160.jpg?fit=1200%2C800&ssl=1&resize=350%2C200 1x, https:\/\/i0.wp.com\/diariodegarca.com\/wp-content\/uploads\/2025\/11\/IMG_2160.jpg?fit=1200%2C800&ssl=1&resize=525%2C300 1.5x, https:\/\/i0.wp.com\/diariodegarca.com\/wp-content\/uploads\/2025\/11\/IMG_2160.jpg?fit=1200%2C800&ssl=1&resize=700%2C400 2x, https:\/\/i0.wp.com\/diariodegarca.com\/wp-content\/uploads\/2025\/11\/IMG_2160.jpg?fit=1200%2C800&ssl=1&resize=1050%2C600 3x"},"classes":[]}],"_links":{"self":[{"href":"https:\/\/diariodegarca.com\/index.php?rest_route=\/wp\/v2\/posts\/9404","targetHints":{"allow":["GET"]}}],"collection":[{"href":"https:\/\/diariodegarca.com\/index.php?rest_route=\/wp\/v2\/posts"}],"about":[{"href":"https:\/\/diariodegarca.com\/index.php?rest_route=\/wp\/v2\/types\/post"}],"author":[{"embeddable":true,"href":"https:\/\/diariodegarca.com\/index.php?rest_route=\/wp\/v2\/users\/260896548"}],"replies":[{"embeddable":true,"href":"https:\/\/diariodegarca.com\/index.php?rest_route=%2Fwp%2Fv2%2Fcomments&post=9404"}],"version-history":[{"count":2,"href":"https:\/\/diariodegarca.com\/index.php?rest_route=\/wp\/v2\/posts\/9404\/revisions"}],"predecessor-version":[{"id":9407,"href":"https:\/\/diariodegarca.com\/index.php?rest_route=\/wp\/v2\/posts\/9404\/revisions\/9407"}],"wp:featuredmedia":[{"embeddable":true,"href":"https:\/\/diariodegarca.com\/index.php?rest_route=\/wp\/v2\/media\/9405"}],"wp:attachment":[{"href":"https:\/\/diariodegarca.com\/index.php?rest_route=%2Fwp%2Fv2%2Fmedia&parent=9404"}],"wp:term":[{"taxonomy":"category","embeddable":true,"href":"https:\/\/diariodegarca.com\/index.php?rest_route=%2Fwp%2Fv2%2Fcategories&post=9404"},{"taxonomy":"post_tag","embeddable":true,"href":"https:\/\/diariodegarca.com\/index.php?rest_route=%2Fwp%2Fv2%2Ftags&post=9404"}],"curies":[{"name":"wp","href":"https:\/\/api.w.org\/{rel}","templated":true}]}}