{"id":9413,"date":"2025-12-08T15:59:03","date_gmt":"2025-12-08T18:59:03","guid":{"rendered":"https:\/\/diariodegarca.com\/?p=9413"},"modified":"2025-12-08T15:59:03","modified_gmt":"2025-12-08T18:59:03","slug":"anvisa-suspende-tonico-capilar-com-minoxidil-apreende-cosmeticos-e-saneantes-ilegais","status":"publish","type":"post","link":"https:\/\/diariodegarca.com\/?p=9413","title":{"rendered":"Anvisa suspende t\u00f4nico capilar com &#8220;minoxidil&#8221;, apreende cosm\u00e9ticos e saneantes ilegais"},"content":{"rendered":"\n<p class=\"wp-block-paragraph\"><strong>Ag\u00eancia determinou recolhimento e proibi\u00e7\u00e3o de seis linhas de produtos, incluindo itens que simulam medicamento para crescimento de cabelos e produtos de empresas fantasmas.<\/strong><\/p>\n\n\n\n<p class=\"wp-block-paragraph\">A Ag\u00eancia Nacional de Vigil\u00e2ncia Sanit\u00e1ria (Anvisa) publicou no Di\u00e1rio Oficial da Uni\u00e3o desta segunda-feira, 8 de dezembro, uma resolu\u00e7\u00e3o que determina a suspens\u00e3o, apreens\u00e3o e proibi\u00e7\u00e3o de uma s\u00e9rie de produtos irregulares. A medida abrange desde um t\u00f4nico capilar que promete efeitos id\u00eanticos ao do medicamento Minoxidil at\u00e9 cosm\u00e9ticos e saneantes fabricados e vendidos sem qualquer registro sanit\u00e1rio. A a\u00e7\u00e3o visa proteger os consumidores de riscos \u00e0 sa\u00fade e coibir a comercializa\u00e7\u00e3o de itens fora das normas.<\/p>\n\n\n\n<p class=\"wp-block-paragraph\">As decis\u00f5es, assinadas pelo gerente-geral de Inspe\u00e7\u00e3o e Fiscaliza\u00e7\u00e3o Sanit\u00e1ria, Marcus Aur\u00e9lio Miranda de Ara\u00fajo, foram publicadas na\u00a0<strong>Resolu\u00e7\u00e3o-RE n\u00ba 4.955, de 5 de dezembro de 2025<\/strong>, e j\u00e1 est\u00e3o em vigor. A fiscaliza\u00e7\u00e3o identificou infra\u00e7\u00f5es graves, como alega\u00e7\u00f5es terap\u00eauticas em cosm\u00e9ticos e fabrica\u00e7\u00e3o por empresas sem autoriza\u00e7\u00e3o.<\/p>\n\n\n\n<p class=\"wp-block-paragraph\"><strong>Confira a lista completa de produtos e as medidas determinadas pela Anvisa:<\/strong><\/p>\n\n\n\n<figure class=\"wp-block-image size-full is-resized\"><img data-recalc-dims=\"1\" loading=\"lazy\" decoding=\"async\" width=\"247\" height=\"449\" data-attachment-id=\"9415\" data-permalink=\"https:\/\/diariodegarca.com\/?attachment_id=9415\" data-orig-file=\"https:\/\/i0.wp.com\/diariodegarca.com\/wp-content\/uploads\/2025\/12\/minoxi-turbo.jpg?fit=247%2C449&amp;ssl=1\" data-orig-size=\"247,449\" data-comments-opened=\"1\" data-image-meta=\"{&quot;aperture&quot;:&quot;0&quot;,&quot;credit&quot;:&quot;&quot;,&quot;camera&quot;:&quot;&quot;,&quot;caption&quot;:&quot;&quot;,&quot;created_timestamp&quot;:&quot;0&quot;,&quot;copyright&quot;:&quot;&quot;,&quot;focal_length&quot;:&quot;0&quot;,&quot;iso&quot;:&quot;0&quot;,&quot;shutter_speed&quot;:&quot;0&quot;,&quot;title&quot;:&quot;&quot;,&quot;orientation&quot;:&quot;0&quot;}\" data-image-title=\"minoxi turbo\" data-image-description=\"\" data-image-caption=\"\" data-large-file=\"https:\/\/i0.wp.com\/diariodegarca.com\/wp-content\/uploads\/2025\/12\/minoxi-turbo.jpg?fit=247%2C449&amp;ssl=1\" src=\"https:\/\/i0.wp.com\/diariodegarca.com\/wp-content\/uploads\/2025\/12\/minoxi-turbo.jpg?resize=247%2C449&#038;ssl=1\" alt=\"Frasco de t\u00f4nico capilar Minoxi Turbo, com r\u00f3tulo indicando uso para crescimento de cabelo, barba e bigode.\" class=\"wp-image-9415\" style=\"width:128px;height:auto\" srcset=\"https:\/\/i0.wp.com\/diariodegarca.com\/wp-content\/uploads\/2025\/12\/minoxi-turbo.jpg?w=247&amp;ssl=1 247w, https:\/\/i0.wp.com\/diariodegarca.com\/wp-content\/uploads\/2025\/12\/minoxi-turbo.jpg?resize=165%2C300&amp;ssl=1 165w\" sizes=\"auto, (max-width: 247px) 100vw, 247px\" \/><\/figure>\n\n\n\n<p class=\"wp-block-paragraph\"><strong>1. T\u00f4nico Capilar Minoxi Turbo Glammour Professional<\/strong><\/p>\n\n\n\n<ul class=\"wp-block-list\">\n<li><strong>Empresa:<\/strong>\u00a0Glammour Professional Ltda &#8211; ME (CNPJ: 15.765.912\/0001-21)<\/li>\n\n\n\n<li><strong>Tipo:<\/strong>\u00a0Cosm\u00e9tico<\/li>\n\n\n\n<li><strong>A\u00e7\u00f5es de Fiscaliza\u00e7\u00e3o:<\/strong>\u00a0<strong>Recolhimento<\/strong>\u00a0do mercado e\u00a0<strong>suspens\u00e3o<\/strong>\u00a0da comercializa\u00e7\u00e3o, distribui\u00e7\u00e3o, fabrica\u00e7\u00e3o, propaganda e uso.<\/li>\n\n\n\n<li><strong>Motiva\u00e7\u00e3o:<\/strong>\u00a0O produto foi registrado como cosm\u00e9tico, mas seu r\u00f3tulo faz refer\u00eancia ao Minoxidil \u2013 princ\u00edpio ativo de medicamento de uso controlado \u2013 e traz alega\u00e7\u00f5es terap\u00eauticas. Ele \u00e9 anunciado como &#8220;estimulante do crescimento de barba, cabelo e bigode&#8221;. A pr\u00e1tica viola a legisla\u00e7\u00e3o sanit\u00e1ria, incluindo a RDC 529\/2021, que lista o Minoxidil como subst\u00e2ncia n\u00e3o permitida em cosm\u00e9ticos.<\/li>\n<\/ul>\n\n\n\n<figure class=\"wp-block-image size-full is-resized\"><img data-recalc-dims=\"1\" loading=\"lazy\" decoding=\"async\" width=\"206\" height=\"312\" data-attachment-id=\"9416\" data-permalink=\"https:\/\/diariodegarca.com\/?attachment_id=9416\" data-orig-file=\"https:\/\/i0.wp.com\/diariodegarca.com\/wp-content\/uploads\/2025\/12\/macho-alfa.jpg?fit=206%2C312&amp;ssl=1\" data-orig-size=\"206,312\" data-comments-opened=\"1\" data-image-meta=\"{&quot;aperture&quot;:&quot;0&quot;,&quot;credit&quot;:&quot;&quot;,&quot;camera&quot;:&quot;&quot;,&quot;caption&quot;:&quot;&quot;,&quot;created_timestamp&quot;:&quot;0&quot;,&quot;copyright&quot;:&quot;&quot;,&quot;focal_length&quot;:&quot;0&quot;,&quot;iso&quot;:&quot;0&quot;,&quot;shutter_speed&quot;:&quot;0&quot;,&quot;title&quot;:&quot;&quot;,&quot;orientation&quot;:&quot;0&quot;}\" data-image-title=\"macho alfa\" data-image-description=\"\" data-image-caption=\"\" data-large-file=\"https:\/\/i0.wp.com\/diariodegarca.com\/wp-content\/uploads\/2025\/12\/macho-alfa.jpg?fit=206%2C312&amp;ssl=1\" src=\"https:\/\/i0.wp.com\/diariodegarca.com\/wp-content\/uploads\/2025\/12\/macho-alfa.jpg?resize=206%2C312&#038;ssl=1\" alt=\"Frascos de spray do produto Macho Alfa Minoxidil Turbo 15% com r\u00f3tulo em destaque, apresentando um design moderno e ilustra\u00e7\u00e3o de um homem com barba.\" class=\"wp-image-9416\" style=\"width:139px;height:auto\" srcset=\"https:\/\/i0.wp.com\/diariodegarca.com\/wp-content\/uploads\/2025\/12\/macho-alfa.jpg?w=206&amp;ssl=1 206w, https:\/\/i0.wp.com\/diariodegarca.com\/wp-content\/uploads\/2025\/12\/macho-alfa.jpg?resize=198%2C300&amp;ssl=1 198w\" sizes=\"auto, (max-width: 206px) 100vw, 206px\" \/><\/figure>\n\n\n\n<p class=\"wp-block-paragraph\"><strong>2. Macho Alfa Minoxidil Turbo 15%<\/strong><\/p>\n\n\n\n<ul class=\"wp-block-list\">\n<li><strong>Empresa:<\/strong>\u00a0Douglas Rafael Oliveira da Silva (CNPJ: 23.464.671\/0001-09)<\/li>\n\n\n\n<li><strong>Tipo:<\/strong>\u00a0Cosm\u00e9tico<\/li>\n\n\n\n<li><strong>A\u00e7\u00f5es de Fiscaliza\u00e7\u00e3o:<\/strong>\u00a0<strong>Apreens\u00e3o<\/strong>\u00a0e\u00a0<strong>proibi\u00e7\u00e3o<\/strong>\u00a0da comercializa\u00e7\u00e3o, distribui\u00e7\u00e3o, fabrica\u00e7\u00e3o, propaganda e uso.<\/li>\n\n\n\n<li><strong>Motiva\u00e7\u00e3o:<\/strong>\u00a0Produto cosm\u00e9tico fabricado e comercializado sem registro sanit\u00e1rio, por empresa que n\u00e3o possui autoriza\u00e7\u00e3o de funcionamento para tal atividade.<\/li>\n<\/ul>\n\n\n\n<figure class=\"wp-block-image size-full is-resized\"><img data-recalc-dims=\"1\" loading=\"lazy\" decoding=\"async\" width=\"601\" height=\"725\" data-attachment-id=\"9417\" data-permalink=\"https:\/\/diariodegarca.com\/?attachment_id=9417\" data-orig-file=\"https:\/\/i0.wp.com\/diariodegarca.com\/wp-content\/uploads\/2025\/12\/bangna.jpg?fit=601%2C725&amp;ssl=1\" data-orig-size=\"601,725\" data-comments-opened=\"1\" data-image-meta=\"{&quot;aperture&quot;:&quot;0&quot;,&quot;credit&quot;:&quot;&quot;,&quot;camera&quot;:&quot;&quot;,&quot;caption&quot;:&quot;&quot;,&quot;created_timestamp&quot;:&quot;0&quot;,&quot;copyright&quot;:&quot;&quot;,&quot;focal_length&quot;:&quot;0&quot;,&quot;iso&quot;:&quot;0&quot;,&quot;shutter_speed&quot;:&quot;0&quot;,&quot;title&quot;:&quot;&quot;,&quot;orientation&quot;:&quot;0&quot;}\" data-image-title=\"bangna\" data-image-description=\"\" data-image-caption=\"\" data-large-file=\"https:\/\/i0.wp.com\/diariodegarca.com\/wp-content\/uploads\/2025\/12\/bangna.jpg?fit=601%2C725&amp;ssl=1\" src=\"https:\/\/i0.wp.com\/diariodegarca.com\/wp-content\/uploads\/2025\/12\/bangna.jpg?resize=601%2C725&#038;ssl=1\" alt=\"Produto cosm\u00e9tico Bangna Pang Pang Hair Shadow, contendo um espelho e aplicador, em embalagem marrom.\" class=\"wp-image-9417\" style=\"aspect-ratio:0.8289988954714329;width:142px;height:auto\" srcset=\"https:\/\/i0.wp.com\/diariodegarca.com\/wp-content\/uploads\/2025\/12\/bangna.jpg?w=601&amp;ssl=1 601w, https:\/\/i0.wp.com\/diariodegarca.com\/wp-content\/uploads\/2025\/12\/bangna.jpg?resize=249%2C300&amp;ssl=1 249w\" sizes=\"auto, (max-width: 601px) 100vw, 601px\" \/><\/figure>\n\n\n\n<p class=\"wp-block-paragraph\"><strong>3. Maquiagem Capilar Bangna (P\u00f3 Capilar\/Hair Shadow\/Sombra em P\u00f3)<\/strong><\/p>\n\n\n\n<ul class=\"wp-block-list\">\n<li><strong>Empresa:<\/strong>\u00a0Desconhecida (CNPJ n\u00e3o identificado)<\/li>\n\n\n\n<li><strong>Tipo:<\/strong>\u00a0Cosm\u00e9tico<\/li>\n\n\n\n<li><strong>A\u00e7\u00f5es de Fiscaliza\u00e7\u00e3o:<\/strong>\u00a0<strong>Apreens\u00e3o<\/strong>\u00a0e\u00a0<strong>proibi\u00e7\u00e3o<\/strong>\u00a0da comercializa\u00e7\u00e3o, distribui\u00e7\u00e3o, fabrica\u00e7\u00e3o, propaganda e uso.<\/li>\n\n\n\n<li><strong>Motiva\u00e7\u00e3o:<\/strong>\u00a0Fabrica\u00e7\u00e3o e venda de cosm\u00e9ticos sem registro por empresa n\u00e3o autorizada.<\/li>\n<\/ul>\n\n\n\n<figure class=\"wp-block-image size-full is-resized\"><img data-recalc-dims=\"1\" loading=\"lazy\" decoding=\"async\" width=\"355\" height=\"572\" data-attachment-id=\"9419\" data-permalink=\"https:\/\/diariodegarca.com\/?attachment_id=9419\" data-orig-file=\"https:\/\/i0.wp.com\/diariodegarca.com\/wp-content\/uploads\/2025\/12\/Sabo-Ageless.jpg?fit=355%2C572&amp;ssl=1\" data-orig-size=\"355,572\" data-comments-opened=\"1\" data-image-meta=\"{&quot;aperture&quot;:&quot;0&quot;,&quot;credit&quot;:&quot;&quot;,&quot;camera&quot;:&quot;&quot;,&quot;caption&quot;:&quot;&quot;,&quot;created_timestamp&quot;:&quot;0&quot;,&quot;copyright&quot;:&quot;&quot;,&quot;focal_length&quot;:&quot;0&quot;,&quot;iso&quot;:&quot;0&quot;,&quot;shutter_speed&quot;:&quot;0&quot;,&quot;title&quot;:&quot;&quot;,&quot;orientation&quot;:&quot;0&quot;}\" data-image-title=\"Sab\u00f4 Ageless\" data-image-description=\"\" data-image-caption=\"\" data-large-file=\"https:\/\/i0.wp.com\/diariodegarca.com\/wp-content\/uploads\/2025\/12\/Sabo-Ageless.jpg?fit=355%2C572&amp;ssl=1\" src=\"https:\/\/i0.wp.com\/diariodegarca.com\/wp-content\/uploads\/2025\/12\/Sabo-Ageless.jpg?resize=355%2C572&#038;ssl=1\" alt=\"Frasco de spray de leave-in da marca Sab\u00f4 Ageless, com r\u00f3tulo em destaque e informa\u00e7\u00f5es sobre o produto.\" class=\"wp-image-9419\" style=\"width:108px;height:auto\" srcset=\"https:\/\/i0.wp.com\/diariodegarca.com\/wp-content\/uploads\/2025\/12\/Sabo-Ageless.jpg?w=355&amp;ssl=1 355w, https:\/\/i0.wp.com\/diariodegarca.com\/wp-content\/uploads\/2025\/12\/Sabo-Ageless.jpg?resize=186%2C300&amp;ssl=1 186w\" sizes=\"auto, (max-width: 355px) 100vw, 355px\" \/><\/figure>\n\n\n\n<p class=\"wp-block-paragraph\"><strong>4. Produtos Cosm\u00e9ticos da marca Sab\u00f4 Ageless<\/strong><\/p>\n\n\n\n<ul class=\"wp-block-list\">\n<li><strong>Empresa:<\/strong>\u00a0Desconhecida (CNPJ n\u00e3o identificado)<\/li>\n\n\n\n<li><strong>Tipo:<\/strong>\u00a0Cosm\u00e9tico<\/li>\n\n\n\n<li><strong>A\u00e7\u00f5es de Fiscaliza\u00e7\u00e3o:<\/strong>\u00a0<strong>Apreens\u00e3o<\/strong>\u00a0de todos os produtos da marca e\u00a0<strong>proibi\u00e7\u00e3o<\/strong>\u00a0da comercializa\u00e7\u00e3o, distribui\u00e7\u00e3o, fabrica\u00e7\u00e3o, propaganda e uso.<\/li>\n\n\n\n<li><strong>Motiva\u00e7\u00e3o:<\/strong>\u00a0Comercializa\u00e7\u00e3o, exposi\u00e7\u00e3o \u00e0 venda e fabrica\u00e7\u00e3o de cosm\u00e9ticos sem registro por empresa sem autoriza\u00e7\u00e3o de funcionamento.<\/li>\n<\/ul>\n\n\n\n<figure class=\"wp-block-image size-full is-resized\"><img data-recalc-dims=\"1\" loading=\"lazy\" decoding=\"async\" width=\"209\" height=\"374\" data-attachment-id=\"9418\" data-permalink=\"https:\/\/diariodegarca.com\/?attachment_id=9418\" data-orig-file=\"https:\/\/i0.wp.com\/diariodegarca.com\/wp-content\/uploads\/2025\/12\/acta-bti.jpg?fit=209%2C374&amp;ssl=1\" data-orig-size=\"209,374\" data-comments-opened=\"1\" data-image-meta=\"{&quot;aperture&quot;:&quot;0&quot;,&quot;credit&quot;:&quot;&quot;,&quot;camera&quot;:&quot;&quot;,&quot;caption&quot;:&quot;&quot;,&quot;created_timestamp&quot;:&quot;0&quot;,&quot;copyright&quot;:&quot;&quot;,&quot;focal_length&quot;:&quot;0&quot;,&quot;iso&quot;:&quot;0&quot;,&quot;shutter_speed&quot;:&quot;0&quot;,&quot;title&quot;:&quot;&quot;,&quot;orientation&quot;:&quot;0&quot;}\" data-image-title=\"acta bti\" data-image-description=\"\" data-image-caption=\"\" data-large-file=\"https:\/\/i0.wp.com\/diariodegarca.com\/wp-content\/uploads\/2025\/12\/acta-bti.jpg?fit=209%2C374&amp;ssl=1\" src=\"https:\/\/i0.wp.com\/diariodegarca.com\/wp-content\/uploads\/2025\/12\/acta-bti.jpg?resize=209%2C374&#038;ssl=1\" alt=\"Frasco de Acta BTi, um bioinseticida, com r\u00f3tulo claro e informa\u00e7\u00f5es sobre o produto.\" class=\"wp-image-9418\" style=\"width:71px;height:auto\" srcset=\"https:\/\/i0.wp.com\/diariodegarca.com\/wp-content\/uploads\/2025\/12\/acta-bti.jpg?w=209&amp;ssl=1 209w, https:\/\/i0.wp.com\/diariodegarca.com\/wp-content\/uploads\/2025\/12\/acta-bti.jpg?resize=168%2C300&amp;ssl=1 168w\" sizes=\"auto, (max-width: 209px) 100vw, 209px\" \/><\/figure>\n\n\n\n<p class=\"wp-block-paragraph\"><strong>5. Todos os Produtos Saneantes da Gasparelo Produtos de Limpeza e Higiene Ltda.<\/strong><\/p>\n\n\n\n<ul class=\"wp-block-list\">\n<li><strong>Empresa:<\/strong>\u00a0Gasparelo Produtos de Limpeza e Higiene Ltda. (CNPJ: 58.111.127\/0001-68)<\/li>\n\n\n\n<li><strong>Tipo:<\/strong>\u00a0Saneantes (produtos de limpeza, desinfetantes, etc.)<\/li>\n\n\n\n<li><strong>A\u00e7\u00f5es de Fiscaliza\u00e7\u00e3o:<\/strong>\u00a0<strong>Apreens\u00e3o<\/strong>\u00a0de todos os lotes e\u00a0<strong>proibi\u00e7\u00e3o<\/strong>\u00a0da comercializa\u00e7\u00e3o, distribui\u00e7\u00e3o, fabrica\u00e7\u00e3o, propaganda e uso.<\/li>\n\n\n\n<li><strong>Motiva\u00e7\u00e3o:<\/strong>\u00a0Fabrica\u00e7\u00e3o e comercializa\u00e7\u00e3o de saneantes sem registro sanit\u00e1rio, por empresa sem autoriza\u00e7\u00e3o para o funcionamento da atividade.<\/li>\n<\/ul>\n\n\n\n<figure class=\"wp-block-image size-full is-resized\"><img data-recalc-dims=\"1\" loading=\"lazy\" decoding=\"async\" width=\"209\" height=\"374\" data-attachment-id=\"9418\" data-permalink=\"https:\/\/diariodegarca.com\/?attachment_id=9418\" data-orig-file=\"https:\/\/i0.wp.com\/diariodegarca.com\/wp-content\/uploads\/2025\/12\/acta-bti.jpg?fit=209%2C374&amp;ssl=1\" data-orig-size=\"209,374\" data-comments-opened=\"1\" data-image-meta=\"{&quot;aperture&quot;:&quot;0&quot;,&quot;credit&quot;:&quot;&quot;,&quot;camera&quot;:&quot;&quot;,&quot;caption&quot;:&quot;&quot;,&quot;created_timestamp&quot;:&quot;0&quot;,&quot;copyright&quot;:&quot;&quot;,&quot;focal_length&quot;:&quot;0&quot;,&quot;iso&quot;:&quot;0&quot;,&quot;shutter_speed&quot;:&quot;0&quot;,&quot;title&quot;:&quot;&quot;,&quot;orientation&quot;:&quot;0&quot;}\" data-image-title=\"acta bti\" data-image-description=\"\" data-image-caption=\"\" data-large-file=\"https:\/\/i0.wp.com\/diariodegarca.com\/wp-content\/uploads\/2025\/12\/acta-bti.jpg?fit=209%2C374&amp;ssl=1\" src=\"https:\/\/i0.wp.com\/diariodegarca.com\/wp-content\/uploads\/2025\/12\/acta-bti.jpg?resize=209%2C374&#038;ssl=1\" alt=\"Frasco de Acta BTi, um bioinseticida, com r\u00f3tulo informativo.\" class=\"wp-image-9418\" style=\"width:88px;height:auto\" srcset=\"https:\/\/i0.wp.com\/diariodegarca.com\/wp-content\/uploads\/2025\/12\/acta-bti.jpg?w=209&amp;ssl=1 209w, https:\/\/i0.wp.com\/diariodegarca.com\/wp-content\/uploads\/2025\/12\/acta-bti.jpg?resize=168%2C300&amp;ssl=1 168w\" sizes=\"auto, (max-width: 209px) 100vw, 209px\" \/><\/figure>\n\n\n\n<p class=\"wp-block-paragraph\"><strong>6. Acta BTI (vendido como larvicida biol\u00f3gico)<\/strong><\/p>\n\n\n\n<ul class=\"wp-block-list\">\n<li><strong>Empresa:<\/strong>\u00a0Desconhecida (CNPJ n\u00e3o identificado)<\/li>\n\n\n\n<li><strong>Tipo:<\/strong>\u00a0Saneante<\/li>\n\n\n\n<li><strong>A\u00e7\u00f5es de Fiscaliza\u00e7\u00e3o:<\/strong>\u00a0<strong>Apreens\u00e3o<\/strong>\u00a0e\u00a0<strong>proibi\u00e7\u00e3o<\/strong>\u00a0da comercializa\u00e7\u00e3o, distribui\u00e7\u00e3o, fabrica\u00e7\u00e3o, propaganda e uso.<\/li>\n\n\n\n<li><strong>Motiva\u00e7\u00e3o:<\/strong>\u00a0Produto saneante (destinado ao controle de vetores) fabricado e colocado no mercado sem registro e por empresa n\u00e3o autorizada.<\/li>\n<\/ul>\n\n\n\n<p class=\"wp-block-paragraph\">A Anvisa ressalta que o&nbsp;<strong>Minoxidil<\/strong>&nbsp;\u00e9 um princ\u00edpio ativo de medicamento que s\u00f3 deve ser usado sob prescri\u00e7\u00e3o e orienta\u00e7\u00e3o m\u00e9dica, devido a poss\u00edveis efeitos colaterais. Sua inclus\u00e3o em cosm\u00e9ticos ou a sugest\u00e3o de seus efeitos por produtos de beleza \u00e9 terminantemente proibida. Al\u00e9m disso, a compra de cosm\u00e9ticos e saneantes sem registro implica risco, pois n\u00e3o h\u00e1 garantia de que foram avaliados quanto \u00e0 seguran\u00e7a e qualidade pela Ag\u00eancia.<\/p>\n","protected":false},"excerpt":{"rendered":"<p>Ag\u00eancia determinou recolhimento e proibi\u00e7\u00e3o de seis linhas de produtos, incluindo itens que simulam medicamento para crescimento de cabelos e produtos de empresas fantasmas. A Ag\u00eancia Nacional de Vigil\u00e2ncia Sanit\u00e1ria (Anvisa) publicou no Di\u00e1rio Oficial da Uni\u00e3o desta segunda-feira, 8 de dezembro, uma resolu\u00e7\u00e3o que determina a suspens\u00e3o, apreens\u00e3o e proibi\u00e7\u00e3o de uma s\u00e9rie de [&hellip;]<\/p>\n","protected":false},"author":260896548,"featured_media":9427,"comment_status":"open","ping_status":"open","sticky":false,"template":"","format":"standard","meta":{"_crdt_document":"","_monsterinsights_skip_tracking":false,"_monsterinsights_sitenote_active":false,"_monsterinsights_sitenote_note":"","_monsterinsights_sitenote_category":0,"advanced_seo_description":"Anvisa pro\u00edbe e determina o recolhimento de produtos irregulares, incluindo t\u00f4nicos capilares com alega\u00e7\u00f5es terap\u00eauticas e itens sem registro.","jetpack_seo_html_title":"Anvisa pro\u00edbe seis produtos irregulares para cabelo e limpeza","jetpack_seo_noindex":false,"_jetpack_newsletter_access":"","_jetpack_dont_email_post_to_subs":false,"_jetpack_newsletter_tier_id":0,"_jetpack_memberships_contains_paywalled_content":false,"_jetpack_memberships_contains_paid_content":false,"footnotes":"","jetpack_publicize_message":"\u26a0\ufe0f A Anvisa acaba de retirar do mercado uma s\u00e9rie de produtos considerados perigosos ou ilegais.\n\nA lista inclui:\n\ud83d\udd34 T\u00f4nico capilar que promete \"efeito Minoxidil\" (medicamento de uso controlado);\n\ud83d\udd34 Cosm\u00e9ticos das marcas Bangna e Sab\u00f4 Ageless, fabricados por empresas fantasmas e sem registro;\n\ud83d\udd34 Saneantes irregulares, incluindo um larvicida biol\u00f3gico de origem desconhecida.\n\nA medida determina a apreens\u00e3o imediata e a proibi\u00e7\u00e3o total da venda, fabrica\u00e7\u00e3o e propaganda desses itens.\n\n\ud83d\udcf2 Saiba todos os detalhes e veja a lista COMPLETA dos produtos e empresas envolvidas em Di\u00e1rio de Gar\u00e7a.\n\n\ud83d\udc49 Leia a reportagem completa em: diariodegarca.com\n\n#Anvisa #Fiscaliza\u00e7\u00e3o #Sa\u00fade #Cosm\u00e9ticos #Minoxidil #Vigil\u00e2nciaSanit\u00e1ria #ConsumoConsciente #Den\u00fancia","jetpack_publicize_feature_enabled":true,"jetpack_social_post_already_shared":false,"jetpack_social_options":{"image_generator_settings":{"template":"highway","default_image_id":0,"font":"","enabled":false},"version":2},"_wpas_customize_per_network":false,"jetpack_post_was_ever_published":false},"categories":[38185,1192752],"tags":[],"class_list":["post-9413","post","type-post","status-publish","format-standard","has-post-thumbnail","hentry","category-brasil","category-fiscalizacao"],"jetpack_publicize_connections":[],"jetpack_featured_media_url":"https:\/\/i0.wp.com\/diariodegarca.com\/wp-content\/uploads\/2025\/12\/ChatGPT-Image-8-de-dez.-de-2025-15_57_16.png?fit=1536%2C1024&ssl=1","jetpack_likes_enabled":true,"jetpack_sharing_enabled":true,"jetpack_shortlink":"https:\/\/wp.me\/pgitne-2rP","jetpack-related-posts":[{"id":7812,"url":"https:\/\/diariodegarca.com\/?p=7812","url_meta":{"origin":9413,"position":0},"title":"Anvisa suspende fabrica\u00e7\u00e3o e venda de cosm\u00e9ticos, produtos de limpeza e suplementos","author":"Andreza Sega","date":"18 de outubro de 2025","format":false,"excerpt":"Empresas como Maxx Qu\u00edmica, Aqu\u00e1ria Cosm\u00e9tica e Angry Supplements foram alvo de a\u00e7\u00f5es fiscais por descumprimento de normas sanit\u00e1rias. Medidas incluem suspens\u00e3o, recolhimento e apreens\u00e3o de itens irregulares. Uma s\u00e9rie de a\u00e7\u00f5es de fiscaliza\u00e7\u00e3o da Ag\u00eancia Nacional de Vigil\u00e2ncia Sanit\u00e1ria (Anvisa) resultou na suspens\u00e3o, recolhimento e apreens\u00e3o de diversos produtos,\u2026","rel":"","context":"Em &quot;Fiscaliza\u00e7\u00e3o&quot;","block_context":{"text":"Fiscaliza\u00e7\u00e3o","link":"https:\/\/diariodegarca.com\/?cat=1192752"},"img":{"alt_text":"","src":"https:\/\/i0.wp.com\/diariodegarca.com\/wp-content\/uploads\/2025\/09\/11-11-2020_sede_anvisa-3_0.webp?fit=1170%2C700&ssl=1&resize=350%2C200","width":350,"height":200,"srcset":"https:\/\/i0.wp.com\/diariodegarca.com\/wp-content\/uploads\/2025\/09\/11-11-2020_sede_anvisa-3_0.webp?fit=1170%2C700&ssl=1&resize=350%2C200 1x, https:\/\/i0.wp.com\/diariodegarca.com\/wp-content\/uploads\/2025\/09\/11-11-2020_sede_anvisa-3_0.webp?fit=1170%2C700&ssl=1&resize=525%2C300 1.5x, https:\/\/i0.wp.com\/diariodegarca.com\/wp-content\/uploads\/2025\/09\/11-11-2020_sede_anvisa-3_0.webp?fit=1170%2C700&ssl=1&resize=700%2C400 2x, https:\/\/i0.wp.com\/diariodegarca.com\/wp-content\/uploads\/2025\/09\/11-11-2020_sede_anvisa-3_0.webp?fit=1170%2C700&ssl=1&resize=1050%2C600 3x"},"classes":[]},{"id":8211,"url":"https:\/\/diariodegarca.com\/?p=8211","url_meta":{"origin":9413,"position":1},"title":"Anvisa recolhe caf\u00e9 com cogumelo, apreende medicamentos e pro\u00edbe subst\u00e2ncias em esmaltes","author":"Di\u00e1rio de Gar\u00e7a","date":"29 de outubro de 2025","format":false,"excerpt":"A\u00e7\u00f5es de fiscaliza\u00e7\u00e3o publicadas no Di\u00e1rio Oficial da Uni\u00e3o tamb\u00e9m atingiram detergente, \u00e1lcool, fibra capilar, anabolizantes e lotes falsos de semaglutida. Medida separada pro\u00edbe duas subst\u00e2ncias t\u00f3xicas em produtos para unhas. A Ag\u00eancia Nacional de Vigil\u00e2ncia Sanit\u00e1ria (Anvisa) publicou no Di\u00e1rio Oficial da Uni\u00e3o uma s\u00e9rie de decis\u00f5es que determinam\u2026","rel":"","context":"Em &quot;Fiscaliza\u00e7\u00e3o&quot;","block_context":{"text":"Fiscaliza\u00e7\u00e3o","link":"https:\/\/diariodegarca.com\/?cat=1192752"},"img":{"alt_text":"","src":"https:\/\/i0.wp.com\/diariodegarca.com\/wp-content\/uploads\/2025\/10\/cafellow.png?fit=984%2C762&ssl=1&resize=350%2C200","width":350,"height":200,"srcset":"https:\/\/i0.wp.com\/diariodegarca.com\/wp-content\/uploads\/2025\/10\/cafellow.png?fit=984%2C762&ssl=1&resize=350%2C200 1x, https:\/\/i0.wp.com\/diariodegarca.com\/wp-content\/uploads\/2025\/10\/cafellow.png?fit=984%2C762&ssl=1&resize=525%2C300 1.5x, https:\/\/i0.wp.com\/diariodegarca.com\/wp-content\/uploads\/2025\/10\/cafellow.png?fit=984%2C762&ssl=1&resize=700%2C400 2x"},"classes":[]},{"id":7371,"url":"https:\/\/diariodegarca.com\/?p=7371","url_meta":{"origin":9413,"position":2},"title":"Fiscaliza\u00e7\u00e3o determina recolhimento de queijo, suplemento, produtos de beleza e limpeza","author":"Andreza Sega","date":"2 de outubro de 2025","format":false,"excerpt":"Anvisa tomou medidas para recolher Queijo Minas Artesanal por contamina\u00e7\u00e3o e apreendeu suplemento bari\u00e1trico sem registro. Tamb\u00e9m foram determinadas suspens\u00f5es e recolhimentos de cosm\u00e9ticos e detergente irregulares.","rel":"","context":"Em &quot;Fiscaliza\u00e7\u00e3o&quot;","block_context":{"text":"Fiscaliza\u00e7\u00e3o","link":"https:\/\/diariodegarca.com\/?cat=1192752"},"img":{"alt_text":"","src":"https:\/\/i0.wp.com\/diariodegarca.com\/wp-content\/uploads\/2025\/10\/close-up-de-fresco-espanhol-manchego-queijo-e1759413628617.jpg?fit=1140%2C1200&ssl=1&resize=350%2C200","width":350,"height":200,"srcset":"https:\/\/i0.wp.com\/diariodegarca.com\/wp-content\/uploads\/2025\/10\/close-up-de-fresco-espanhol-manchego-queijo-e1759413628617.jpg?fit=1140%2C1200&ssl=1&resize=350%2C200 1x, https:\/\/i0.wp.com\/diariodegarca.com\/wp-content\/uploads\/2025\/10\/close-up-de-fresco-espanhol-manchego-queijo-e1759413628617.jpg?fit=1140%2C1200&ssl=1&resize=525%2C300 1.5x, https:\/\/i0.wp.com\/diariodegarca.com\/wp-content\/uploads\/2025\/10\/close-up-de-fresco-espanhol-manchego-queijo-e1759413628617.jpg?fit=1140%2C1200&ssl=1&resize=700%2C400 2x, https:\/\/i0.wp.com\/diariodegarca.com\/wp-content\/uploads\/2025\/10\/close-up-de-fresco-espanhol-manchego-queijo-e1759413628617.jpg?fit=1140%2C1200&ssl=1&resize=1050%2C600 3x"},"classes":[]},{"id":8695,"url":"https:\/\/diariodegarca.com\/?p=8695","url_meta":{"origin":9413,"position":3},"title":"Anvisa recolhe medicamentos, suplementos e cosm\u00e9ticos irregulares","author":"Andreza Sega","date":"13 de novembro de 2025","format":false,"excerpt":"Lotes de Furosemida, suplementos alimentares com propagandas enganosas, cosm\u00e9ticos n\u00e3o registrados e saneantes fora do padr\u00e3o est\u00e3o entre os produtos alvos de recolhimento e suspens\u00e3o determinados pela ag\u00eancia. A Ag\u00eancia Nacional de Vigil\u00e2ncia Sanit\u00e1ria (Anvisa) publicou uma s\u00e9rie de resolu\u00e7\u00f5es no Di\u00e1rio Oficial da Uni\u00e3o (DOU) determinando o recolhimento, a\u2026","rel":"","context":"Em &quot;Brasil&quot;","block_context":{"text":"Brasil","link":"https:\/\/diariodegarca.com\/?cat=38185"},"img":{"alt_text":"","src":"https:\/\/i0.wp.com\/diariodegarca.com\/wp-content\/uploads\/2025\/11\/central-sul.jpg?fit=1200%2C675&ssl=1&resize=350%2C200","width":350,"height":200,"srcset":"https:\/\/i0.wp.com\/diariodegarca.com\/wp-content\/uploads\/2025\/11\/central-sul.jpg?fit=1200%2C675&ssl=1&resize=350%2C200 1x, https:\/\/i0.wp.com\/diariodegarca.com\/wp-content\/uploads\/2025\/11\/central-sul.jpg?fit=1200%2C675&ssl=1&resize=525%2C300 1.5x, https:\/\/i0.wp.com\/diariodegarca.com\/wp-content\/uploads\/2025\/11\/central-sul.jpg?fit=1200%2C675&ssl=1&resize=700%2C400 2x, https:\/\/i0.wp.com\/diariodegarca.com\/wp-content\/uploads\/2025\/11\/central-sul.jpg?fit=1200%2C675&ssl=1&resize=1050%2C600 3x"},"classes":[]},{"id":7174,"url":"https:\/\/diariodegarca.com\/?p=7174","url_meta":{"origin":9413,"position":4},"title":"Anvisa apreende cosm\u00e9ticos irregulares e alerta sobre medicamentos falsificados","author":"Di\u00e1rio de Gar\u00e7a","date":"26 de setembro de 2025","format":false,"excerpt":"Medidas publicadas no Di\u00e1rio Oficial da Uni\u00e3o determinam recolhimento de produtos capilares sem registro, apreens\u00e3o de lote falsificado de rem\u00e9dio para c\u00e2ncer e mant\u00eam suspenso medicamento para distrofia muscular. A Ag\u00eancia Nacional de Vigil\u00e2ncia Sanit\u00e1ria (Anvisa) publicou no Di\u00e1rio Oficial da Uni\u00e3o (DOU), em 25 de setembro, uma s\u00e9rie de\u2026","rel":"","context":"Em &quot;Fiscaliza\u00e7\u00e3o&quot;","block_context":{"text":"Fiscaliza\u00e7\u00e3o","link":"https:\/\/diariodegarca.com\/?cat=1192752"},"img":{"alt_text":"","src":"https:\/\/i0.wp.com\/diariodegarca.com\/wp-content\/uploads\/2025\/07\/aff69996-a268-4d49-8143-8acc7f8870fe.jpeg?fit=768%2C402&ssl=1&resize=350%2C200","width":350,"height":200,"srcset":"https:\/\/i0.wp.com\/diariodegarca.com\/wp-content\/uploads\/2025\/07\/aff69996-a268-4d49-8143-8acc7f8870fe.jpeg?fit=768%2C402&ssl=1&resize=350%2C200 1x, https:\/\/i0.wp.com\/diariodegarca.com\/wp-content\/uploads\/2025\/07\/aff69996-a268-4d49-8143-8acc7f8870fe.jpeg?fit=768%2C402&ssl=1&resize=525%2C300 1.5x, https:\/\/i0.wp.com\/diariodegarca.com\/wp-content\/uploads\/2025\/07\/aff69996-a268-4d49-8143-8acc7f8870fe.jpeg?fit=768%2C402&ssl=1&resize=700%2C400 2x"},"classes":[]},{"id":6843,"url":"https:\/\/diariodegarca.com\/?p=6843","url_meta":{"origin":9413,"position":5},"title":"Anvisa recolhe medicamento para press\u00e3o alta com fragmento de vidro e pro\u00edbe suplementos","author":"Di\u00e1rio de Gar\u00e7a","date":"17 de setembro de 2025","format":false,"excerpt":"Lote espec\u00edfico de Furosemida, usado no tratamento de hipertens\u00e3o, \u00e9 suspenso ap\u00f3s detec\u00e7\u00e3o de part\u00edcula semelhante a caco de vidro. Ag\u00eancia tamb\u00e9m bane suplementos alimentares e cosm\u00e9ticos por falsas promessas, composi\u00e7\u00e3o desconhecida e riscos \u00e0 sa\u00fade. Em uma s\u00e9rie de decis\u00f5es publicadas no Di\u00e1rio Oficial da Uni\u00e3o (DOU) entre os\u2026","rel":"","context":"Em &quot;Fiscaliza\u00e7\u00e3o&quot;","block_context":{"text":"Fiscaliza\u00e7\u00e3o","link":"https:\/\/diariodegarca.com\/?cat=1192752"},"img":{"alt_text":"","src":"https:\/\/i0.wp.com\/diariodegarca.com\/wp-content\/uploads\/2025\/07\/aff69996-a268-4d49-8143-8acc7f8870fe.jpeg?fit=768%2C402&ssl=1&resize=350%2C200","width":350,"height":200,"srcset":"https:\/\/i0.wp.com\/diariodegarca.com\/wp-content\/uploads\/2025\/07\/aff69996-a268-4d49-8143-8acc7f8870fe.jpeg?fit=768%2C402&ssl=1&resize=350%2C200 1x, https:\/\/i0.wp.com\/diariodegarca.com\/wp-content\/uploads\/2025\/07\/aff69996-a268-4d49-8143-8acc7f8870fe.jpeg?fit=768%2C402&ssl=1&resize=525%2C300 1.5x, https:\/\/i0.wp.com\/diariodegarca.com\/wp-content\/uploads\/2025\/07\/aff69996-a268-4d49-8143-8acc7f8870fe.jpeg?fit=768%2C402&ssl=1&resize=700%2C400 2x"},"classes":[]}],"_links":{"self":[{"href":"https:\/\/diariodegarca.com\/index.php?rest_route=\/wp\/v2\/posts\/9413","targetHints":{"allow":["GET"]}}],"collection":[{"href":"https:\/\/diariodegarca.com\/index.php?rest_route=\/wp\/v2\/posts"}],"about":[{"href":"https:\/\/diariodegarca.com\/index.php?rest_route=\/wp\/v2\/types\/post"}],"author":[{"embeddable":true,"href":"https:\/\/diariodegarca.com\/index.php?rest_route=\/wp\/v2\/users\/260896548"}],"replies":[{"embeddable":true,"href":"https:\/\/diariodegarca.com\/index.php?rest_route=%2Fwp%2Fv2%2Fcomments&post=9413"}],"version-history":[{"count":8,"href":"https:\/\/diariodegarca.com\/index.php?rest_route=\/wp\/v2\/posts\/9413\/revisions"}],"predecessor-version":[{"id":9428,"href":"https:\/\/diariodegarca.com\/index.php?rest_route=\/wp\/v2\/posts\/9413\/revisions\/9428"}],"wp:featuredmedia":[{"embeddable":true,"href":"https:\/\/diariodegarca.com\/index.php?rest_route=\/wp\/v2\/media\/9427"}],"wp:attachment":[{"href":"https:\/\/diariodegarca.com\/index.php?rest_route=%2Fwp%2Fv2%2Fmedia&parent=9413"}],"wp:term":[{"taxonomy":"category","embeddable":true,"href":"https:\/\/diariodegarca.com\/index.php?rest_route=%2Fwp%2Fv2%2Fcategories&post=9413"},{"taxonomy":"post_tag","embeddable":true,"href":"https:\/\/diariodegarca.com\/index.php?rest_route=%2Fwp%2Fv2%2Ftags&post=9413"}],"curies":[{"name":"wp","href":"https:\/\/api.w.org\/{rel}","templated":true}]}}