{"id":9488,"date":"2025-12-13T10:19:00","date_gmt":"2025-12-13T13:19:00","guid":{"rendered":"https:\/\/diariodegarca.com\/?p=9488"},"modified":"2025-12-10T15:27:27","modified_gmt":"2025-12-10T18:27:27","slug":"curta-documental-sobre-a-realidade-de-mulheres-trans-tera-pre-estreia-gratuita-em-marilia","status":"publish","type":"post","link":"https:\/\/diariodegarca.com\/?p=9488","title":{"rendered":"Curta-documental sobre a realidade de mulheres trans ter\u00e1 pr\u00e9-estreia gratuita em Mar\u00edlia"},"content":{"rendered":"\n<p class=\"wp-block-paragraph\"><em>Projeto selecionado via edital municipal da Lei Aldir Blanc ser\u00e1 exibido no Clube de Cinema de Mar\u00edlia no dia 16 de dezembro, com int\u00e9rprete de libras.<\/em><\/p>\n\n\n\n<p class=\"wp-block-paragraph\">O curta-metragem documental\u00a0<strong>\u201cEu Existo &#8211; um olhar sobre a realidade mariliense\u201d<\/strong>\u00a0ter\u00e1 sua primeira exibi\u00e7\u00e3o p\u00fablica no dia\u00a0<strong>16 de dezembro, ter\u00e7a-feira, \u00e0s 20h<\/strong>, na Sala de Proje\u00e7\u00e3o do Clube de Cinema de Mar\u00edlia \u201cEm\u00edlio Peduti Filho\u201d, localizada no Complexo Cultural Braz Al\u00e9cio, na avenida Sampaio Vidal, 245, no piso superior. A entrada \u00e9 gratuita, sujeita \u00e0 lota\u00e7\u00e3o do espa\u00e7o, e a classifica\u00e7\u00e3o \u00e9 livre. A sess\u00e3o contar\u00e1 com int\u00e9rprete de Libras.<\/p>\n\n\n\n<p class=\"wp-block-paragraph\">Dirigido por Raissa Guinda, o filme nasceu de uma pesquisa sobre as possibilidades de inser\u00e7\u00e3o no mercado de trabalho para mulheres travestis e transexuais na cidade. A obra acompanha a trajet\u00f3ria de quatro mulheres &#8211; Ashley Blossom, Chris Zanelatti, Teresza e Carool Goveia &#8211; que, entre sonhos, afetos e sil\u00eancios, desenham seus pr\u00f3prios modos de existir em um cen\u00e1rio de contrastes. O document\u00e1rio comp\u00f5e um retrato \u00edntimo de um territ\u00f3rio que oscila entre abertura e resist\u00eancia, destacando a pot\u00eancia de viver onde a diferen\u00e7a ainda enfrenta barreiras, mas persiste em transcender.<\/p>\n\n\n\n<p class=\"wp-block-paragraph\">A produ\u00e7\u00e3o \u00e9 uma realiza\u00e7\u00e3o da&nbsp;<strong>LUX Arte Produ\u00e7\u00f5es<\/strong>, de Carolina Montoro, em parceria com a&nbsp;<strong>Casa Bonfim Arte e Cultura<\/strong>. O projeto contou com consultoria de roteiro de Teresza, dire\u00e7\u00e3o de arte de Calu Monteiro, edi\u00e7\u00e3o de Carlos Eduardo Carvalho e capta\u00e7\u00e3o de imagens de Daiana Crepaldi, Gustavo Dutra e Breno Campos (PlanoB). A equipe ainda inclui assistentes de produ\u00e7\u00e3o, making of, still e maquiagem.<\/p>\n\n\n\n<p class=\"wp-block-paragraph\"><strong>Sobre o financiamento e apoios<\/strong><br>\u201cEu Existo\u201d foi um dos projetos selecionados no\u00a0<strong>Chamamento P\u00fablico n\u00ba 06\/2024 &#8211; Fomento \u00e0 Execu\u00e7\u00e3o de A\u00e7\u00f5es Culturais da Prefeitura Municipal de Mar\u00edlia<\/strong>, que utiliza recursos da\u00a0<strong>Pol\u00edtica Nacional Aldir Blanc (PNAB &#8211; Lei n\u00ba 14.399\/2022)<\/strong>. Inicialmente classificado como suplente, o projeto foi posteriormente habilitado e selecionado para execu\u00e7\u00e3o com o apoio do edital municipal.<\/p>\n\n\n\n<p class=\"wp-block-paragraph\">Al\u00e9m do fomento p\u00fablico, a iniciativa recebeu apoio e colabora\u00e7\u00e3o de entidades como o&nbsp;<strong>Coletivo Arco-\u00cdris<\/strong>, a&nbsp;<strong>Miss Mar\u00edlia da Diversidade<\/strong>, a&nbsp;<strong>Casa Bonfim Arte e Cultura<\/strong>, o&nbsp;<strong>Clube de Cinema de Mar\u00edlia<\/strong>&nbsp;e as secretarias municipais de Sa\u00fade e Cultura.<\/p>\n\n\n\n<p class=\"wp-block-paragraph\">A pr\u00e9-estreia marca a culmin\u00e2ncia de um processo que combina pesquisa, arte e pol\u00edtica p\u00fablica, trazendo para as telas uma narrativa sens\u00edvel e necess\u00e1ria sobre exist\u00eancia, diversidade e resist\u00eancia na regi\u00e3o.<\/p>\n","protected":false},"excerpt":{"rendered":"<p>Projeto selecionado via edital municipal da Lei Aldir Blanc ser\u00e1 exibido no Clube de Cinema de Mar\u00edlia no dia 16 de dezembro, com int\u00e9rprete de libras. O curta-metragem documental\u00a0\u201cEu Existo &#8211; um olhar sobre a realidade mariliense\u201d\u00a0ter\u00e1 sua primeira exibi\u00e7\u00e3o p\u00fablica no dia\u00a016 de dezembro, ter\u00e7a-feira, \u00e0s 20h, na Sala de Proje\u00e7\u00e3o do Clube de [&hellip;]<\/p>\n","protected":false},"author":260896548,"featured_media":9490,"comment_status":"open","ping_status":"open","sticky":false,"template":"","format":"standard","meta":{"_crdt_document":"","_monsterinsights_skip_tracking":false,"_monsterinsights_sitenote_active":false,"_monsterinsights_sitenote_note":"","_monsterinsights_sitenote_category":0,"advanced_seo_description":"N\u00e3o perca a estreia do document\u00e1rio 'Eu Existo' no Clube de Cinema de Mar\u00edlia, dia 16 de dezembro. Entrada gratuita e classifica\u00e7\u00e3o livre.","jetpack_seo_html_title":"Exibi\u00e7\u00e3o do Document\u00e1rio 'Eu Existo' no Clube de Cinema Mar\u00edlia","jetpack_seo_noindex":false,"_jetpack_newsletter_access":"","_jetpack_dont_email_post_to_subs":false,"_jetpack_newsletter_tier_id":0,"_jetpack_memberships_contains_paywalled_content":false,"_jetpack_memberships_contains_paid_content":false,"footnotes":"","jetpack_publicize_message":"\ud83c\udfac \"Eu Existo\": curta sobre mulheres trans de Mar\u00edlia tem pr\u00e9-estreia gratuita\n\nData: 16\/12 (segunda-feira)\nHora: 20h\nLocal: Clube de Cinema de Mar\u00edlia (av. Sampaio Vidal, 245)\nEntrada gratuita, com int\u00e9rprete de libras.\n\nO document\u00e1rio, dirigido por Raissa Guinda, acompanha quatro mulheres travestis e transexuais da cidade, revelando suas lutas, sonhos e modos de existir. Projeto selecionado via edital da Lei Aldir Blanc (PNAB).\n\nQuer saber mais sobre a produ\u00e7\u00e3o, a ficha t\u00e9cnica e os apoios?\nLeia a mat\u00e9ria completa em diariodegarca.com! \ud83d\udc47\n\n#EuExisto #CinemaBrasileiro #Document\u00e1rio #Curtas #Mar\u00edlia #Diversidade #PNAB #AldirBlanc #Cultura #Audiovisual #CinemaIndependente @euexistomarilia @clubedecinemademarilia","jetpack_publicize_feature_enabled":true,"jetpack_social_post_already_shared":true,"jetpack_social_options":{"image_generator_settings":{"template":"highway","default_image_id":0,"font":"","enabled":false},"version":2},"_wpas_customize_per_network":false,"jetpack_post_was_ever_published":false},"categories":[597,2367,683453294],"tags":[],"class_list":["post-9488","post","type-post","status-publish","format-standard","has-post-thumbnail","hentry","category-cinema","category-cultura","category-marilia-cidade"],"jetpack_publicize_connections":[],"jetpack_featured_media_url":"https:\/\/i0.wp.com\/diariodegarca.com\/wp-content\/uploads\/2025\/12\/SN33BE1-e1765391126565.jpg?fit=720%2C723&ssl=1","jetpack_likes_enabled":true,"jetpack_sharing_enabled":true,"jetpack_shortlink":"https:\/\/wp.me\/pgitne-2t2","jetpack-related-posts":[{"id":9383,"url":"https:\/\/diariodegarca.com\/?p=9383","url_meta":{"origin":9488,"position":0},"title":"Mostra Mercosul Audiovisual leva um mosaico de hist\u00f3rias latino-americanas a Mar\u00edlia","author":"Andreza Sega","date":"6 de dezembro de 2025","format":false,"excerpt":"Sess\u00e3o gratuita no domingo exibe seis curtas de quatro pa\u00edses, explorando mem\u00f3ria, territ\u00f3rio e identidade no continente. A conex\u00e3o entre as hist\u00f3rias do continente ganha tela em Mar\u00edlia. Neste domingo, 7 de dezembro, \u00e0s 20h, o\u00a0Clube de Cinema de Mar\u00edlia\u00a0recebe uma sess\u00e3o especial da\u00a02\u00aa Mostra Mercosul Audiovisual. Com o tema\u00a0\u201cTerrit\u00f3rios\u2026","rel":"","context":"Em &quot;Cinema&quot;","block_context":{"text":"Cinema","link":"https:\/\/diariodegarca.com\/?cat=597"},"img":{"alt_text":"","src":"https:\/\/i0.wp.com\/diariodegarca.com\/wp-content\/uploads\/2025\/12\/dois-riachoes-cacau-e-liberdade.jpg?fit=1200%2C557&ssl=1&resize=350%2C200","width":350,"height":200,"srcset":"https:\/\/i0.wp.com\/diariodegarca.com\/wp-content\/uploads\/2025\/12\/dois-riachoes-cacau-e-liberdade.jpg?fit=1200%2C557&ssl=1&resize=350%2C200 1x, https:\/\/i0.wp.com\/diariodegarca.com\/wp-content\/uploads\/2025\/12\/dois-riachoes-cacau-e-liberdade.jpg?fit=1200%2C557&ssl=1&resize=525%2C300 1.5x, https:\/\/i0.wp.com\/diariodegarca.com\/wp-content\/uploads\/2025\/12\/dois-riachoes-cacau-e-liberdade.jpg?fit=1200%2C557&ssl=1&resize=700%2C400 2x, https:\/\/i0.wp.com\/diariodegarca.com\/wp-content\/uploads\/2025\/12\/dois-riachoes-cacau-e-liberdade.jpg?fit=1200%2C557&ssl=1&resize=1050%2C600 3x"},"classes":[]},{"id":6350,"url":"https:\/\/diariodegarca.com\/?p=6350","url_meta":{"origin":9488,"position":1},"title":"Festival de Cinema de Mar\u00edlia 2025: confira a programa\u00e7\u00e3o completa","author":"Di\u00e1rio de Gar\u00e7a","date":"4 de setembro de 2025","format":false,"excerpt":"Entre 5 e 13 de setembro, a cidade sedia uma das mostras audiovisuais mais tradicionais do pa\u00eds, com exibi\u00e7\u00f5es de longas e curtas, oficinas, debates e a competitiva premia\u00e7\u00e3o do Trof\u00e9u Curumim. O Festival de Cinema de Mar\u00edlia se prepara para mais uma edi\u00e7\u00e3o, refor\u00e7ando seu lugar como um dos\u2026","rel":"","context":"Em &quot;Cinema&quot;","block_context":{"text":"Cinema","link":"https:\/\/diariodegarca.com\/?cat=597"},"img":{"alt_text":"","src":"https:\/\/i0.wp.com\/diariodegarca.com\/wp-content\/uploads\/2025\/09\/captura-de-tela-2025-09-04-133911.jpg?fit=878%2C520&ssl=1&resize=350%2C200","width":350,"height":200,"srcset":"https:\/\/i0.wp.com\/diariodegarca.com\/wp-content\/uploads\/2025\/09\/captura-de-tela-2025-09-04-133911.jpg?fit=878%2C520&ssl=1&resize=350%2C200 1x, https:\/\/i0.wp.com\/diariodegarca.com\/wp-content\/uploads\/2025\/09\/captura-de-tela-2025-09-04-133911.jpg?fit=878%2C520&ssl=1&resize=525%2C300 1.5x, https:\/\/i0.wp.com\/diariodegarca.com\/wp-content\/uploads\/2025\/09\/captura-de-tela-2025-09-04-133911.jpg?fit=878%2C520&ssl=1&resize=700%2C400 2x"},"classes":[]},{"id":9137,"url":"https:\/\/diariodegarca.com\/?p=9137","url_meta":{"origin":9488,"position":2},"title":"Mostra de Cinema Nipo-Brasileiro em Mar\u00edlia com duas pr\u00e9-estreias nesta sexta","author":"Andreza Sega","date":"27 de novembro de 2025","format":false,"excerpt":"Clube de Cinema de Mar\u00edlia exibe tr\u00eas curtas da Kannon Filmes, incluindo \"Amarelo Limbo\" e \"Gambatte!\", em sess\u00e3o gratuita e acess\u00edvel que revela hist\u00f3rias n\u00e3o contadas da imigra\u00e7\u00e3o japonesa. O cinema como ferramenta de resgate hist\u00f3rico e celebra\u00e7\u00e3o da identidade toma conta do Clube de Cinema de Mar\u00edlia em uma\u2026","rel":"","context":"Em &quot;Cinema&quot;","block_context":{"text":"Cinema","link":"https:\/\/diariodegarca.com\/?cat=597"},"img":{"alt_text":"","src":"https:\/\/i0.wp.com\/diariodegarca.com\/wp-content\/uploads\/2025\/11\/documentario-bon-odori-2-e1764267728283.jpg?fit=788%2C467&ssl=1&resize=350%2C200","width":350,"height":200,"srcset":"https:\/\/i0.wp.com\/diariodegarca.com\/wp-content\/uploads\/2025\/11\/documentario-bon-odori-2-e1764267728283.jpg?fit=788%2C467&ssl=1&resize=350%2C200 1x, https:\/\/i0.wp.com\/diariodegarca.com\/wp-content\/uploads\/2025\/11\/documentario-bon-odori-2-e1764267728283.jpg?fit=788%2C467&ssl=1&resize=525%2C300 1.5x, https:\/\/i0.wp.com\/diariodegarca.com\/wp-content\/uploads\/2025\/11\/documentario-bon-odori-2-e1764267728283.jpg?fit=788%2C467&ssl=1&resize=700%2C400 2x"},"classes":[]},{"id":3322,"url":"https:\/\/diariodegarca.com\/?p=3322","url_meta":{"origin":9488,"position":3},"title":"Clube de Cinema de Mar\u00edlia celebra 20 anos do Coletivo Kino-Olho com sess\u00e3o especial","author":"Di\u00e1rio de Gar\u00e7a","date":"22 de maio de 2025","format":false,"excerpt":"Mostra exibe seis curtas-metragens e promove debate sobre produ\u00e7\u00e3o audiovisual no interior paulista Neste s\u00e1bado, 24 de maio, a partir das 19h, o\u00a0Clube de Cinema de Mar\u00edlia\u00a0recebe o projeto\u00a0Interc\u00e2mbios Formativos \u2013 Especial Kino-Olho 20 anos, marcando a estreia da iniciativa na cidade. A sess\u00e3o, que ser\u00e1 gratuita, exibir\u00e1 seis curtas-metragens\u2026","rel":"","context":"Em &quot;Cultura&quot;","block_context":{"text":"Cultura","link":"https:\/\/diariodegarca.com\/?cat=2367"},"img":{"alt_text":"","src":"","width":0,"height":0},"classes":[]},{"id":9634,"url":"https:\/\/diariodegarca.com\/?p=9634","url_meta":{"origin":9488,"position":4},"title":"Clube de Cinema de Mar\u00edlia exibe gratuitamente &#8220;Bugonia&#8221;, thriller indicado ao Globo de Ouro","author":"Andreza Sega","date":"19 de dezembro de 2025","format":false,"excerpt":"Sess\u00e3o gratuita no pr\u00f3ximo s\u00e1bado apresenta o mais recente filme do aclamado diretor Yorgos Lanthimos, com Emma Stone e Jesse Plemons. O Clube de Cinema de Mar\u00edlia fecha o ano com sess\u00f5es especiais dedicadas filmes de grande impacto. No pr\u00f3ximo s\u00e1bado, 20 de dezembro, ser\u00e1 exibido gratuitamente\u00a0\"Bugonia\" (2025), o novo\u2026","rel":"","context":"Em &quot;Cinema&quot;","block_context":{"text":"Cinema","link":"https:\/\/diariodegarca.com\/?cat=597"},"img":{"alt_text":"","src":"https:\/\/i0.wp.com\/diariodegarca.com\/wp-content\/uploads\/2025\/12\/Bugonia-filme.jpg?fit=1200%2C800&ssl=1&resize=350%2C200","width":350,"height":200,"srcset":"https:\/\/i0.wp.com\/diariodegarca.com\/wp-content\/uploads\/2025\/12\/Bugonia-filme.jpg?fit=1200%2C800&ssl=1&resize=350%2C200 1x, https:\/\/i0.wp.com\/diariodegarca.com\/wp-content\/uploads\/2025\/12\/Bugonia-filme.jpg?fit=1200%2C800&ssl=1&resize=525%2C300 1.5x, https:\/\/i0.wp.com\/diariodegarca.com\/wp-content\/uploads\/2025\/12\/Bugonia-filme.jpg?fit=1200%2C800&ssl=1&resize=700%2C400 2x, https:\/\/i0.wp.com\/diariodegarca.com\/wp-content\/uploads\/2025\/12\/Bugonia-filme.jpg?fit=1200%2C800&ssl=1&resize=1050%2C600 3x"},"classes":[]},{"id":9639,"url":"https:\/\/diariodegarca.com\/?p=9639","url_meta":{"origin":9488,"position":5},"title":"Clube de Mar\u00edlia exibe no domingo &#8220;Blue Moon&#8221;, de Richard Linklater, em Mar\u00edlia","author":"Andreza Sega","date":"20 de dezembro de 2025","format":false,"excerpt":"Drama biogr\u00e1fico sobre o letrista Lorenz Hart, com Ethan Hawke, tem sess\u00e3o gratuita no domingo e \u00e9 indicado ao Globo de Ouro. O Clube de Cinema de Mar\u00edlia oferece um verdadeiro final de semana de cinema de premia\u00e7\u00e3o. Ap\u00f3s a exibi\u00e7\u00e3o de \"Bugonia\" neste s\u00e1bado (\u00e0s 20h), a programa\u00e7\u00e3o especial\u2026","rel":"","context":"Em &quot;Cinema&quot;","block_context":{"text":"Cinema","link":"https:\/\/diariodegarca.com\/?cat=597"},"img":{"alt_text":"","src":"https:\/\/i0.wp.com\/diariodegarca.com\/wp-content\/uploads\/2025\/12\/Blue-moon-filme.jpg?fit=763%2C430&ssl=1&resize=350%2C200","width":350,"height":200,"srcset":"https:\/\/i0.wp.com\/diariodegarca.com\/wp-content\/uploads\/2025\/12\/Blue-moon-filme.jpg?fit=763%2C430&ssl=1&resize=350%2C200 1x, https:\/\/i0.wp.com\/diariodegarca.com\/wp-content\/uploads\/2025\/12\/Blue-moon-filme.jpg?fit=763%2C430&ssl=1&resize=525%2C300 1.5x, https:\/\/i0.wp.com\/diariodegarca.com\/wp-content\/uploads\/2025\/12\/Blue-moon-filme.jpg?fit=763%2C430&ssl=1&resize=700%2C400 2x"},"classes":[]}],"_links":{"self":[{"href":"https:\/\/diariodegarca.com\/index.php?rest_route=\/wp\/v2\/posts\/9488","targetHints":{"allow":["GET"]}}],"collection":[{"href":"https:\/\/diariodegarca.com\/index.php?rest_route=\/wp\/v2\/posts"}],"about":[{"href":"https:\/\/diariodegarca.com\/index.php?rest_route=\/wp\/v2\/types\/post"}],"author":[{"embeddable":true,"href":"https:\/\/diariodegarca.com\/index.php?rest_route=\/wp\/v2\/users\/260896548"}],"replies":[{"embeddable":true,"href":"https:\/\/diariodegarca.com\/index.php?rest_route=%2Fwp%2Fv2%2Fcomments&post=9488"}],"version-history":[{"count":2,"href":"https:\/\/diariodegarca.com\/index.php?rest_route=\/wp\/v2\/posts\/9488\/revisions"}],"predecessor-version":[{"id":9491,"href":"https:\/\/diariodegarca.com\/index.php?rest_route=\/wp\/v2\/posts\/9488\/revisions\/9491"}],"wp:featuredmedia":[{"embeddable":true,"href":"https:\/\/diariodegarca.com\/index.php?rest_route=\/wp\/v2\/media\/9490"}],"wp:attachment":[{"href":"https:\/\/diariodegarca.com\/index.php?rest_route=%2Fwp%2Fv2%2Fmedia&parent=9488"}],"wp:term":[{"taxonomy":"category","embeddable":true,"href":"https:\/\/diariodegarca.com\/index.php?rest_route=%2Fwp%2Fv2%2Fcategories&post=9488"},{"taxonomy":"post_tag","embeddable":true,"href":"https:\/\/diariodegarca.com\/index.php?rest_route=%2Fwp%2Fv2%2Ftags&post=9488"}],"curies":[{"name":"wp","href":"https:\/\/api.w.org\/{rel}","templated":true}]}}