{"id":9517,"date":"2025-12-12T08:57:33","date_gmt":"2025-12-12T11:57:33","guid":{"rendered":"https:\/\/diariodegarca.com\/?p=9517"},"modified":"2025-12-12T08:57:33","modified_gmt":"2025-12-12T11:57:33","slug":"anvisa-ordena-recolhimento-de-suplementos-formula-infantil-e-cosmeticos","status":"publish","type":"post","link":"https:\/\/diariodegarca.com\/?p=9517","title":{"rendered":"Anvisa ordena recolhimento de suplementos, f\u00f3rmula infantil e cosm\u00e9ticos"},"content":{"rendered":"\n<p class=\"wp-block-paragraph\"><em>Decis\u00f5es publicadas no Di\u00e1rio Oficial da Uni\u00e3o incluem produtos com alega\u00e7\u00f5es falsas, ingredientes proibidos e irregularidades de registro. Confira a lista completa.<\/em><\/p>\n\n\n\n<p class=\"wp-block-paragraph\">A Ag\u00eancia Nacional de Vigil\u00e2ncia Sanit\u00e1ria (Anvisa) publicou nos dias 10 e 11 de dezembro resolu\u00e7\u00f5es que determinam uma s\u00e9rie de medidas rigorosas contra produtos irregulares nas \u00e1reas de alimentos e cosm\u00e9ticos. As a\u00e7\u00f5es envolvem desde a proibi\u00e7\u00e3o total at\u00e9 recolhimento volunt\u00e1rio, motivadas por problemas que v\u00e3o de propaganda enganosa e ingredientes n\u00e3o autorizados at\u00e9 a falta do registro obrigat\u00f3rio. As decis\u00f5es, assinadas pelo gerente-geral de Inspe\u00e7\u00e3o e Fiscaliza\u00e7\u00e3o Sanit\u00e1ria, Marcus Aur\u00e9lio Miranda de Ara\u00fajo, t\u00eam car\u00e1ter preventivo e impacto imediato.<\/p>\n\n\n\n<p class=\"wp-block-paragraph\"><strong>Produtos Aliment\u00edcios Alvo da Fiscaliza\u00e7\u00e3o<\/strong><br>As medidas mais recentes, detalhadas na Resolu\u00e7\u00e3o-RE n\u00ba 4.986, abrangem quatro empresas do setor de alimentos, com foco especial em suplementos e produtos pedi\u00e1tricos.<\/p>\n\n\n\n<figure class=\"wp-block-image size-full is-resized\"><img data-recalc-dims=\"1\" loading=\"lazy\" decoding=\"async\" width=\"292\" height=\"500\" data-attachment-id=\"9520\" data-permalink=\"https:\/\/diariodegarca.com\/?attachment_id=9520\" data-orig-file=\"https:\/\/i0.wp.com\/diariodegarca.com\/wp-content\/uploads\/2025\/12\/Suplemento-Milagroso-Jes-em-Capsulas.jpg?fit=292%2C500&amp;ssl=1\" data-orig-size=\"292,500\" data-comments-opened=\"1\" data-image-meta=\"{&quot;aperture&quot;:&quot;0&quot;,&quot;credit&quot;:&quot;&quot;,&quot;camera&quot;:&quot;&quot;,&quot;caption&quot;:&quot;&quot;,&quot;created_timestamp&quot;:&quot;0&quot;,&quot;copyright&quot;:&quot;&quot;,&quot;focal_length&quot;:&quot;0&quot;,&quot;iso&quot;:&quot;0&quot;,&quot;shutter_speed&quot;:&quot;0&quot;,&quot;title&quot;:&quot;&quot;,&quot;orientation&quot;:&quot;0&quot;}\" data-image-title=\"Suplemento Milagroso Jes em C\u00e1psulas\" data-image-description=\"\" data-image-caption=\"\" data-medium-file=\"https:\/\/i0.wp.com\/diariodegarca.com\/wp-content\/uploads\/2025\/12\/Suplemento-Milagroso-Jes-em-Capsulas.jpg?fit=175%2C300&amp;ssl=1\" data-large-file=\"https:\/\/i0.wp.com\/diariodegarca.com\/wp-content\/uploads\/2025\/12\/Suplemento-Milagroso-Jes-em-Capsulas.jpg?fit=292%2C500&amp;ssl=1\" src=\"https:\/\/i0.wp.com\/diariodegarca.com\/wp-content\/uploads\/2025\/12\/Suplemento-Milagroso-Jes-em-Capsulas.jpg?resize=292%2C500&#038;ssl=1\" alt=\"Frasco de suplemento alimentar 'Milagroso' com tampa amarela, apresentando r\u00f3tulo colorido que inclui a frase 'Muito mais Vitaminas' e ilustrando uma figura de um le\u00e3o e um personagem ao lado. O frasco cont\u00e9m 30 c\u00e1psulas.\" class=\"wp-image-9520\" style=\"width:103px;height:auto\" srcset=\"https:\/\/i0.wp.com\/diariodegarca.com\/wp-content\/uploads\/2025\/12\/Suplemento-Milagroso-Jes-em-Capsulas.jpg?w=292&amp;ssl=1 292w, https:\/\/i0.wp.com\/diariodegarca.com\/wp-content\/uploads\/2025\/12\/Suplemento-Milagroso-Jes-em-Capsulas.jpg?resize=175%2C300&amp;ssl=1 175w\" sizes=\"auto, (max-width: 292px) 100vw, 292px\" \/><\/figure>\n\n\n\n<p class=\"wp-block-paragraph\"><strong>Suplemento Milagroso Jes em C\u00e1psulas (PPA Suplementos Ltda.)<\/strong><br>A Anvisa determinou a\u00a0<strong>proibi\u00e7\u00e3o<\/strong>\u00a0da comercializa\u00e7\u00e3o, distribui\u00e7\u00e3o, fabrica\u00e7\u00e3o e uso do produto, al\u00e9m de determinar seu\u00a0<strong>recolhimento<\/strong>\u00a0e a\u00a0<strong>suspens\u00e3o de sua propaganda<\/strong>. A motiva\u00e7\u00e3o \u00e9 considerada de alto risco sanit\u00e1rio: o produto fazia propaganda com atribui\u00e7\u00e3o de propriedades terap\u00eauticas n\u00e3o permitidas para suplementos, como tratar &#8220;dores articulares e musculares&#8221;, &#8220;regenerar cartilagens&#8221;, ajudar na &#8220;cicatriza\u00e7\u00e3o&#8221;, &#8220;sistema imunol\u00f3gico&#8221;, &#8220;sa\u00fade \u00f3ssea&#8221;, &#8220;digest\u00e3o&#8221; e ser um &#8220;antioxidante potente&#8221;. Al\u00e9m disso, a formula\u00e7\u00e3o continha ingredientes n\u00e3o autorizados:\u00a0<strong>gengibre, salsaparrilha, sucupira, murur\u00ea, macac\u00e1 e quebra-pedra<\/strong>.<\/p>\n\n\n\n<figure class=\"wp-block-image size-large is-resized\"><img data-recalc-dims=\"1\" loading=\"lazy\" decoding=\"async\" width=\"800\" height=\"491\" data-attachment-id=\"9522\" data-permalink=\"https:\/\/diariodegarca.com\/?attachment_id=9522\" data-orig-file=\"https:\/\/i0.wp.com\/diariodegarca.com\/wp-content\/uploads\/2025\/12\/flock-dent-camomilina-com-20-capsulas-e1765540214746.jpg?fit=1200%2C736&amp;ssl=1\" data-orig-size=\"1200,736\" data-comments-opened=\"1\" data-image-meta=\"{&quot;aperture&quot;:&quot;0&quot;,&quot;credit&quot;:&quot;&quot;,&quot;camera&quot;:&quot;&quot;,&quot;caption&quot;:&quot;&quot;,&quot;created_timestamp&quot;:&quot;0&quot;,&quot;copyright&quot;:&quot;&quot;,&quot;focal_length&quot;:&quot;0&quot;,&quot;iso&quot;:&quot;0&quot;,&quot;shutter_speed&quot;:&quot;0&quot;,&quot;title&quot;:&quot;&quot;,&quot;orientation&quot;:&quot;1&quot;}\" data-image-title=\"flock-dent-camomilina-com-20-capsulas\" data-image-description=\"\" data-image-caption=\"\" data-medium-file=\"https:\/\/i0.wp.com\/diariodegarca.com\/wp-content\/uploads\/2025\/12\/flock-dent-camomilina-com-20-capsulas-e1765540214746.jpg?fit=300%2C184&amp;ssl=1\" data-large-file=\"https:\/\/i0.wp.com\/diariodegarca.com\/wp-content\/uploads\/2025\/12\/flock-dent-camomilina-com-20-capsulas-e1765540214746.jpg?fit=800%2C491&amp;ssl=1\" src=\"https:\/\/i0.wp.com\/diariodegarca.com\/wp-content\/uploads\/2025\/12\/flock-dent-camomilina-com-20-capsulas-e1765540214746-1024x628.jpg?resize=800%2C491&#038;ssl=1\" alt=\"Caixa do suplemento Flock Dent Camomilina, contendo c\u00e1psulas de vitaminas C e D3 para uso infantil, com design colorido e ilustra\u00e7\u00e3o de uma crian\u00e7a sorridente.\" class=\"wp-image-9522\" style=\"width:339px;height:auto\" srcset=\"https:\/\/i0.wp.com\/diariodegarca.com\/wp-content\/uploads\/2025\/12\/flock-dent-camomilina-com-20-capsulas-e1765540214746.jpg?resize=1024%2C628&amp;ssl=1 1024w, https:\/\/i0.wp.com\/diariodegarca.com\/wp-content\/uploads\/2025\/12\/flock-dent-camomilina-com-20-capsulas-e1765540214746.jpg?resize=300%2C184&amp;ssl=1 300w, https:\/\/i0.wp.com\/diariodegarca.com\/wp-content\/uploads\/2025\/12\/flock-dent-camomilina-com-20-capsulas-e1765540214746.jpg?resize=768%2C471&amp;ssl=1 768w, https:\/\/i0.wp.com\/diariodegarca.com\/wp-content\/uploads\/2025\/12\/flock-dent-camomilina-com-20-capsulas-e1765540214746.jpg?w=1200&amp;ssl=1 1200w\" sizes=\"auto, (max-width: 800px) 100vw, 800px\" \/><\/figure>\n\n\n\n<p class=\"wp-block-paragraph\"><strong>Flock Dent Camomilina (Unicorp Terceirizze Brasil Industrial Ltda. \u2013 Medphar Farmac\u00eautica Ltda.)<\/strong><br>O suplemento infantil teve sua comercializa\u00e7\u00e3o, distribui\u00e7\u00e3o, fabrica\u00e7\u00e3o, propaganda e uso\u00a0<strong>proibidos<\/strong>, e tamb\u00e9m deve ser\u00a0<strong>recolhido<\/strong>. A Anvisa apontou a\u00a0<strong>indica\u00e7\u00e3o irregular do produto para a primeira denti\u00e7\u00e3o de beb\u00eas<\/strong>\u00a0e o\u00a0<strong>uso de constituintes (ingredientes) n\u00e3o autorizados para a faixa et\u00e1ria indicada<\/strong>.<\/p>\n\n\n\n<figure class=\"wp-block-image size-full is-resized\"><img data-recalc-dims=\"1\" loading=\"lazy\" decoding=\"async\" width=\"480\" height=\"464\" data-attachment-id=\"9523\" data-permalink=\"https:\/\/diariodegarca.com\/?attachment_id=9523\" data-orig-file=\"https:\/\/i0.wp.com\/diariodegarca.com\/wp-content\/uploads\/2025\/12\/Creatina-monohidratada-Basecol-e1765540286145.jpg?fit=480%2C464&amp;ssl=1\" data-orig-size=\"480,464\" data-comments-opened=\"1\" data-image-meta=\"{&quot;aperture&quot;:&quot;0&quot;,&quot;credit&quot;:&quot;&quot;,&quot;camera&quot;:&quot;&quot;,&quot;caption&quot;:&quot;&quot;,&quot;created_timestamp&quot;:&quot;0&quot;,&quot;copyright&quot;:&quot;&quot;,&quot;focal_length&quot;:&quot;0&quot;,&quot;iso&quot;:&quot;0&quot;,&quot;shutter_speed&quot;:&quot;0&quot;,&quot;title&quot;:&quot;&quot;,&quot;orientation&quot;:&quot;1&quot;}\" data-image-title=\"Creatina monohidratada Basecol\" data-image-description=\"\" data-image-caption=\"\" data-medium-file=\"https:\/\/i0.wp.com\/diariodegarca.com\/wp-content\/uploads\/2025\/12\/Creatina-monohidratada-Basecol-e1765540286145.jpg?fit=300%2C290&amp;ssl=1\" data-large-file=\"https:\/\/i0.wp.com\/diariodegarca.com\/wp-content\/uploads\/2025\/12\/Creatina-monohidratada-Basecol-e1765540286145.jpg?fit=480%2C464&amp;ssl=1\" src=\"https:\/\/i0.wp.com\/diariodegarca.com\/wp-content\/uploads\/2025\/12\/Creatina-monohidratada-Basecol-e1765540286145.jpg?resize=480%2C464&#038;ssl=1\" alt=\"Pote de suplemento alimentar em p\u00f3 de creatina monoidratada da Basecol Mix, 300g, com r\u00f3tulo informando que \u00e9 100% pura e cont\u00e9m 100 doses.\" class=\"wp-image-9523\" style=\"width:192px;height:auto\" srcset=\"https:\/\/i0.wp.com\/diariodegarca.com\/wp-content\/uploads\/2025\/12\/Creatina-monohidratada-Basecol-e1765540286145.jpg?w=480&amp;ssl=1 480w, https:\/\/i0.wp.com\/diariodegarca.com\/wp-content\/uploads\/2025\/12\/Creatina-monohidratada-Basecol-e1765540286145.jpg?resize=300%2C290&amp;ssl=1 300w\" sizes=\"auto, (max-width: 480px) 100vw, 480px\" \/><\/figure>\n\n\n\n<p class=\"wp-block-paragraph\"><strong>Suplemento Alimentar de Creatina Monoidratada em Gel (Basecol Mix Ind\u00fastria e Com\u00e9rcio de Alimentos Ltda.)<\/strong><br>O produto, que inclui as marcas\u00a0<strong>Creatina Creamy, Crea Cream, Pasta de Creatina e Creme de Creatina<\/strong>, ter\u00e1\u00a0<strong>recolhimento volunt\u00e1rio<\/strong>\u00a0de todos os lotes. A medida foi tomada ap\u00f3s a empresa comunicar a irregularidade \u00e0 Anvisa, tendo em vista\u00a0<strong>o cancelamento de sua notifica\u00e7\u00e3o<\/strong>. Com isso, a\u00a0<strong>comercializa\u00e7\u00e3o, fabrica\u00e7\u00e3o, propaganda e uso do produto foram suspensos<\/strong>.<\/p>\n\n\n\n<figure class=\"wp-block-image size-large is-resized\"><img data-recalc-dims=\"1\" loading=\"lazy\" decoding=\"async\" width=\"800\" height=\"800\" data-attachment-id=\"9527\" data-permalink=\"https:\/\/diariodegarca.com\/?attachment_id=9527\" data-orig-file=\"https:\/\/i0.wp.com\/diariodegarca.com\/wp-content\/uploads\/2025\/12\/Formula-Pediatrica-Nesh-Pentasure-Pedia-e1765540445665.jpg?fit=566%2C950&amp;ssl=1\" data-orig-size=\"566,950\" data-comments-opened=\"1\" data-image-meta=\"{&quot;aperture&quot;:&quot;0&quot;,&quot;credit&quot;:&quot;&quot;,&quot;camera&quot;:&quot;&quot;,&quot;caption&quot;:&quot;&quot;,&quot;created_timestamp&quot;:&quot;0&quot;,&quot;copyright&quot;:&quot;&quot;,&quot;focal_length&quot;:&quot;0&quot;,&quot;iso&quot;:&quot;0&quot;,&quot;shutter_speed&quot;:&quot;0&quot;,&quot;title&quot;:&quot;&quot;,&quot;orientation&quot;:&quot;0&quot;}\" data-image-title=\"F\u00f3rmula Pedi\u00e1trica Nesh Pentasure Pedia\" data-image-description=\"\" data-image-caption=\"\" data-medium-file=\"https:\/\/i0.wp.com\/diariodegarca.com\/wp-content\/uploads\/2025\/12\/Formula-Pediatrica-Nesh-Pentasure-Pedia-e1765540445665.jpg?fit=179%2C300&amp;ssl=1\" data-large-file=\"https:\/\/i0.wp.com\/diariodegarca.com\/wp-content\/uploads\/2025\/12\/Formula-Pediatrica-Nesh-Pentasure-Pedia-e1765540445665.jpg?fit=800%2C800&amp;ssl=1\" src=\"https:\/\/i0.wp.com\/diariodegarca.com\/wp-content\/uploads\/2025\/12\/Formula-Pediatrica-Nesh-Pentasure-Pedia.jpg?resize=800%2C800&#038;ssl=1\" alt=\"Lata de f\u00f3rmula pedi\u00e1trica para nutri\u00e7\u00e3o enteral e oral, marca Pentasure, destinada a crian\u00e7as de 1 a 10 anos, com advert\u00eancias nutricionais e informa\u00e7\u00f5es de registro.\" class=\"wp-image-9527\" style=\"width:263px;height:auto\"\/><\/figure>\n\n\n\n<p class=\"wp-block-paragraph\"><strong>F\u00f3rmula Pedi\u00e1trica para Nutri\u00e7\u00e3o Enteral e Oral &#8211; Nesh Pentasure Pedia (Nunesfarma Produtos Farmac\u00eauticos Ltda.)<\/strong><br>A empresa tamb\u00e9m comunicou um\u00a0<strong>recolhimento volunt\u00e1rio<\/strong>\u00a0de todos os lotes do produto. A a\u00e7\u00e3o e a consequente\u00a0<strong>suspens\u00e3o da comercializa\u00e7\u00e3o, distribui\u00e7\u00e3o e uso<\/strong>\u00a0foram motivadas por um\u00a0<strong>erro na rotulagem<\/strong>: a alega\u00e7\u00e3o\u00a0<strong>&#8220;F\u00f3rmula hidrolisada&#8221;<\/strong>\u00a0constava no r\u00f3tulo, mas precisa ser exclu\u00edda por n\u00e3o estar de acordo com as alega\u00e7\u00f5es nutricionais autorizadas para esse tipo de produto.<\/p>\n\n\n\n<ol start=\"1\" class=\"wp-block-list\"><\/ol>\n\n\n\n<p class=\"wp-block-paragraph\"><strong>Cosm\u00e9ticos Irregularidades tamb\u00e9m S\u00e3o Alvo<\/strong><br>Em outra resolu\u00e7\u00e3o, a RE n\u00ba 5.004, a Anvisa voltou sua aten\u00e7\u00e3o para o setor de cosm\u00e9ticos, agindo contra produtos que n\u00e3o cumpriram as regras de registro sanit\u00e1rio.<\/p>\n\n\n\n<figure class=\"wp-block-image size-large is-resized\"><img data-recalc-dims=\"1\" loading=\"lazy\" decoding=\"async\" width=\"800\" height=\"800\" data-attachment-id=\"9528\" data-permalink=\"https:\/\/diariodegarca.com\/?attachment_id=9528\" data-orig-file=\"https:\/\/i0.wp.com\/diariodegarca.com\/wp-content\/uploads\/2025\/12\/Deo-Colonia-Amantikir-Aon-Industria-e1765540516233.jpg?fit=360%2C986&amp;ssl=1\" data-orig-size=\"360,986\" data-comments-opened=\"1\" data-image-meta=\"{&quot;aperture&quot;:&quot;0&quot;,&quot;credit&quot;:&quot;&quot;,&quot;camera&quot;:&quot;&quot;,&quot;caption&quot;:&quot;&quot;,&quot;created_timestamp&quot;:&quot;0&quot;,&quot;copyright&quot;:&quot;&quot;,&quot;focal_length&quot;:&quot;0&quot;,&quot;iso&quot;:&quot;0&quot;,&quot;shutter_speed&quot;:&quot;0&quot;,&quot;title&quot;:&quot;&quot;,&quot;orientation&quot;:&quot;0&quot;}\" data-image-title=\"Deo Col\u00f4nia Amantikir &amp;#8211; Aon Ind\u00fastria\" data-image-description=\"\" data-image-caption=\"\" data-medium-file=\"https:\/\/i0.wp.com\/diariodegarca.com\/wp-content\/uploads\/2025\/12\/Deo-Colonia-Amantikir-Aon-Industria-e1765540516233.jpg?fit=110%2C300&amp;ssl=1\" data-large-file=\"https:\/\/i0.wp.com\/diariodegarca.com\/wp-content\/uploads\/2025\/12\/Deo-Colonia-Amantikir-Aon-Industria-e1765540516233.jpg?fit=800%2C800&amp;ssl=1\" src=\"https:\/\/i0.wp.com\/diariodegarca.com\/wp-content\/uploads\/2025\/12\/Deo-Colonia-Amantikir-Aon-Industria.jpg?resize=800%2C800&#038;ssl=1\" alt=\"Frasco de Deo Col\u00f4nia Spray Amantikir, com r\u00f3tulo verde e detalhes em branco, contendo 120ml do produto e destacando ingredientes naturais.\" class=\"wp-image-9528\" style=\"width:190px;height:auto\"\/><\/figure>\n\n\n\n<p class=\"wp-block-paragraph\"><strong>Deo Col\u00f4nia Amantikir (Aon Ind\u00fastria de Cosm\u00e9ticos Naturais Ltda.)<\/strong><br>A Anvisa determinou o\u00a0<strong>recolhimento<\/strong>\u00a0do produto e a\u00a0<strong>suspens\u00e3o de sua comercializa\u00e7\u00e3o, distribui\u00e7\u00e3o, fabrica\u00e7\u00e3o, propaganda e uso<\/strong>. O problema identificado foi que o cosm\u00e9tico\u00a0<strong>se classifica como produto sujeito a registro obrigat\u00f3rio<\/strong>, mas foi\u00a0<strong>indevidamente notificado<\/strong>\u00a0\u00e0 Ag\u00eancia. Cosm\u00e9ticos com maior potencial de risco exigem registro, e n\u00e3o apenas notifica\u00e7\u00e3o.<\/p>\n\n\n\n<figure class=\"wp-block-image size-full is-resized\"><img data-recalc-dims=\"1\" loading=\"lazy\" decoding=\"async\" width=\"500\" height=\"491\" data-attachment-id=\"9529\" data-permalink=\"https:\/\/diariodegarca.com\/?attachment_id=9529\" data-orig-file=\"https:\/\/i0.wp.com\/diariodegarca.com\/wp-content\/uploads\/2025\/12\/Mavi-Pang-Pang-Hair-Shadow.jpg?fit=500%2C491&amp;ssl=1\" data-orig-size=\"500,491\" data-comments-opened=\"1\" data-image-meta=\"{&quot;aperture&quot;:&quot;0&quot;,&quot;credit&quot;:&quot;&quot;,&quot;camera&quot;:&quot;&quot;,&quot;caption&quot;:&quot;&quot;,&quot;created_timestamp&quot;:&quot;0&quot;,&quot;copyright&quot;:&quot;&quot;,&quot;focal_length&quot;:&quot;0&quot;,&quot;iso&quot;:&quot;0&quot;,&quot;shutter_speed&quot;:&quot;0&quot;,&quot;title&quot;:&quot;&quot;,&quot;orientation&quot;:&quot;0&quot;}\" data-image-title=\"Mavi Pang Pang Hair Shadow\" data-image-description=\"\" data-image-caption=\"\" data-medium-file=\"https:\/\/i0.wp.com\/diariodegarca.com\/wp-content\/uploads\/2025\/12\/Mavi-Pang-Pang-Hair-Shadow.jpg?fit=300%2C295&amp;ssl=1\" data-large-file=\"https:\/\/i0.wp.com\/diariodegarca.com\/wp-content\/uploads\/2025\/12\/Mavi-Pang-Pang-Hair-Shadow.jpg?fit=500%2C491&amp;ssl=1\" src=\"https:\/\/i0.wp.com\/diariodegarca.com\/wp-content\/uploads\/2025\/12\/Mavi-Pang-Pang-Hair-Shadow.jpg?resize=500%2C491&#038;ssl=1\" alt=\"Produto de maquiagem capilar Mavi Pang Pang Hair Shadow em embalagem com tampa, apresentado sobre uma mancha de cor semelhante ao produto.\" class=\"wp-image-9529\" style=\"aspect-ratio:1.0183766407714974;width:211px;height:auto\" srcset=\"https:\/\/i0.wp.com\/diariodegarca.com\/wp-content\/uploads\/2025\/12\/Mavi-Pang-Pang-Hair-Shadow.jpg?w=500&amp;ssl=1 500w, https:\/\/i0.wp.com\/diariodegarca.com\/wp-content\/uploads\/2025\/12\/Mavi-Pang-Pang-Hair-Shadow.jpg?resize=300%2C295&amp;ssl=1 300w\" sizes=\"auto, (max-width: 500px) 100vw, 500px\" \/><\/figure>\n\n\n\n<p class=\"wp-block-paragraph\"><strong>Maquiagem Capilar Mavi Pang Pang Hair Shadow (Empresa de origem desconhecida)<\/strong><br>Para este item, a medida foi mais severa:\u00a0<strong>apreens\u00e3o<\/strong>\u00a0do produto e\u00a0<strong>proibi\u00e7\u00e3o<\/strong>\u00a0de sua comercializa\u00e7\u00e3o, distribui\u00e7\u00e3o, fabrica\u00e7\u00e3o, propaganda e uso. A motiva\u00e7\u00e3o \u00e9 que o cosm\u00e9tico\u00a0<strong>estava sendo fabricado e vendido sem registro<\/strong>\u00a0por uma empresa sem autoriza\u00e7\u00e3o de funcionamento, configurando uma irregularidade grave.<\/p>\n\n\n\n<ol start=\"1\" class=\"wp-block-list\"><\/ol>\n\n\n\n<p class=\"wp-block-paragraph\">As resolu\u00e7\u00f5es destacam que as empresas infringiram uma s\u00e9rie de dispositivos legais, incluindo o Decreto-Lei n\u00ba 986\/1969, a Lei n\u00ba 9.782\/1999 e diversas Resolu\u00e7\u00f5es da Diretoria Colegiada (RDCs) da Anvisa. As medidas entram em vigor a partir da data de publica\u00e7\u00e3o no Di\u00e1rio Oficial da Uni\u00e3o.<\/p>\n","protected":false},"excerpt":{"rendered":"<p>Decis\u00f5es publicadas no Di\u00e1rio Oficial da Uni\u00e3o incluem produtos com alega\u00e7\u00f5es falsas, ingredientes proibidos e irregularidades de registro. Confira a lista completa. A Ag\u00eancia Nacional de Vigil\u00e2ncia Sanit\u00e1ria (Anvisa) publicou nos dias 10 e 11 de dezembro resolu\u00e7\u00f5es que determinam uma s\u00e9rie de medidas rigorosas contra produtos irregulares nas \u00e1reas de alimentos e cosm\u00e9ticos. As [&hellip;]<\/p>\n","protected":false},"author":260896548,"featured_media":9519,"comment_status":"open","ping_status":"open","sticky":false,"template":"","format":"standard","meta":{"_crdt_document":"","_monsterinsights_skip_tracking":false,"_monsterinsights_sitenote_active":false,"_monsterinsights_sitenote_note":"","_monsterinsights_sitenote_category":0,"advanced_seo_description":"Confira as novas proibi\u00e7\u00f5es da Anvisa sobre produtos aliment\u00edcios e cosm\u00e9ticos com alega\u00e7\u00f5es falsas e ingredientes irregulares.","jetpack_seo_html_title":"Anvisa Pro\u00edbe Produtos Irregulares em Alimentos e Cosm\u00e9ticos","jetpack_seo_noindex":false,"jetpack_post_was_ever_published":false,"_jetpack_newsletter_access":"","_jetpack_dont_email_post_to_subs":false,"_jetpack_newsletter_tier_id":0,"_jetpack_memberships_contains_paywalled_content":false,"_jetpack_memberships_contains_paid_content":false,"footnotes":"","jetpack_publicize_message":"\ud83d\udea8 Anvisa baixou o martelo e determinou o recolhimento e a proibi\u00e7\u00e3o de v\u00e1rios produtos. \n\nA lista inclui itens para beb\u00eas, suplementos e cosm\u00e9ticos. \u26a0\ufe0f\n\nEntre os afetados est\u00e3o:\n\u25aa\ufe0f O suplemento infantil \"Flock Dent Camomilina\", proibido por indica\u00e7\u00e3o irregular para primeira denti\u00e7\u00e3o.\n\u25aa\ufe0f O \"Suplemento Milagroso Jes\", com propaganda de falsos benef\u00edcios terap\u00eauticos.\n\u25aa\ufe0f A \"F\u00f3rmula Pedi\u00e1trica Nesh Pentasure\", que ter\u00e1 r\u00f3tulo alterado.\n\u25aa\ufe0f Creme de creatina em gel, em recolhimento volunt\u00e1rio.\n\u25aa\ufe0f A \"Deo Col\u00f4nia Amantikir\" e uma maquiagem capilar, por falta de registro.\n\nAs irregularidades v\u00e3o desde ingredientes n\u00e3o permitidos at\u00e9 alega\u00e7\u00f5es enganosas.\n\n\ud83d\udcd6 Quer saber todos os detalhes e ver a lista completa com os nomes das empresas e os motivos espec\u00edficos de cada caso? Leia a reportagem completa no link na nossa bio! \ud83d\udc46\n\n#Anvisa #Fiscaliza\u00e7\u00e3o #Sa\u00fade #Consumidor #Suplemento #Cosm\u00e9tico #Seguran\u00e7aAlimentar #Di\u00e1rioDeGarca","jetpack_publicize_feature_enabled":true,"jetpack_social_post_already_shared":false,"jetpack_social_options":{"image_generator_settings":{"template":"highway","default_image_id":0,"font":"","enabled":false},"version":2},"_wpas_customize_per_network":false},"categories":[38185,1192752],"tags":[],"class_list":["post-9517","post","type-post","status-publish","format-standard","has-post-thumbnail","hentry","category-brasil","category-fiscalizacao"],"jetpack_publicize_connections":[],"jetpack_featured_media_url":"https:\/\/i0.wp.com\/diariodegarca.com\/wp-content\/uploads\/2025\/12\/ChatGPT-Image-12-de-dez.-de-2025-08_43_31.png?fit=1536%2C1024&ssl=1","jetpack_likes_enabled":true,"jetpack_sharing_enabled":true,"jetpack_shortlink":"https:\/\/wp.me\/pgitne-2tv","jetpack-related-posts":[{"id":8211,"url":"https:\/\/diariodegarca.com\/?p=8211","url_meta":{"origin":9517,"position":0},"title":"Anvisa recolhe caf\u00e9 com cogumelo, apreende medicamentos e pro\u00edbe subst\u00e2ncias em esmaltes","author":"Di\u00e1rio de Gar\u00e7a","date":"29 de outubro de 2025","format":false,"excerpt":"A\u00e7\u00f5es de fiscaliza\u00e7\u00e3o publicadas no Di\u00e1rio Oficial da Uni\u00e3o tamb\u00e9m atingiram detergente, \u00e1lcool, fibra capilar, anabolizantes e lotes falsos de semaglutida. Medida separada pro\u00edbe duas subst\u00e2ncias t\u00f3xicas em produtos para unhas. A Ag\u00eancia Nacional de Vigil\u00e2ncia Sanit\u00e1ria (Anvisa) publicou no Di\u00e1rio Oficial da Uni\u00e3o uma s\u00e9rie de decis\u00f5es que determinam\u2026","rel":"","context":"Em &quot;Fiscaliza\u00e7\u00e3o&quot;","block_context":{"text":"Fiscaliza\u00e7\u00e3o","link":"https:\/\/diariodegarca.com\/?cat=1192752"},"img":{"alt_text":"","src":"https:\/\/i0.wp.com\/diariodegarca.com\/wp-content\/uploads\/2025\/10\/cafellow.png?fit=984%2C762&ssl=1&resize=350%2C200","width":350,"height":200,"srcset":"https:\/\/i0.wp.com\/diariodegarca.com\/wp-content\/uploads\/2025\/10\/cafellow.png?fit=984%2C762&ssl=1&resize=350%2C200 1x, https:\/\/i0.wp.com\/diariodegarca.com\/wp-content\/uploads\/2025\/10\/cafellow.png?fit=984%2C762&ssl=1&resize=525%2C300 1.5x, https:\/\/i0.wp.com\/diariodegarca.com\/wp-content\/uploads\/2025\/10\/cafellow.png?fit=984%2C762&ssl=1&resize=700%2C400 2x"},"classes":[]},{"id":10069,"url":"https:\/\/diariodegarca.com\/?p=10069","url_meta":{"origin":9517,"position":1},"title":"Anvisa retira do mercado suplementos, cosm\u00e9ticos e at\u00e9 glitter","author":"Di\u00e1rio de Gar\u00e7a","date":"17 de janeiro de 2026","format":false,"excerpt":"Empresas operavam com produtos de origem desconhecida, ingredientes n\u00e3o autorizados e promessas falsas de cura; veja a lista completa dos itens proibidos. A Ag\u00eancia Nacional de Vigil\u00e2ncia Sanit\u00e1ria (Anvisa) publicou uma s\u00e9rie de resolu\u00e7\u00f5es no Di\u00e1rio Oficial da Uni\u00e3o (DOU) determinando a proibi\u00e7\u00e3o, recolhimento ou apreens\u00e3o de diversos produtos considerados\u2026","rel":"","context":"Em &quot;Brasil&quot;","block_context":{"text":"Brasil","link":"https:\/\/diariodegarca.com\/?cat=38185"},"img":{"alt_text":"","src":"https:\/\/i0.wp.com\/diariodegarca.com\/wp-content\/uploads\/2026\/01\/recolhidos-anvisa-1.png?fit=1200%2C800&ssl=1&resize=350%2C200","width":350,"height":200,"srcset":"https:\/\/i0.wp.com\/diariodegarca.com\/wp-content\/uploads\/2026\/01\/recolhidos-anvisa-1.png?fit=1200%2C800&ssl=1&resize=350%2C200 1x, https:\/\/i0.wp.com\/diariodegarca.com\/wp-content\/uploads\/2026\/01\/recolhidos-anvisa-1.png?fit=1200%2C800&ssl=1&resize=525%2C300 1.5x, https:\/\/i0.wp.com\/diariodegarca.com\/wp-content\/uploads\/2026\/01\/recolhidos-anvisa-1.png?fit=1200%2C800&ssl=1&resize=700%2C400 2x, https:\/\/i0.wp.com\/diariodegarca.com\/wp-content\/uploads\/2026\/01\/recolhidos-anvisa-1.png?fit=1200%2C800&ssl=1&resize=1050%2C600 3x"},"classes":[]},{"id":7812,"url":"https:\/\/diariodegarca.com\/?p=7812","url_meta":{"origin":9517,"position":2},"title":"Anvisa suspende fabrica\u00e7\u00e3o e venda de cosm\u00e9ticos, produtos de limpeza e suplementos","author":"Andreza Sega","date":"18 de outubro de 2025","format":false,"excerpt":"Empresas como Maxx Qu\u00edmica, Aqu\u00e1ria Cosm\u00e9tica e Angry Supplements foram alvo de a\u00e7\u00f5es fiscais por descumprimento de normas sanit\u00e1rias. Medidas incluem suspens\u00e3o, recolhimento e apreens\u00e3o de itens irregulares. Uma s\u00e9rie de a\u00e7\u00f5es de fiscaliza\u00e7\u00e3o da Ag\u00eancia Nacional de Vigil\u00e2ncia Sanit\u00e1ria (Anvisa) resultou na suspens\u00e3o, recolhimento e apreens\u00e3o de diversos produtos,\u2026","rel":"","context":"Em &quot;Fiscaliza\u00e7\u00e3o&quot;","block_context":{"text":"Fiscaliza\u00e7\u00e3o","link":"https:\/\/diariodegarca.com\/?cat=1192752"},"img":{"alt_text":"","src":"https:\/\/i0.wp.com\/diariodegarca.com\/wp-content\/uploads\/2025\/09\/11-11-2020_sede_anvisa-3_0.webp?fit=1170%2C700&ssl=1&resize=350%2C200","width":350,"height":200,"srcset":"https:\/\/i0.wp.com\/diariodegarca.com\/wp-content\/uploads\/2025\/09\/11-11-2020_sede_anvisa-3_0.webp?fit=1170%2C700&ssl=1&resize=350%2C200 1x, https:\/\/i0.wp.com\/diariodegarca.com\/wp-content\/uploads\/2025\/09\/11-11-2020_sede_anvisa-3_0.webp?fit=1170%2C700&ssl=1&resize=525%2C300 1.5x, https:\/\/i0.wp.com\/diariodegarca.com\/wp-content\/uploads\/2025\/09\/11-11-2020_sede_anvisa-3_0.webp?fit=1170%2C700&ssl=1&resize=700%2C400 2x, https:\/\/i0.wp.com\/diariodegarca.com\/wp-content\/uploads\/2025\/09\/11-11-2020_sede_anvisa-3_0.webp?fit=1170%2C700&ssl=1&resize=1050%2C600 3x"},"classes":[]},{"id":4889,"url":"https:\/\/diariodegarca.com\/?p=4889","url_meta":{"origin":9517,"position":3},"title":"Col\u00e1geno da Nutra Nutri e Xarope da Vov\u00f3 Isabel est\u00e3o na lista de produtos banidos pela Anvisa","author":"Di\u00e1rio de Gar\u00e7a","date":"22 de julho de 2025","format":false,"excerpt":"Ag\u00eancia determina apreens\u00e3o de produtos irregulares, incluindo xarope caseiro, suplementos e extrato de c\u00farcuma; empresas sem registro e falsifica\u00e7\u00e3o de produtos est\u00e3o entre os motivos. A Ag\u00eancia Nacional de Vigil\u00e2ncia Sanit\u00e1ria (Anvisa) publicou, na \u00faltima sexta-feira, dia 18 de julho, medidas que pro\u00edbem a comercializa\u00e7\u00e3o de quatro produtos irregulares e\u2026","rel":"","context":"Em &quot;Brasil&quot;","block_context":{"text":"Brasil","link":"https:\/\/diariodegarca.com\/?cat=38185"},"img":{"alt_text":"","src":"","width":0,"height":0},"classes":[]},{"id":7174,"url":"https:\/\/diariodegarca.com\/?p=7174","url_meta":{"origin":9517,"position":4},"title":"Anvisa apreende cosm\u00e9ticos irregulares e alerta sobre medicamentos falsificados","author":"Di\u00e1rio de Gar\u00e7a","date":"26 de setembro de 2025","format":false,"excerpt":"Medidas publicadas no Di\u00e1rio Oficial da Uni\u00e3o determinam recolhimento de produtos capilares sem registro, apreens\u00e3o de lote falsificado de rem\u00e9dio para c\u00e2ncer e mant\u00eam suspenso medicamento para distrofia muscular. A Ag\u00eancia Nacional de Vigil\u00e2ncia Sanit\u00e1ria (Anvisa) publicou no Di\u00e1rio Oficial da Uni\u00e3o (DOU), em 25 de setembro, uma s\u00e9rie de\u2026","rel":"","context":"Em &quot;Fiscaliza\u00e7\u00e3o&quot;","block_context":{"text":"Fiscaliza\u00e7\u00e3o","link":"https:\/\/diariodegarca.com\/?cat=1192752"},"img":{"alt_text":"","src":"https:\/\/i0.wp.com\/diariodegarca.com\/wp-content\/uploads\/2025\/07\/aff69996-a268-4d49-8143-8acc7f8870fe.jpeg?fit=768%2C402&ssl=1&resize=350%2C200","width":350,"height":200,"srcset":"https:\/\/i0.wp.com\/diariodegarca.com\/wp-content\/uploads\/2025\/07\/aff69996-a268-4d49-8143-8acc7f8870fe.jpeg?fit=768%2C402&ssl=1&resize=350%2C200 1x, https:\/\/i0.wp.com\/diariodegarca.com\/wp-content\/uploads\/2025\/07\/aff69996-a268-4d49-8143-8acc7f8870fe.jpeg?fit=768%2C402&ssl=1&resize=525%2C300 1.5x, https:\/\/i0.wp.com\/diariodegarca.com\/wp-content\/uploads\/2025\/07\/aff69996-a268-4d49-8143-8acc7f8870fe.jpeg?fit=768%2C402&ssl=1&resize=700%2C400 2x"},"classes":[]},{"id":9617,"url":"https:\/\/diariodegarca.com\/?p=9617","url_meta":{"origin":9517,"position":5},"title":"Anvisa pro\u00edbe suplementos irregulares e destaca riscos em plataformas digitais","author":"Andreza Sega","date":"19 de dezembro de 2025","format":false,"excerpt":"Ag\u00eancia intensifica fiscaliza\u00e7\u00e3o sobre produtos com falta de registro, falsifica\u00e7\u00e3o e propaganda enganosa, com alerta para compras online A Ag\u00eancia Nacional de Vigil\u00e2ncia Sanit\u00e1ria (Anvisa) intensificou a fiscaliza\u00e7\u00e3o sobre suplementos alimentares nos \u00faltimos dias, determinando a proibi\u00e7\u00e3o, apreens\u00e3o e recolhimento de produtos considerados irregulares. As medidas, publicadas no Di\u00e1rio Oficial\u2026","rel":"","context":"Em &quot;Brasil&quot;","block_context":{"text":"Brasil","link":"https:\/\/diariodegarca.com\/?cat=38185"},"img":{"alt_text":"","src":"https:\/\/i0.wp.com\/diariodegarca.com\/wp-content\/uploads\/2025\/12\/anvisa-recolhidos.png?fit=1200%2C800&ssl=1&resize=350%2C200","width":350,"height":200,"srcset":"https:\/\/i0.wp.com\/diariodegarca.com\/wp-content\/uploads\/2025\/12\/anvisa-recolhidos.png?fit=1200%2C800&ssl=1&resize=350%2C200 1x, https:\/\/i0.wp.com\/diariodegarca.com\/wp-content\/uploads\/2025\/12\/anvisa-recolhidos.png?fit=1200%2C800&ssl=1&resize=525%2C300 1.5x, https:\/\/i0.wp.com\/diariodegarca.com\/wp-content\/uploads\/2025\/12\/anvisa-recolhidos.png?fit=1200%2C800&ssl=1&resize=700%2C400 2x, https:\/\/i0.wp.com\/diariodegarca.com\/wp-content\/uploads\/2025\/12\/anvisa-recolhidos.png?fit=1200%2C800&ssl=1&resize=1050%2C600 3x"},"classes":[]}],"_links":{"self":[{"href":"https:\/\/diariodegarca.com\/index.php?rest_route=\/wp\/v2\/posts\/9517","targetHints":{"allow":["GET"]}}],"collection":[{"href":"https:\/\/diariodegarca.com\/index.php?rest_route=\/wp\/v2\/posts"}],"about":[{"href":"https:\/\/diariodegarca.com\/index.php?rest_route=\/wp\/v2\/types\/post"}],"author":[{"embeddable":true,"href":"https:\/\/diariodegarca.com\/index.php?rest_route=\/wp\/v2\/users\/260896548"}],"replies":[{"embeddable":true,"href":"https:\/\/diariodegarca.com\/index.php?rest_route=%2Fwp%2Fv2%2Fcomments&post=9517"}],"version-history":[{"count":6,"href":"https:\/\/diariodegarca.com\/index.php?rest_route=\/wp\/v2\/posts\/9517\/revisions"}],"predecessor-version":[{"id":9531,"href":"https:\/\/diariodegarca.com\/index.php?rest_route=\/wp\/v2\/posts\/9517\/revisions\/9531"}],"wp:featuredmedia":[{"embeddable":true,"href":"https:\/\/diariodegarca.com\/index.php?rest_route=\/wp\/v2\/media\/9519"}],"wp:attachment":[{"href":"https:\/\/diariodegarca.com\/index.php?rest_route=%2Fwp%2Fv2%2Fmedia&parent=9517"}],"wp:term":[{"taxonomy":"category","embeddable":true,"href":"https:\/\/diariodegarca.com\/index.php?rest_route=%2Fwp%2Fv2%2Fcategories&post=9517"},{"taxonomy":"post_tag","embeddable":true,"href":"https:\/\/diariodegarca.com\/index.php?rest_route=%2Fwp%2Fv2%2Ftags&post=9517"}],"curies":[{"name":"wp","href":"https:\/\/api.w.org\/{rel}","templated":true}]}}