{"id":9538,"date":"2025-12-15T15:47:18","date_gmt":"2025-12-15T18:47:18","guid":{"rendered":"https:\/\/diariodegarca.com\/?p=9538"},"modified":"2025-12-18T15:29:00","modified_gmt":"2025-12-18T18:29:00","slug":"falta-de-prestacao-de-contas-da-festa-da-cerejeira-em-garca-gera-denuncia-ao-ministerio-publico","status":"publish","type":"post","link":"https:\/\/diariodegarca.com\/?p=9538","title":{"rendered":"Falta de presta\u00e7\u00e3o de contas da Festa da Cerejeira em Gar\u00e7a gera den\u00fancia ao Minist\u00e9rio P\u00fablico"},"content":{"rendered":"\n<p class=\"wp-block-paragraph\"><em>Vereadora acusa descumprimento de lei municipal que exige transpar\u00eancia financeira do evento; prazo legal de 120 dias foi ultrapassado em mais de dois meses.<\/em><\/p>\n\n\n\n<p class=\"wp-block-paragraph\">Em meio a questionamentos sobre a transpar\u00eancia na gest\u00e3o p\u00fablica, a vereadora <strong>Elaine Oliveira (PSD)<\/strong> formalizou uma <strong>den\u00fancia<\/strong> ao <strong>Minist\u00e9rio P\u00fablico do Estado de S\u00e3o Paulo<\/strong>, na Comarca de Gar\u00e7a, por descumprimento da <a href=\"https:\/\/leismunicipais.com.br\/a\/sp\/g\/garca\/lei-ordinaria\/2016\/508\/5080\/lei-ordinaria-n-5080-2016-institui-a-normatizacao-para-a-apresentacao-da-prestacao-de-contas-da-festa-da-cerejeira-no-municipio-de-garca-estado-de-sao-paulo\" target=\"_blank\" rel=\"noreferrer noopener\"><strong>Lei Municipal n\u00ba 5.080\/2016<\/strong><\/a>. A legisla\u00e7\u00e3o, de autoria da ent\u00e3o vereadora e atual vice-prefeita Patr\u00edcia Morato Marang\u00e3o (Novo, mas na na \u00e9poca filiada ao PMDB), estabelece que,<strong> em at\u00e9 120 dias ap\u00f3s o t\u00e9rmino<\/strong> da Festa da Cerejeira, o Poder Executivo <strong>deve divulgar um balancete integral com todas as receitas e despesas do evento <\/strong>no Di\u00e1rio Oficial e no Portal da Transpar\u00eancia.<br><br>A edi\u00e7\u00e3o de 2025 da festividade ocorreu entre os dias 18 e 22 de junho. Portanto, o prazo legal para a presta\u00e7\u00e3o de contas <strong>encerrou-se em 20 de outubro<\/strong>. No entanto, at\u00e9 meados de dezembro, n\u00e3o h\u00e1 registro da publica\u00e7\u00e3o do balancete nem da disponibiliza\u00e7\u00e3o dos documentos exigidos por lei, que incluem valores arrecadados com patroc\u00ednios e alugu\u00e9is de estandes, rela\u00e7\u00e3o detalhada de pagamentos e extratos banc\u00e1rios.<br><br>Em of\u00edcio protocolado sob o n\u00famero 1.676\/2025, a vereadora Elaine Oliveira sustenta que a omiss\u00e3o viola os princ\u00edpios constitucionais da publicidade e da transpar\u00eancia, podendo caracterizar ato de improbidade administrativa conforme a <a href=\"https:\/\/www.planalto.gov.br\/ccivil_03\/leis\/l8429.htm\" target=\"_blank\" rel=\"noreferrer noopener\">Lei Federal n\u00ba 8.429\/1992<\/a>. Ela solicita que o MP adote as medidas necess\u00e1rias para assegurar o cumprimento da legisla\u00e7\u00e3o.<br><br>A parlamentar tamb\u00e9m gravou um v\u00eddeo, publicado em suas redes sociais, no qual questiona publicamente o sumi\u00e7o da presta\u00e7\u00e3o de contas. \u201cA festa foi em junho, as luzes se apagaram, o dinheiro circulou e, quando chegou a hora mais importante, que \u00e9 mostrar para onde foi cada centavo, a transpar\u00eancia simplesmente n\u00e3o apareceu\u201d, afirmou. Elaine refor\u00e7ou que a norma \u201cn\u00e3o \u00e9 gentileza, n\u00e3o \u00e9 opcional, \u00e9 lei\u201d e cobrou a imediata regulariza\u00e7\u00e3o.<\/p>\n\n\n\n<h2 class=\"wp-block-heading\">Hist\u00f3rico de presta\u00e7\u00f5es de contas anteriores<\/h2>\n\n\n\n<p class=\"wp-block-paragraph\">A Lei 5.080\/2016, de autoria da ent\u00e3o vereadora Patr\u00edcia Morato Marang\u00e3o, foi sancionada em setembro de 2016 pelo ent\u00e3o prefeito Jos\u00e9 Alcides Faneco \u2013 atual chefe do Executivo. Ela nasceu, segundo seus pr\u00f3prios dizeres, da necessidade de responder a antigas cobran\u00e7as por transpar\u00eancia. Sua primeira aplica\u00e7\u00e3o ocorreu em 2017, j\u00e1 na gest\u00e3o do prefeito seguinte, Jo\u00e3o Carlos dos Santos, quando o evento era organizado pelo Consebs.<br><br>Consultas ao Di\u00e1rio Oficial de Gar\u00e7a confirmam a regularidade nas divulga\u00e7\u00f5es nos anos em que a festa foi realizada:<br><br>\u00b7 <a href=\"https:\/\/www.dosp.com.br\/exibe_do.php?i=Mzc1ODU=&amp;v=Cerejeiras%20festival\" target=\"_blank\" rel=\"noreferrer noopener\">2017<\/a>: organizado pelo Consebs<br>\u00b7 <a href=\"https:\/\/www.dosp.com.br\/exibe_do.php?i=NDQwODI\" target=\"_blank\" rel=\"noreferrer noopener\">2018<\/a>: organizado pelo Consebs<br>\u00b7 <a href=\"https:\/\/www.dosp.com.br\/exibe_do.php?i=ODA0MzY\" target=\"_blank\" rel=\"noreferrer noopener\">2019<\/a>: organizado pelo Consebs<br>\u00b7 2020 e 2021: evento cancelado devido \u00e0 pandemia de Covid-19 e restri\u00e7\u00f5es sanit\u00e1rias.<br>\u00b7 <a href=\"https:\/\/www.dosp.com.br\/exibe_do.php?i=Mjk5NDg5&amp;v\" target=\"_blank\" rel=\"noreferrer noopener\">2022<\/a>: evento menor, com o nome &#8220;Tributo \u00e0s Cerejeiras&#8221;, organizado pela Proden.<br>\u00b7 <a href=\"https:\/\/www.dosp.com.br\/exibe_do.php?i=NDE5NDg4&amp;v\" target=\"_blank\" rel=\"noreferrer noopener\">2023<\/a>: organizado pela Proden<br>\u00b7 <a href=\"https:\/\/www.dosp.com.br\/exibe_do.php?i=NTY0ODYx&amp;v\" target=\"_blank\" rel=\"noreferrer noopener\">2024<\/a>: organizado pela Proden<\/p>\n\n\n\n<p class=\"wp-block-paragraph\">O <em>Di\u00e1rio de Gar\u00e7a<\/em> questionou a Prefeitura, por meio da Secretaria de Comunica\u00e7\u00e3o, mas n\u00e3o obteve respostas at\u00e9 o fechamento dessa mat\u00e9ria.&nbsp; O espa\u00e7o segue aberto para manifesta\u00e7\u00f5es.<\/p>\n","protected":false},"excerpt":{"rendered":"<p>Vereadora acusa descumprimento de lei municipal que exige transpar\u00eancia financeira do evento; prazo legal de 120 dias foi ultrapassado em mais de dois meses. Em meio a questionamentos sobre a transpar\u00eancia na gest\u00e3o p\u00fablica, a vereadora Elaine Oliveira (PSD) formalizou uma den\u00fancia ao Minist\u00e9rio P\u00fablico do Estado de S\u00e3o Paulo, na Comarca de Gar\u00e7a, por [&hellip;]<\/p>\n","protected":false},"author":260896546,"featured_media":9540,"comment_status":"open","ping_status":"open","sticky":false,"template":"","format":"standard","meta":{"_monsterinsights_skip_tracking":false,"advanced_seo_description":"","jetpack_seo_html_title":"","jetpack_seo_noindex":false,"jetpack_seo_schema_type":"","_jetpack_newsletter_access":"","_jetpack_dont_email_post_to_subs":false,"_jetpack_newsletter_tier_id":0,"_jetpack_memberships_contains_paywalled_content":false,"_wpcom_ai_launchpad_first_post":false,"_jetpack_feature_clip_id":0,"_jetpack_memberships_contains_paid_content":false,"footnotes":"","jetpack_publicize_message":"{title}\n\n{excerpt}\n\n{url}","jetpack_publicize_feature_enabled":true,"jetpack_social_post_already_shared":true,"jetpack_social_options":{"image_generator_settings":{"template":"fullscreen","default_image_id":0,"font":"","enabled":false},"version":2},"_wpas_customize_per_network":false,"jetpack_post_was_ever_published":false},"categories":[2366,1192752,781171664,781171847],"tags":[],"class_list":["post-9538","post","type-post","status-publish","format-standard","has-post-thumbnail","hentry","category-eventos","category-fiscalizacao","category-garca-cidade","category-politica"],"jetpack_publicize_connections":[],"jetpack_likes_enabled":true,"jetpack_sharing_enabled":true,"jetpack_shortlink":"https:\/\/wp.me\/pgitne-2tQ","jetpack-related-posts":[{"id":9585,"url":"https:\/\/diariodegarca.com\/?p=9585","url_meta":{"origin":9538,"position":0},"title":"Presta\u00e7\u00e3o de contas da Festa da Cerejeira \u00e9 publicada; Prefeitura nega atraso e afirma que relat\u00f3rio atende \u00e0 lei","author":"Di\u00e1rio de Gar\u00e7a","date":"18 de dezembro de 2025","format":false,"excerpt":"Administra\u00e7\u00e3o sustenta que divulga\u00e7\u00e3o ocorreu dentro do prazo legal e que obriga\u00e7\u00e3o \u00e9 do Nikkey Clube, mas an\u00e1lise aponta diverg\u00eancias em rela\u00e7\u00e3o ao que a legisla\u00e7\u00e3o municipal exige. A presta\u00e7\u00e3o de contas da 38\u00aa Festa da Cerejeira de Gar\u00e7a, realizada entre os dias 18 e 22 de junho de 2025,\u2026","rel":"","context":"Em &quot;Eventos&quot;","block_context":{"text":"Eventos","link":"https:\/\/diariodegarca.com\/?cat=2366"},"img":{"alt_text":"","src":"https:\/\/i0.wp.com\/diariodegarca.com\/wp-content\/uploads\/2025\/12\/prestacao-2025.jpg?fit=659%2C320&ssl=1&resize=350%2C200","width":350,"height":200,"srcset":"https:\/\/i0.wp.com\/diariodegarca.com\/wp-content\/uploads\/2025\/12\/prestacao-2025.jpg?fit=659%2C320&ssl=1&resize=350%2C200 1x, https:\/\/i0.wp.com\/diariodegarca.com\/wp-content\/uploads\/2025\/12\/prestacao-2025.jpg?fit=659%2C320&ssl=1&resize=525%2C300 1.5x"},"classes":[]},{"id":6520,"url":"https:\/\/diariodegarca.com\/?p=6520","url_meta":{"origin":9538,"position":1},"title":"MP instaura inqu\u00e9rito contra Prefeitura de Gar\u00e7a por poss\u00edveis irregularidades na gest\u00e3o de res\u00edduos","author":"Di\u00e1rio de Gar\u00e7a","date":"11 de setembro de 2025","format":false,"excerpt":"Procedimento apura descumprimento da Pol\u00edtica Nacional de Res\u00edduos S\u00f3lidos; munic\u00edpio tem 30 dias para se manifestar. Caso foi tema de discuss\u00e3o na C\u00e2mara e seguia sem solu\u00e7\u00e3o. O Minist\u00e9rio P\u00fablico do Estado de S\u00e3o Paulo (MP-SP), por meio da 1\u00aa Promotoria de Justi\u00e7a de Gar\u00e7a, instaurou um inqu\u00e9rito civil p\u00fablico\u2026","rel":"","context":"Em &quot;Fiscaliza\u00e7\u00e3o&quot;","block_context":{"text":"Fiscaliza\u00e7\u00e3o","link":"https:\/\/diariodegarca.com\/?cat=1192752"},"img":{"alt_text":"","src":"https:\/\/i0.wp.com\/diariodegarca.com\/wp-content\/uploads\/2025\/09\/imagem6.jpg?fit=601%2C451&ssl=1&resize=350%2C200","width":350,"height":200,"srcset":"https:\/\/i0.wp.com\/diariodegarca.com\/wp-content\/uploads\/2025\/09\/imagem6.jpg?fit=601%2C451&ssl=1&resize=350%2C200 1x, https:\/\/i0.wp.com\/diariodegarca.com\/wp-content\/uploads\/2025\/09\/imagem6.jpg?fit=601%2C451&ssl=1&resize=525%2C300 1.5x"},"classes":[]},{"id":7710,"url":"https:\/\/diariodegarca.com\/?p=7710","url_meta":{"origin":9538,"position":2},"title":"C\u00e2mara derruba veto e aprova &#8220;Or\u00e7amento Cidad\u00e3o&#8221; em sess\u00e3o com acalorado debate sobre vacina da Covid-19","author":"Andreza Sega","date":"16 de outubro de 2025","format":false,"excerpt":"Transpar\u00eancia dos gastos p\u00fablicos e a obrigatoriedade da vacina contra a Covid para matr\u00edculas escolares foram os temas que dominaram a 33\u00aa Sess\u00e3o Ordin\u00e1ria da C\u00e2mara Municipal, resultando na aprova\u00e7\u00e3o de um projeto de lei emblem\u00e1tico e em discuss\u00f5es que revelaram diverg\u00eancias jur\u00eddicas e ideol\u00f3gicas entre os vereadores. A 33\u00aa\u2026","rel":"","context":"Em &quot;Gar\u00e7a&quot;","block_context":{"text":"Gar\u00e7a","link":"https:\/\/diariodegarca.com\/?cat=781171664"},"img":{"alt_text":"","src":"https:\/\/i0.wp.com\/diariodegarca.com\/wp-content\/uploads\/2025\/10\/562424064_1155486713397604_914076993108396329_n-e1760650356902.jpg?fit=940%2C625&ssl=1&resize=350%2C200","width":350,"height":200,"srcset":"https:\/\/i0.wp.com\/diariodegarca.com\/wp-content\/uploads\/2025\/10\/562424064_1155486713397604_914076993108396329_n-e1760650356902.jpg?fit=940%2C625&ssl=1&resize=350%2C200 1x, https:\/\/i0.wp.com\/diariodegarca.com\/wp-content\/uploads\/2025\/10\/562424064_1155486713397604_914076993108396329_n-e1760650356902.jpg?fit=940%2C625&ssl=1&resize=525%2C300 1.5x, https:\/\/i0.wp.com\/diariodegarca.com\/wp-content\/uploads\/2025\/10\/562424064_1155486713397604_914076993108396329_n-e1760650356902.jpg?fit=940%2C625&ssl=1&resize=700%2C400 2x"},"classes":[]},{"id":7924,"url":"https:\/\/diariodegarca.com\/?p=7924","url_meta":{"origin":9538,"position":3},"title":"C\u00e2mara de Gar\u00e7a aprova leis de prote\u00e7\u00e3o a crian\u00e7as e transpar\u00eancia em medicamentos","author":"Di\u00e1rio de Gar\u00e7a","date":"22 de outubro de 2025","format":false,"excerpt":"Projetos de impacto foram aprovados por unanimidade, e requerimentos abordaram desde eros\u00e3o em rodovia at\u00e9 a inclus\u00e3o promovida pela APAE. A 34\u00aa Sess\u00e3o Ordin\u00e1ria da C\u00e2mara Municipal de Gar\u00e7a, presidida pela vereadora\u00a0Raquel Sartori (PL)\u00a0e realizada na \u00faltima segunda-feira, 20 de outubro, foi marcada pela aprova\u00e7\u00e3o de projetos de lei com\u2026","rel":"","context":"Em &quot;Gar\u00e7a&quot;","block_context":{"text":"Gar\u00e7a","link":"https:\/\/diariodegarca.com\/?cat=781171664"},"img":{"alt_text":"","src":"https:\/\/i0.wp.com\/diariodegarca.com\/wp-content\/uploads\/2025\/10\/568914168_1161387342807541_5678582075553018131_n-e1761157663572.jpg?fit=1080%2C695&ssl=1&resize=350%2C200","width":350,"height":200,"srcset":"https:\/\/i0.wp.com\/diariodegarca.com\/wp-content\/uploads\/2025\/10\/568914168_1161387342807541_5678582075553018131_n-e1761157663572.jpg?fit=1080%2C695&ssl=1&resize=350%2C200 1x, https:\/\/i0.wp.com\/diariodegarca.com\/wp-content\/uploads\/2025\/10\/568914168_1161387342807541_5678582075553018131_n-e1761157663572.jpg?fit=1080%2C695&ssl=1&resize=525%2C300 1.5x, https:\/\/i0.wp.com\/diariodegarca.com\/wp-content\/uploads\/2025\/10\/568914168_1161387342807541_5678582075553018131_n-e1761157663572.jpg?fit=1080%2C695&ssl=1&resize=700%2C400 2x, https:\/\/i0.wp.com\/diariodegarca.com\/wp-content\/uploads\/2025\/10\/568914168_1161387342807541_5678582075553018131_n-e1761157663572.jpg?fit=1080%2C695&ssl=1&resize=1050%2C600 3x"},"classes":[]},{"id":10046,"url":"https:\/\/diariodegarca.com\/?p=10046","url_meta":{"origin":9538,"position":4},"title":"C\u00e2mara de Gar\u00e7a pro\u00edbe uso de servidores para redes sociais pessoais de vereadores","author":"Di\u00e1rio de Gar\u00e7a","date":"12 de janeiro de 2026","format":false,"excerpt":"Ato da Presid\u00eancia atende recomenda\u00e7\u00e3o do Minist\u00e9rio P\u00fablico e refor\u00e7a que estrutura p\u00fablica deve servir ao interesse coletivo A C\u00e2mara Municipal de Gar\u00e7a passou a proibir oficialmente o uso de servidores do Poder Legislativo para ajudar na cria\u00e7\u00e3o ou divulga\u00e7\u00e3o de conte\u00fados em redes sociais pessoais de vereadores, agentes pol\u00edticos\u2026","rel":"","context":"Em &quot;Gar\u00e7a&quot;","block_context":{"text":"Gar\u00e7a","link":"https:\/\/diariodegarca.com\/?cat=781171664"},"img":{"alt_text":"","src":"https:\/\/i0.wp.com\/diariodegarca.com\/wp-content\/uploads\/2026\/01\/d3ea3997-ce62-4886-b2a3-ad53037ec606.jpeg?fit=768%2C576&ssl=1&resize=350%2C200","width":350,"height":200,"srcset":"https:\/\/i0.wp.com\/diariodegarca.com\/wp-content\/uploads\/2026\/01\/d3ea3997-ce62-4886-b2a3-ad53037ec606.jpeg?fit=768%2C576&ssl=1&resize=350%2C200 1x, https:\/\/i0.wp.com\/diariodegarca.com\/wp-content\/uploads\/2026\/01\/d3ea3997-ce62-4886-b2a3-ad53037ec606.jpeg?fit=768%2C576&ssl=1&resize=525%2C300 1.5x, https:\/\/i0.wp.com\/diariodegarca.com\/wp-content\/uploads\/2026\/01\/d3ea3997-ce62-4886-b2a3-ad53037ec606.jpeg?fit=768%2C576&ssl=1&resize=700%2C400 2x"},"classes":[]},{"id":2924,"url":"https:\/\/diariodegarca.com\/?p=2924","url_meta":{"origin":9538,"position":5},"title":"Quanto ganham os representantes do povo em Fern\u00e3o?","author":"Di\u00e1rio de Gar\u00e7a","date":"30 de janeiro de 2025","format":false,"excerpt":"As remunera\u00e7\u00f5es dos agentes pol\u00edticos variam amplamente entre os munic\u00edpios brasileiros, refletindo fatores como arrecada\u00e7\u00e3o, popula\u00e7\u00e3o e desafios locais. Para entender melhor como esses valores s\u00e3o definidos e aplicados, esta s\u00e9rie de reportagens se baseia em dados dos portais da transpar\u00eancia e legisla\u00e7\u00f5es municipais. O munic\u00edpio em destaque nesta terceira\u2026","rel":"","context":"Em &quot;Brasil&quot;","block_context":{"text":"Brasil","link":"https:\/\/diariodegarca.com\/?cat=38185"},"img":{"alt_text":"","src":"https:\/\/i0.wp.com\/blogger.googleusercontent.com\/img\/b\/R29vZ2xl\/AVvXsEjymnX_EMiAfZkTHmzqdbBEtMn6p_ECkMNCto-dc1y5HtQGigST9ms88QoZdqUMRxc2VvIkwfVLbUhRBHdBI6GWpu32_ob8WeQihYajjQSsg5xMbm78yaxQa8_RC-50yVrwQHtdWlVrBOGDPfHZXIzIg2uJYAV16j5dBlPjAwIYTxIIDpWYv-mNt68Ubxo\/w400-h266\/3acf91d6b3bb04a01d64345d938a3618.jpeg?resize=350%2C200&ssl=1","width":350,"height":200},"classes":[]}],"jetpack_featured_media_url":"https:\/\/i0.wp.com\/diariodegarca.com\/wp-content\/uploads\/2025\/12\/SaveClip.App_503406251_17995528127797395_6590534165075140674_n.jpg?fit=3824%2C3328&ssl=1","_links":{"self":[{"href":"https:\/\/diariodegarca.com\/index.php?rest_route=\/wp\/v2\/posts\/9538","targetHints":{"allow":["GET"]}}],"collection":[{"href":"https:\/\/diariodegarca.com\/index.php?rest_route=\/wp\/v2\/posts"}],"about":[{"href":"https:\/\/diariodegarca.com\/index.php?rest_route=\/wp\/v2\/types\/post"}],"author":[{"embeddable":true,"href":"https:\/\/diariodegarca.com\/index.php?rest_route=\/wp\/v2\/users\/260896546"}],"replies":[{"embeddable":true,"href":"https:\/\/diariodegarca.com\/index.php?rest_route=%2Fwp%2Fv2%2Fcomments&post=9538"}],"version-history":[{"count":6,"href":"https:\/\/diariodegarca.com\/index.php?rest_route=\/wp\/v2\/posts\/9538\/revisions"}],"predecessor-version":[{"id":9591,"href":"https:\/\/diariodegarca.com\/index.php?rest_route=\/wp\/v2\/posts\/9538\/revisions\/9591"}],"wp:featuredmedia":[{"embeddable":true,"href":"https:\/\/diariodegarca.com\/index.php?rest_route=\/wp\/v2\/media\/9540"}],"wp:attachment":[{"href":"https:\/\/diariodegarca.com\/index.php?rest_route=%2Fwp%2Fv2%2Fmedia&parent=9538"}],"wp:term":[{"taxonomy":"category","embeddable":true,"href":"https:\/\/diariodegarca.com\/index.php?rest_route=%2Fwp%2Fv2%2Fcategories&post=9538"},{"taxonomy":"post_tag","embeddable":true,"href":"https:\/\/diariodegarca.com\/index.php?rest_route=%2Fwp%2Fv2%2Ftags&post=9538"}],"curies":[{"name":"wp","href":"https:\/\/api.w.org\/{rel}","templated":true}]}}