{"id":9634,"date":"2025-12-19T16:04:54","date_gmt":"2025-12-19T19:04:54","guid":{"rendered":"https:\/\/diariodegarca.com\/?p=9634"},"modified":"2025-12-19T16:04:54","modified_gmt":"2025-12-19T19:04:54","slug":"clube-de-cinema-de-marilia-exibe-gratuitamente-bugonia-thriller-indicado-ao-globo-de-ouro","status":"publish","type":"post","link":"https:\/\/diariodegarca.com\/?p=9634","title":{"rendered":"Clube de Cinema de Mar\u00edlia exibe gratuitamente &#8220;Bugonia&#8221;, thriller indicado ao Globo de Ouro"},"content":{"rendered":"\n<p class=\"wp-block-paragraph\"><em>Sess\u00e3o gratuita no pr\u00f3ximo s\u00e1bado apresenta o mais recente filme do aclamado diretor Yorgos Lanthimos, com Emma Stone e Jesse Plemons.<\/em><\/p>\n\n\n\n<p class=\"wp-block-paragraph\">O Clube de Cinema de Mar\u00edlia fecha o ano com sess\u00f5es especiais dedicadas filmes de grande impacto. No pr\u00f3ximo s\u00e1bado, 20 de dezembro, ser\u00e1 exibido gratuitamente\u00a0<strong>&#8220;Bugonia&#8221; (2025)<\/strong>, o novo trabalho do cineasta grego Yorgos Lanthimos, indicado em tr\u00eas categorias ao pr\u00f3ximo Globo de Ouro, um dos filmes mais comentados da temporada de premia\u00e7\u00f5es.<\/p>\n\n\n\n<p class=\"wp-block-paragraph\">O filme, um\u00a0<em>remake<\/em>\u00a0em ingl\u00eas do cult coreano\u00a0<strong>&#8220;Save the Green Planet!&#8221;<\/strong>\u00a0(2003), mergulha o espectador em uma narrativa exc\u00eantrica que mistura thriller, fic\u00e7\u00e3o cient\u00edfica e com\u00e9dia duvidosa. A trama segue o sequestro de uma poderosa executiva, interpretada por\u00a0<strong>Emma Stone<\/strong>, por dois conspiracionistas obcecados. Liderados por um personagem vivido por\u00a0<strong>Jesse Plemons<\/strong>, eles est\u00e3o convencidos de ter descoberto uma invas\u00e3o alien\u00edgena e acreditam que a ref\u00e9m \u00e9 pe\u00e7a-chave para salvar o mundo. O resultado \u00e9 uma s\u00e1tira afiada sobre paranoia e aliena\u00e7\u00e3o social, assinada pelo estilo \u00fanico e perturbador de Lanthimos.<\/p>\n\n\n\n<p class=\"wp-block-paragraph\">Ap\u00f3s sua estreia, &#8220;Bugonia&#8221; rapidamente chamou a aten\u00e7\u00e3o da cr\u00edtica e do p\u00fablico, garantindo indica\u00e7\u00f5es ao&nbsp;<strong>Globo de Ouro 2026<\/strong>&nbsp;nas categorias de&nbsp;<strong>Melhor Filme \u2013 Com\u00e9dia ou Musical<\/strong>,&nbsp;<strong>Melhor Atriz<\/strong>&nbsp;para Emma Stone e&nbsp;<strong>Melhor Ator<\/strong>&nbsp;para Jesse Plemons. A ficha t\u00e9cnica ainda conta com roteiro de Will Tracy, baseado na obra original do diretor Jang Joon-hwan.<\/p>\n\n\n\n<p class=\"wp-block-paragraph\"><strong>Programa\u00e7\u00e3o e Local<\/strong><br>A sess\u00e3o \u00fanica est\u00e1 marcada para as\u00a0<strong>20h do s\u00e1bado, 20 de dezembro<\/strong>. O encontro acontece no espa\u00e7o habitual do Clube, localizado no\u00a0<strong>piso superior do Museu de Paleontologia de Mar\u00edlia<\/strong>, na avenida Sampaio Vidal, 245. A curadoria do evento \u00e9 de Cristiano Anechini e Jo\u00e3o Ruiz.<\/p>\n\n\n\n<p class=\"wp-block-paragraph\"><strong>Informa\u00e7\u00f5es Pr\u00e1ticas<\/strong><br>A entrada \u00e9&nbsp;<strong>franca<\/strong>&nbsp;e n\u00e3o \u00e9 necess\u00e1rio retirar ingressos antecipadamente. Os organizadores recomendam que o p\u00fablico chegue com pelo menos&nbsp;<strong>15 minutos de anteced\u00eancia<\/strong>&nbsp;para garantir um bom lugar. A sess\u00e3o \u00e9 uma oportunidade para a comunidade cinematogr\u00e1fica de Mar\u00edlia e regi\u00e3o acompanhar um dos lan\u00e7amentos de maior prest\u00edgio do ano, em uma experi\u00eancia de cinema acess\u00edvel e de qualidade.<\/p>\n","protected":false},"excerpt":{"rendered":"<p>Sess\u00e3o gratuita no pr\u00f3ximo s\u00e1bado apresenta o mais recente filme do aclamado diretor Yorgos Lanthimos, com Emma Stone e Jesse Plemons. O Clube de Cinema de Mar\u00edlia fecha o ano com sess\u00f5es especiais dedicadas filmes de grande impacto. No pr\u00f3ximo s\u00e1bado, 20 de dezembro, ser\u00e1 exibido gratuitamente\u00a0&#8220;Bugonia&#8221; (2025), o novo trabalho do cineasta grego Yorgos [&hellip;]<\/p>\n","protected":false},"author":260896548,"featured_media":9637,"comment_status":"open","ping_status":"open","sticky":false,"template":"","format":"standard","meta":{"_monsterinsights_skip_tracking":false,"advanced_seo_description":"N\u00e3o perca a exibi\u00e7\u00e3o gratuita de 'Bugonia', o novo filme de Yorgos Lanthimos, com Emma Stone e Jesse Plemons, no Clube de Cinema de Mar\u00edlia.","jetpack_seo_html_title":"Exibi\u00e7\u00e3o Gratuita de 'Bugonia' com Emma Stone em Mar\u00edlia","jetpack_seo_noindex":false,"jetpack_seo_schema_type":"","_jetpack_newsletter_access":"","_jetpack_dont_email_post_to_subs":false,"_jetpack_newsletter_tier_id":0,"_jetpack_memberships_contains_paywalled_content":false,"_wpcom_ai_launchpad_first_post":false,"_jetpack_feature_clip_id":0,"_jetpack_memberships_contains_paid_content":false,"footnotes":"","jetpack_publicize_message":"O Clube de Cinema de Mar\u00edlia apresenta uma sess\u00e3o especial GRATUITA neste s\u00e1bado (20\/12): \ud83c\udfac \"BUGONIA\", o novo filme de Yorgos Lanthimos!\n\nA com\u00e9dia 'duvidosa' e thriller de fic\u00e7\u00e3o cient\u00edfica, que acaba de ser indicada a 3 categorias no Globo de Ouro, mostra o sequestro de uma executiva por conspiracionistas que acreditam em uma invas\u00e3o alien\u00edgena.\n\nImperd\u00edvel para f\u00e3s de cinema autoral e do elenco estelar com Jesse Plemons. A sess\u00e3o \u00e9 \u00e0s 20h, no piso superior do Museu de Paleontologia. \n\nQuer saber mais detalhes sobre o filme? A mat\u00e9ria completa est\u00e1 no nosso site!\n\n\ud83d\udc49 Leia mais em diariodegarca.com\n\n#CinemaGr\u00e1tis #Bugonia #YorgosLanthimos #EmmaStone #JessePlemons #ClubeDeCinemaDeMar\u00edlia #CinemaIndicado #GloboDeOuro #Filme2025 #Com\u00e9diaNegra #Thriller #Fic\u00e7\u00e3oCient\u00edfica #Mar\u00edlia #Programa\u00e7\u00e3oCultural #Sess\u00e3oDeCinema #SaveTheGreenPlanet #CulturaEmMar\u00edlia","jetpack_publicize_feature_enabled":true,"jetpack_social_post_already_shared":false,"jetpack_social_options":{"image_generator_settings":{"template":"highway","default_image_id":0,"font":"","enabled":false},"version":2},"_wpas_customize_per_network":false,"jetpack_post_was_ever_published":false},"categories":[597,683453294],"tags":[],"class_list":["post-9634","post","type-post","status-publish","format-standard","has-post-thumbnail","hentry","category-cinema","category-marilia-cidade"],"jetpack_publicize_connections":[],"jetpack_likes_enabled":true,"jetpack_sharing_enabled":true,"jetpack_shortlink":"https:\/\/wp.me\/pgitne-2vo","jetpack-related-posts":[{"id":9639,"url":"https:\/\/diariodegarca.com\/?p=9639","url_meta":{"origin":9634,"position":0},"title":"Clube de Mar\u00edlia exibe no domingo &#8220;Blue Moon&#8221;, de Richard Linklater, em Mar\u00edlia","author":"Andreza Sega","date":"20 de dezembro de 2025","format":false,"excerpt":"Drama biogr\u00e1fico sobre o letrista Lorenz Hart, com Ethan Hawke, tem sess\u00e3o gratuita no domingo e \u00e9 indicado ao Globo de Ouro. O Clube de Cinema de Mar\u00edlia oferece um verdadeiro final de semana de cinema de premia\u00e7\u00e3o. Ap\u00f3s a exibi\u00e7\u00e3o de \"Bugonia\" neste s\u00e1bado (\u00e0s 20h), a programa\u00e7\u00e3o especial\u2026","rel":"","context":"Em &quot;Cinema&quot;","block_context":{"text":"Cinema","link":"https:\/\/diariodegarca.com\/?cat=597"},"img":{"alt_text":"","src":"https:\/\/i0.wp.com\/diariodegarca.com\/wp-content\/uploads\/2025\/12\/Blue-moon-filme.jpg?fit=763%2C430&ssl=1&resize=350%2C200","width":350,"height":200,"srcset":"https:\/\/i0.wp.com\/diariodegarca.com\/wp-content\/uploads\/2025\/12\/Blue-moon-filme.jpg?fit=763%2C430&ssl=1&resize=350%2C200 1x, https:\/\/i0.wp.com\/diariodegarca.com\/wp-content\/uploads\/2025\/12\/Blue-moon-filme.jpg?fit=763%2C430&ssl=1&resize=525%2C300 1.5x, https:\/\/i0.wp.com\/diariodegarca.com\/wp-content\/uploads\/2025\/12\/Blue-moon-filme.jpg?fit=763%2C430&ssl=1&resize=700%2C400 2x"},"classes":[]},{"id":6968,"url":"https:\/\/diariodegarca.com\/?p=6968","url_meta":{"origin":9634,"position":1},"title":"Mar\u00edlia exibe cl\u00e1ssico italiano vencedor do Oscar em sess\u00e3o gratuita","author":"Di\u00e1rio de Gar\u00e7a","date":"21 de setembro de 2025","format":false,"excerpt":"\"Investiga\u00e7\u00e3o Sobre um Cidad\u00e3o Acima de Qualquer Suspeita\", thriller pol\u00edtico, ser\u00e1 exibido hoje a noite. O Clube de Cinema de Mar\u00edlia promove, na noite deste domingo (21 de setembro), uma sess\u00e3o especial e gratuita para um dos filmes mais audaciosos e criticamente aclamados da cinematografia italiana. A obra escolhida \u00e9\u00a0\"Investiga\u00e7\u00e3o\u2026","rel":"","context":"Em &quot;Cinema&quot;","block_context":{"text":"Cinema","link":"https:\/\/diariodegarca.com\/?cat=597"},"img":{"alt_text":"","src":"https:\/\/i0.wp.com\/diariodegarca.com\/wp-content\/uploads\/2025\/09\/SnapInsta.to_551383741_17984274899897023_8750079125173033842_n.jpg?fit=1080%2C874&ssl=1&resize=350%2C200","width":350,"height":200,"srcset":"https:\/\/i0.wp.com\/diariodegarca.com\/wp-content\/uploads\/2025\/09\/SnapInsta.to_551383741_17984274899897023_8750079125173033842_n.jpg?fit=1080%2C874&ssl=1&resize=350%2C200 1x, https:\/\/i0.wp.com\/diariodegarca.com\/wp-content\/uploads\/2025\/09\/SnapInsta.to_551383741_17984274899897023_8750079125173033842_n.jpg?fit=1080%2C874&ssl=1&resize=525%2C300 1.5x, https:\/\/i0.wp.com\/diariodegarca.com\/wp-content\/uploads\/2025\/09\/SnapInsta.to_551383741_17984274899897023_8750079125173033842_n.jpg?fit=1080%2C874&ssl=1&resize=700%2C400 2x, https:\/\/i0.wp.com\/diariodegarca.com\/wp-content\/uploads\/2025\/09\/SnapInsta.to_551383741_17984274899897023_8750079125173033842_n.jpg?fit=1080%2C874&ssl=1&resize=1050%2C600 3x"},"classes":[]},{"id":6951,"url":"https:\/\/diariodegarca.com\/?p=6951","url_meta":{"origin":9634,"position":2},"title":"Clube de Cinema de Mar\u00edlia exibe &#8220;Guerra Civil&#8221;, distopia pol\u00edtica que reflete a crise americana","author":"Di\u00e1rio de Gar\u00e7a","date":"20 de setembro de 2025","format":false,"excerpt":"Sess\u00e3o gratuita neste s\u00e1bado do filme de Alex Garland, protagonizado por Kirsten Dunst e Wagner Moura, que coloca jornalistas no centro de um conflito fratricida nos EUA. O Clube de Cinema de Mar\u00edlia promove, na noite deste s\u00e1bado, 20 de setembro, uma sess\u00e3o especial e gratuita do aclamado e perturbador\u2026","rel":"","context":"Em &quot;Cinema&quot;","block_context":{"text":"Cinema","link":"https:\/\/diariodegarca.com\/?cat=597"},"img":{"alt_text":"","src":"https:\/\/i0.wp.com\/diariodegarca.com\/wp-content\/uploads\/2025\/09\/SnapInsta.to_551320917_17984132642897023_351709464141290977_n.jpg?fit=1080%2C764&ssl=1&resize=350%2C200","width":350,"height":200,"srcset":"https:\/\/i0.wp.com\/diariodegarca.com\/wp-content\/uploads\/2025\/09\/SnapInsta.to_551320917_17984132642897023_351709464141290977_n.jpg?fit=1080%2C764&ssl=1&resize=350%2C200 1x, https:\/\/i0.wp.com\/diariodegarca.com\/wp-content\/uploads\/2025\/09\/SnapInsta.to_551320917_17984132642897023_351709464141290977_n.jpg?fit=1080%2C764&ssl=1&resize=525%2C300 1.5x, https:\/\/i0.wp.com\/diariodegarca.com\/wp-content\/uploads\/2025\/09\/SnapInsta.to_551320917_17984132642897023_351709464141290977_n.jpg?fit=1080%2C764&ssl=1&resize=700%2C400 2x, https:\/\/i0.wp.com\/diariodegarca.com\/wp-content\/uploads\/2025\/09\/SnapInsta.to_551320917_17984132642897023_351709464141290977_n.jpg?fit=1080%2C764&ssl=1&resize=1050%2C600 3x"},"classes":[]},{"id":8768,"url":"https:\/\/diariodegarca.com\/?p=8768","url_meta":{"origin":9634,"position":3},"title":"Mostra de Cinema Chin\u00eas exibe &#8220;Trending Topic&#8221; em sess\u00e3o gratuita em Mar\u00edlia","author":"Andreza Sega","date":"17 de novembro de 2025","format":false,"excerpt":"Evento promovido pelo programa Pontos MIS traz o thriller contempor\u00e2neo que investiga a manipula\u00e7\u00e3o da m\u00eddia e a luta pela verdade na era digital. A cidade de Mar\u00edlia recebe, no pr\u00f3ximo dia 19 de novembro, uma sess\u00e3o especial do Cinema Pontos MIS com o filme chin\u00eas \"Trending Topic\". A exibi\u00e7\u00e3o\u2026","rel":"","context":"Em &quot;Cinema&quot;","block_context":{"text":"Cinema","link":"https:\/\/diariodegarca.com\/?cat=597"},"img":{"alt_text":"","src":"https:\/\/i0.wp.com\/diariodegarca.com\/wp-content\/uploads\/2025\/11\/trending_topic.jpg?fit=1200%2C800&ssl=1&resize=350%2C200","width":350,"height":200,"srcset":"https:\/\/i0.wp.com\/diariodegarca.com\/wp-content\/uploads\/2025\/11\/trending_topic.jpg?fit=1200%2C800&ssl=1&resize=350%2C200 1x, https:\/\/i0.wp.com\/diariodegarca.com\/wp-content\/uploads\/2025\/11\/trending_topic.jpg?fit=1200%2C800&ssl=1&resize=525%2C300 1.5x, https:\/\/i0.wp.com\/diariodegarca.com\/wp-content\/uploads\/2025\/11\/trending_topic.jpg?fit=1200%2C800&ssl=1&resize=700%2C400 2x, https:\/\/i0.wp.com\/diariodegarca.com\/wp-content\/uploads\/2025\/11\/trending_topic.jpg?fit=1200%2C800&ssl=1&resize=1050%2C600 3x"},"classes":[]},{"id":5195,"url":"https:\/\/diariodegarca.com\/?p=5195","url_meta":{"origin":9634,"position":4},"title":"Clube de Cinema de Mar\u00edlia exibe &#8220;Dem\u00eancia&#8221; e &#8220;Carrington&#8221; neste fim de semana","author":"Di\u00e1rio de Gar\u00e7a","date":"31 de julho de 2025","format":false,"excerpt":"Mostra gratuita traz obras marcantes do cinema brasileiro e internacional. Neste fim de semana, o\u00a0Clube de Cinema de Mar\u00edlia (CCM)\u00a0promove duas sess\u00f5es especiais gratuitas, celebrando a diversidade cinematogr\u00e1fica com obras que exploram temas como loucura, paix\u00e3o e identidade. Com curadoria de\u00a0Fab\u00edola Cunha, as exibi\u00e7\u00f5es acontecem no s\u00e1bado, dia 2 de\u2026","rel":"","context":"Em &quot;Cultura&quot;","block_context":{"text":"Cultura","link":"https:\/\/diariodegarca.com\/?cat=2367"},"img":{"alt_text":"","src":"https:\/\/i0.wp.com\/diariodegarca.com\/wp-content\/uploads\/2025\/07\/carrington-1.jpg?fit=791%2C515&ssl=1&resize=350%2C200","width":350,"height":200,"srcset":"https:\/\/i0.wp.com\/diariodegarca.com\/wp-content\/uploads\/2025\/07\/carrington-1.jpg?fit=791%2C515&ssl=1&resize=350%2C200 1x, https:\/\/i0.wp.com\/diariodegarca.com\/wp-content\/uploads\/2025\/07\/carrington-1.jpg?fit=791%2C515&ssl=1&resize=525%2C300 1.5x, https:\/\/i0.wp.com\/diariodegarca.com\/wp-content\/uploads\/2025\/07\/carrington-1.jpg?fit=791%2C515&ssl=1&resize=700%2C400 2x"},"classes":[]},{"id":2465,"url":"https:\/\/diariodegarca.com\/?p=2465","url_meta":{"origin":9634,"position":5},"title":"Clube de Cinema de Mar\u00edlia exibe produ\u00e7\u00f5es premiadas com entrada gratuita no fim de semana","author":"Di\u00e1rio de Gar\u00e7a","date":"5 de abril de 2025","format":false,"excerpt":"O Clube de Cinema de Mar\u00edlia (CCM) promove neste final de semana duas sess\u00f5es gratuitas com filmes premiados e aclamados pela cr\u00edtica. As exibi\u00e7\u00f5es acontecem no s\u00e1bado (05\/04) e no domingo (06\/04), sempre \u00e0s 20h, no espa\u00e7o localizado na Avenida Sampaio Vidal, 245 \u2014 com entrada pelo Museu de Paleontologia.\u2026","rel":"","context":"Em &quot;Brasil&quot;","block_context":{"text":"Brasil","link":"https:\/\/diariodegarca.com\/?cat=38185"},"img":{"alt_text":"","src":"","width":0,"height":0},"classes":[]}],"jetpack_featured_media_url":"https:\/\/i0.wp.com\/diariodegarca.com\/wp-content\/uploads\/2025\/12\/Bugonia-filme.jpg?fit=1200%2C800&ssl=1","_links":{"self":[{"href":"https:\/\/diariodegarca.com\/index.php?rest_route=\/wp\/v2\/posts\/9634","targetHints":{"allow":["GET"]}}],"collection":[{"href":"https:\/\/diariodegarca.com\/index.php?rest_route=\/wp\/v2\/posts"}],"about":[{"href":"https:\/\/diariodegarca.com\/index.php?rest_route=\/wp\/v2\/types\/post"}],"author":[{"embeddable":true,"href":"https:\/\/diariodegarca.com\/index.php?rest_route=\/wp\/v2\/users\/260896548"}],"replies":[{"embeddable":true,"href":"https:\/\/diariodegarca.com\/index.php?rest_route=%2Fwp%2Fv2%2Fcomments&post=9634"}],"version-history":[{"count":3,"href":"https:\/\/diariodegarca.com\/index.php?rest_route=\/wp\/v2\/posts\/9634\/revisions"}],"predecessor-version":[{"id":9638,"href":"https:\/\/diariodegarca.com\/index.php?rest_route=\/wp\/v2\/posts\/9634\/revisions\/9638"}],"wp:featuredmedia":[{"embeddable":true,"href":"https:\/\/diariodegarca.com\/index.php?rest_route=\/wp\/v2\/media\/9637"}],"wp:attachment":[{"href":"https:\/\/diariodegarca.com\/index.php?rest_route=%2Fwp%2Fv2%2Fmedia&parent=9634"}],"wp:term":[{"taxonomy":"category","embeddable":true,"href":"https:\/\/diariodegarca.com\/index.php?rest_route=%2Fwp%2Fv2%2Fcategories&post=9634"},{"taxonomy":"post_tag","embeddable":true,"href":"https:\/\/diariodegarca.com\/index.php?rest_route=%2Fwp%2Fv2%2Ftags&post=9634"}],"curies":[{"name":"wp","href":"https:\/\/api.w.org\/{rel}","templated":true}]}}