{"id":9724,"date":"2025-12-23T22:12:21","date_gmt":"2025-12-24T01:12:21","guid":{"rendered":"https:\/\/diariodegarca.com\/?p=9724"},"modified":"2025-12-23T22:42:17","modified_gmt":"2025-12-24T01:42:17","slug":"mapa-alerta-consumidores-sobre-cafes-torrados-com-impurezas-detectadas","status":"publish","type":"post","link":"https:\/\/diariodegarca.com\/?p=9724","title":{"rendered":"Mapa alerta consumidores sobre caf\u00e9s torrados com impurezas detectadas"},"content":{"rendered":"\n<p class=\"wp-block-paragraph\"><em>Fiscaliza\u00e7\u00e3o recolhe 23 lotes de marcas como Terra da Gente, Jalap\u00e3o e Made in Brazil. An\u00e1lises encontraram mat\u00e9rias estranhas; quem comprou deve interromper o consumo.<\/em><\/p>\n\n\n\n<p class=\"wp-block-paragraph\">O Minist\u00e9rio da Agricultura e Pecu\u00e1ria (Mapa) emitiu um alerta na \u00faltima segunda-feira, 22 de dezembro, sobre a qualidade de lotes de algumas marcas de caf\u00e9 torrado dispon\u00edveis no mercado. A fiscaliza\u00e7\u00e3o encontrou&nbsp;<strong>sujeira e impurezas<\/strong>&nbsp;em quantidade acima do que \u00e9 permitido por lei em 23 lotes de diferentes marcas. Isso significa que esses caf\u00e9s podem conter pedacinhos de casca, palha, pedriscos ou outras coisas que n\u00e3o deveriam estar no p\u00f3 que vai para a x\u00edcara.<\/p>\n\n\n\n<p class=\"wp-block-paragraph\">Por causa do risco, o Mapa&nbsp;<strong>mandou recolher<\/strong>&nbsp;todos esses lotes das prateleiras. Se voc\u00ea tem em casa algum pacote das marcas citadas, precisa verificar o n\u00famero do lote (geralmente impresso na embalagem) e&nbsp;<strong>parar de usar o produto imediatamente<\/strong>.<\/p>\n\n\n\n<p class=\"wp-block-paragraph\"><strong>O que fazer se voc\u00ea comprou um desses caf\u00e9s?<\/strong><br>N\u00e3o consuma. Voc\u00ea tem o direito de trocar o produto ou receber o dinheiro de volta, conforme garante o C\u00f3digo de Defesa do Consumidor. A orienta\u00e7\u00e3o \u00e9 que o consumidor procure o mercado onde comprou, com o cupom fiscal de compra e solicite a troca.<\/p>\n\n\n\n<p class=\"wp-block-paragraph\"><strong>Quais marcas e lotes foram reprovados?<\/strong><br>Os lotes recolhidos s\u00e3o dos seguintes caf\u00e9s:<\/p>\n\n\n\n<ul class=\"wp-block-list\">\n<li><strong>Q-DEL\u00cdCIA<\/strong>&nbsp;| Lote: 2<\/li>\n\n\n\n<li><strong>TERRA DA GENTE<\/strong>&nbsp;| Lotes: 462492, 492491, 082591, 092592<\/li>\n\n\n\n<li><strong>TERRA DA GENTE \u2013 TRADICIONAL<\/strong>&nbsp;| Lotes: 482492, 142592, 162592, 472492, 092592, 072592, 152592<\/li>\n\n\n\n<li><strong>TERRA DA GENTE \u2013 EXTRA FORTE<\/strong>&nbsp;| Lotes: 122591, 262591, 242591, 234491, 472491, 092591, 152591<\/li>\n\n\n\n<li><strong>JALAP\u00c3O \u2013 TRADICIONAL<\/strong>&nbsp;| Lote: 4025<\/li>\n\n\n\n<li><strong>JALAP\u00c3O \u2013 EXTRA FORTE<\/strong>&nbsp;| Lote: 4025<\/li>\n\n\n\n<li><strong>MADE IN BRAZIL<\/strong>&nbsp;| Lotes: 0812, 5335<\/li>\n<\/ul>\n\n\n\n<figure class=\"wp-block-image size-large is-resized\"><img data-recalc-dims=\"1\" loading=\"lazy\" decoding=\"async\" width=\"531\" height=\"1024\" data-attachment-id=\"9733\" data-permalink=\"https:\/\/diariodegarca.com\/?attachment_id=9733\" data-orig-file=\"https:\/\/i0.wp.com\/diariodegarca.com\/wp-content\/uploads\/2025\/12\/tabela-cafes.jpeg?fit=2263%2C4364&amp;ssl=1\" data-orig-size=\"2263,4364\" data-comments-opened=\"1\" data-image-meta=\"{&quot;aperture&quot;:&quot;0&quot;,&quot;credit&quot;:&quot;&quot;,&quot;camera&quot;:&quot;&quot;,&quot;caption&quot;:&quot;&quot;,&quot;created_timestamp&quot;:&quot;0&quot;,&quot;copyright&quot;:&quot;&quot;,&quot;focal_length&quot;:&quot;0&quot;,&quot;iso&quot;:&quot;0&quot;,&quot;shutter_speed&quot;:&quot;0&quot;,&quot;title&quot;:&quot;&quot;,&quot;orientation&quot;:&quot;0&quot;}\" data-image-title=\"tabela-caf\u00e9s\" data-image-description=\"\" data-image-caption=\"\" data-large-file=\"https:\/\/i0.wp.com\/diariodegarca.com\/wp-content\/uploads\/2025\/12\/tabela-cafes.jpeg?fit=531%2C1024&amp;ssl=1\" src=\"https:\/\/i0.wp.com\/diariodegarca.com\/wp-content\/uploads\/2025\/12\/tabela-cafes.jpeg?resize=531%2C1024&#038;ssl=1\" alt=\"Tabela com informa\u00e7\u00f5es sobre lotes de caf\u00e9 recolhidos, incluindo marcas, n\u00fameros de lote e fornecedores respons\u00e1veis.\" class=\"wp-image-9733\" style=\"aspect-ratio:0.5185572399372713;width:730px;height:auto\" srcset=\"https:\/\/i0.wp.com\/diariodegarca.com\/wp-content\/uploads\/2025\/12\/tabela-cafes.jpeg?resize=531%2C1024&amp;ssl=1 531w, https:\/\/i0.wp.com\/diariodegarca.com\/wp-content\/uploads\/2025\/12\/tabela-cafes.jpeg?resize=156%2C300&amp;ssl=1 156w, https:\/\/i0.wp.com\/diariodegarca.com\/wp-content\/uploads\/2025\/12\/tabela-cafes.jpeg?resize=768%2C1481&amp;ssl=1 768w, https:\/\/i0.wp.com\/diariodegarca.com\/wp-content\/uploads\/2025\/12\/tabela-cafes.jpeg?resize=797%2C1536&amp;ssl=1 797w, https:\/\/i0.wp.com\/diariodegarca.com\/wp-content\/uploads\/2025\/12\/tabela-cafes.jpeg?resize=1062%2C2048&amp;ssl=1 1062w, https:\/\/i0.wp.com\/diariodegarca.com\/wp-content\/uploads\/2025\/12\/tabela-cafes.jpeg?w=1600&amp;ssl=1 1600w\" sizes=\"auto, (max-width: 531px) 100vw, 531px\" \/><\/figure>\n\n\n\n<p class=\"wp-block-paragraph\"><strong>Onde esses produtos foram encontrados?<\/strong><br>Os caf\u00e9s irregulares estavam \u00e0 venda em redes de supermercado e atacadistas em&nbsp;<strong>Santa Catarina (SC), Rio Grande do Sul (RS), Cear\u00e1 (CE), Tocantins (TO) e Mato Grosso (MT)<\/strong>. Dois lotes da marca &#8220;Made in Brazil&#8221; tinham sido adquiridos por&nbsp;<strong>\u00f3rg\u00e3os p\u00fablicos<\/strong>&nbsp;no MT e RS. Algumas das marcas <strong>s\u00e3o embaladas no estado de S\u00e3o Paulo<\/strong>, por isso, alguns produtos podem estar dispon\u00edveis em pequenos mercados ou fazer parte de cestas b\u00e1sicas adquiridas por empresas.<\/p>\n","protected":false},"excerpt":{"rendered":"<p>Fiscaliza\u00e7\u00e3o recolhe 23 lotes de marcas como Terra da Gente, Jalap\u00e3o e Made in Brazil. An\u00e1lises encontraram mat\u00e9rias estranhas; quem comprou deve interromper o consumo. O Minist\u00e9rio da Agricultura e Pecu\u00e1ria (Mapa) emitiu um alerta na \u00faltima segunda-feira, 22 de dezembro, sobre a qualidade de lotes de algumas marcas de caf\u00e9 torrado dispon\u00edveis no mercado. [&hellip;]<\/p>\n","protected":false},"author":260896546,"featured_media":9726,"comment_status":"open","ping_status":"open","sticky":false,"template":"","format":"standard","meta":{"_crdt_document":"","_monsterinsights_skip_tracking":false,"_monsterinsights_sitenote_active":false,"_monsterinsights_sitenote_note":"","_monsterinsights_sitenote_category":0,"advanced_seo_description":"Alerta: Mapa recolhe lotes de caf\u00e9s com impurezas. Verifique seu pacote e n\u00e3o consuma se comprar marcas afetadas. Troque ou pe\u00e7a reembolso.","jetpack_seo_html_title":"Alerta de Sa\u00fade: Recolhimento de Caf\u00e9s com Impurezas","jetpack_seo_noindex":false,"_jetpack_newsletter_access":"","_jetpack_dont_email_post_to_subs":false,"_jetpack_newsletter_tier_id":0,"_jetpack_memberships_contains_paywalled_content":false,"_jetpack_memberships_contains_paid_content":false,"footnotes":"","jetpack_publicize_message":"\ud83d\udea8 Lotes de caf\u00e9 t\u00eam 'sujeira' acima do permitido, diz Minist\u00e9rio da Agricultura\n\nFiscaliza\u00e7\u00f5es do Mapa (Minist\u00e9rio da Agricultura e Pecu\u00e1ria) encontraram 23 lotes de caf\u00e9 torrado com quantidade de impurezas acima do limite legal de 1%, levando ao recolhimento dos produtos.\n\nAs marcas envolvidas s\u00e3o: Terra da Gente (a mais afetada, com 18 lotes), Jalap\u00e3o, Made in Brazil e Q-Del\u00edcia. \n\n\ud83d\udd17 Quer saber o n\u00famero exato de todos os 23 lotes recolhidos e onde eles foram encontrados? Leia a reportagem completa no nosso site! Acesse o link na bio: diariodegarca.com\n\n#Mapa #Agricultura #AlertaConsumidor #Cafe #Saude #SegurancaAlimentar #Fiscalizacao #DireitoDoConsumidor #TerraDaGente #Jalapao #MadeInBrazil","jetpack_publicize_feature_enabled":true,"jetpack_social_post_already_shared":false,"jetpack_social_options":{"image_generator_settings":{"template":"highway","default_image_id":0,"font":"","enabled":false},"version":2},"_wpas_customize_per_network":false,"jetpack_post_was_ever_published":false},"categories":[34615,1192752],"tags":[],"class_list":["post-9724","post","type-post","status-publish","format-standard","has-post-thumbnail","hentry","category-agricultura","category-fiscalizacao"],"jetpack_publicize_connections":[],"jetpack_featured_media_url":"https:\/\/i0.wp.com\/diariodegarca.com\/wp-content\/uploads\/2025\/12\/cafe-mapa.png?fit=768%2C467&ssl=1","jetpack_likes_enabled":true,"jetpack_sharing_enabled":true,"jetpack_shortlink":"https:\/\/wp.me\/pgitne-2wQ","jetpack-related-posts":[{"id":3386,"url":"https:\/\/diariodegarca.com\/?p=3386","url_meta":{"origin":9724,"position":0},"title":"Marcas de caf\u00e9 entram para a lista de impr\u00f3prias para consumo","author":"Di\u00e1rio de Gar\u00e7a","date":"25 de maio de 2025","format":false,"excerpt":"Tr\u00eas marcas foram reprovadas pelo Minist\u00e9rio da Agricultura devido \u00e0 presen\u00e7a de impurezas e micotoxinas acima dos limites permitidos O Minist\u00e9rio da Agricultura e Pecu\u00e1ria (Mapa) emitiu um alerta sobre tr\u00eas lotes de caf\u00e9 torrado considerados impr\u00f3prios para consumo. As irregularidades, identificadas em an\u00e1lises laboratoriais, incluem a presen\u00e7a excessiva de\u2026","rel":"","context":"Em &quot;Agricultura&quot;","block_context":{"text":"Agricultura","link":"https:\/\/diariodegarca.com\/?cat=34615"},"img":{"alt_text":"","src":"","width":0,"height":0},"classes":[]},{"id":7100,"url":"https:\/\/diariodegarca.com\/?p=7100","url_meta":{"origin":9724,"position":1},"title":"Anvisa apreende caf\u00e9 com fragmentos de vidro e interdita f\u00e1brica de suplementos","author":"Di\u00e1rio de Gar\u00e7a","date":"24 de setembro de 2025","format":false,"excerpt":"Ag\u00eancia tamb\u00e9m alerta para lotes falsificados de medicamentos para c\u00e2ncer e produtos est\u00e9ticos, al\u00e9m de suplementos alimentares irregulares. Medidas foram publicadas no Di\u00e1rio Oficial da Uni\u00e3o entre os dias 17 e 23 de setembro. Uma s\u00e9rie de opera\u00e7\u00f5es da Ag\u00eancia Nacional de Vigil\u00e2ncia Sanit\u00e1ria (Anvisa) resultou na proibi\u00e7\u00e3o e apreens\u00e3o\u2026","rel":"","context":"Em &quot;Fiscaliza\u00e7\u00e3o&quot;","block_context":{"text":"Fiscaliza\u00e7\u00e3o","link":"https:\/\/diariodegarca.com\/?cat=1192752"},"img":{"alt_text":"","src":"https:\/\/i0.wp.com\/diariodegarca.com\/wp-content\/uploads\/2025\/09\/11-11-2020_sede_anvisa-3_0.webp?fit=1170%2C700&ssl=1&resize=350%2C200","width":350,"height":200,"srcset":"https:\/\/i0.wp.com\/diariodegarca.com\/wp-content\/uploads\/2025\/09\/11-11-2020_sede_anvisa-3_0.webp?fit=1170%2C700&ssl=1&resize=350%2C200 1x, https:\/\/i0.wp.com\/diariodegarca.com\/wp-content\/uploads\/2025\/09\/11-11-2020_sede_anvisa-3_0.webp?fit=1170%2C700&ssl=1&resize=525%2C300 1.5x, https:\/\/i0.wp.com\/diariodegarca.com\/wp-content\/uploads\/2025\/09\/11-11-2020_sede_anvisa-3_0.webp?fit=1170%2C700&ssl=1&resize=700%2C400 2x, https:\/\/i0.wp.com\/diariodegarca.com\/wp-content\/uploads\/2025\/09\/11-11-2020_sede_anvisa-3_0.webp?fit=1170%2C700&ssl=1&resize=1050%2C600 3x"},"classes":[]},{"id":4073,"url":"https:\/\/diariodegarca.com\/?p=4073","url_meta":{"origin":9724,"position":2},"title":"Minist\u00e9rio da Agricultura determina recolhimento de ra\u00e7\u00e3o para equinos ap\u00f3s mortes em quatro estados","author":"Di\u00e1rio de Gar\u00e7a","date":"18 de junho de 2025","format":false,"excerpt":"Produtos da Nutratta Nutri\u00e7\u00e3o Animal s\u00e3o investigados ap\u00f3s 122 \u00f3bitos de cavalos; empresa deve recolher lotes fabricados a partir de novembro de 2024 O Minist\u00e9rio da Agricultura e Pecu\u00e1ria (Mapa) ordenou o recolhimento imediato em todo o pa\u00eds de ra\u00e7\u00f5es para equ\u00eddeos fabricadas pela Nutratta Nutri\u00e7\u00e3o Animal Ltda. com data\u2026","rel":"","context":"Em &quot;Agricultura&quot;","block_context":{"text":"Agricultura","link":"https:\/\/diariodegarca.com\/?cat=34615"},"img":{"alt_text":"","src":"","width":0,"height":0},"classes":[]},{"id":5906,"url":"https:\/\/diariodegarca.com\/?p=5906","url_meta":{"origin":9724,"position":3},"title":"Minist\u00e9rio da Agricultura investiga \u00f3bitos de animais ligados a lotes espec\u00edficos de vacina contra clostridiose","author":"Di\u00e1rio de Gar\u00e7a","date":"22 de agosto de 2025","format":false,"excerpt":"Ap\u00f3s notifica\u00e7\u00e3o de quase 200 mortes no Piau\u00ed, Mapa determina apreens\u00e3o e recolhimento de dois lotes da vacina Excell 10. Investiga\u00e7\u00e3o deve se estender por 60 dias para confirmar a rela\u00e7\u00e3o causal. O Minist\u00e9rio da Agricultura e Pecu\u00e1ria (Mapa) est\u00e1 investigando a morte de 199 animais no estado do Piau\u00ed\u2026","rel":"","context":"Em &quot;Brasil&quot;","block_context":{"text":"Brasil","link":"https:\/\/diariodegarca.com\/?cat=38185"},"img":{"alt_text":"","src":"https:\/\/i0.wp.com\/diariodegarca.com\/wp-content\/uploads\/2025\/08\/estilo-de-vida-rural-com-ovelhas.jpg?fit=1200%2C800&ssl=1&resize=350%2C200","width":350,"height":200,"srcset":"https:\/\/i0.wp.com\/diariodegarca.com\/wp-content\/uploads\/2025\/08\/estilo-de-vida-rural-com-ovelhas.jpg?fit=1200%2C800&ssl=1&resize=350%2C200 1x, https:\/\/i0.wp.com\/diariodegarca.com\/wp-content\/uploads\/2025\/08\/estilo-de-vida-rural-com-ovelhas.jpg?fit=1200%2C800&ssl=1&resize=525%2C300 1.5x, https:\/\/i0.wp.com\/diariodegarca.com\/wp-content\/uploads\/2025\/08\/estilo-de-vida-rural-com-ovelhas.jpg?fit=1200%2C800&ssl=1&resize=700%2C400 2x, https:\/\/i0.wp.com\/diariodegarca.com\/wp-content\/uploads\/2025\/08\/estilo-de-vida-rural-com-ovelhas.jpg?fit=1200%2C800&ssl=1&resize=1050%2C600 3x"},"classes":[]},{"id":9921,"url":"https:\/\/diariodegarca.com\/?p=9921","url_meta":{"origin":9724,"position":4},"title":"Anvisa recolhe molho de tomate, suplementos, panetones e outros produtos com riscos \u00e0 sa\u00fade","author":"Di\u00e1rio de Gar\u00e7a","date":"8 de janeiro de 2026","format":false,"excerpt":"Anvisa determina recolhimentos, apreens\u00f5es e proibi\u00e7\u00f5es ap\u00f3s alertas internacionais, an\u00e1lises t\u00e9cnicas e comunica\u00e7\u00f5es das pr\u00f3prias empresas A Ag\u00eancia Nacional de Vigil\u00e2ncia Sanit\u00e1ria (Anvisa) determinou uma s\u00e9rie de a\u00e7\u00f5es de fiscaliza\u00e7\u00e3o que resultaram no recolhimento, na apreens\u00e3o e na proibi\u00e7\u00e3o de comercializa\u00e7\u00e3o de alimentos e suplementos alimentares considerados irregulares ou com\u2026","rel":"","context":"Em &quot;Fiscaliza\u00e7\u00e3o&quot;","block_context":{"text":"Fiscaliza\u00e7\u00e3o","link":"https:\/\/diariodegarca.com\/?cat=1192752"},"img":{"alt_text":"","src":"https:\/\/i0.wp.com\/diariodegarca.com\/wp-content\/uploads\/2026\/01\/produtos-recolhidos-anvisa.png?fit=1200%2C800&ssl=1&resize=350%2C200","width":350,"height":200,"srcset":"https:\/\/i0.wp.com\/diariodegarca.com\/wp-content\/uploads\/2026\/01\/produtos-recolhidos-anvisa.png?fit=1200%2C800&ssl=1&resize=350%2C200 1x, https:\/\/i0.wp.com\/diariodegarca.com\/wp-content\/uploads\/2026\/01\/produtos-recolhidos-anvisa.png?fit=1200%2C800&ssl=1&resize=525%2C300 1.5x, https:\/\/i0.wp.com\/diariodegarca.com\/wp-content\/uploads\/2026\/01\/produtos-recolhidos-anvisa.png?fit=1200%2C800&ssl=1&resize=700%2C400 2x, https:\/\/i0.wp.com\/diariodegarca.com\/wp-content\/uploads\/2026\/01\/produtos-recolhidos-anvisa.png?fit=1200%2C800&ssl=1&resize=1050%2C600 3x"},"classes":[]},{"id":7886,"url":"https:\/\/diariodegarca.com\/?p=7886","url_meta":{"origin":9724,"position":5},"title":"Anvisa apreende medicamentos falsificados e suspende venda de sal, ch\u00e1 e azeite impr\u00f3prios","author":"Andreza Sega","date":"21 de outubro de 2025","format":false,"excerpt":"Ag\u00eancia retira do mercado lote de Keytruda e Avastin falsos, 'Ch\u00e1 do Milagre' com alega\u00e7\u00f5es proibidas, azeite de origem ignorada e sal com teor de iodo insuficiente. A Ag\u00eancia Nacional de Vigil\u00e2ncia Sanit\u00e1ria (Anvisa) determinou a apreens\u00e3o de lotes falsificados de medicamentos essenciais para o tratamento do c\u00e2ncer, em uma\u2026","rel":"","context":"Em &quot;Fiscaliza\u00e7\u00e3o&quot;","block_context":{"text":"Fiscaliza\u00e7\u00e3o","link":"https:\/\/diariodegarca.com\/?cat=1192752"},"img":{"alt_text":"","src":"https:\/\/i0.wp.com\/diariodegarca.com\/wp-content\/uploads\/2025\/10\/ChatGPT-Image-21-de-out.-de-2025-09_21_52-1024x683-1.webp?fit=1024%2C683&ssl=1&resize=350%2C200","width":350,"height":200,"srcset":"https:\/\/i0.wp.com\/diariodegarca.com\/wp-content\/uploads\/2025\/10\/ChatGPT-Image-21-de-out.-de-2025-09_21_52-1024x683-1.webp?fit=1024%2C683&ssl=1&resize=350%2C200 1x, https:\/\/i0.wp.com\/diariodegarca.com\/wp-content\/uploads\/2025\/10\/ChatGPT-Image-21-de-out.-de-2025-09_21_52-1024x683-1.webp?fit=1024%2C683&ssl=1&resize=525%2C300 1.5x, https:\/\/i0.wp.com\/diariodegarca.com\/wp-content\/uploads\/2025\/10\/ChatGPT-Image-21-de-out.-de-2025-09_21_52-1024x683-1.webp?fit=1024%2C683&ssl=1&resize=700%2C400 2x"},"classes":[]}],"_links":{"self":[{"href":"https:\/\/diariodegarca.com\/index.php?rest_route=\/wp\/v2\/posts\/9724","targetHints":{"allow":["GET"]}}],"collection":[{"href":"https:\/\/diariodegarca.com\/index.php?rest_route=\/wp\/v2\/posts"}],"about":[{"href":"https:\/\/diariodegarca.com\/index.php?rest_route=\/wp\/v2\/types\/post"}],"author":[{"embeddable":true,"href":"https:\/\/diariodegarca.com\/index.php?rest_route=\/wp\/v2\/users\/260896546"}],"replies":[{"embeddable":true,"href":"https:\/\/diariodegarca.com\/index.php?rest_route=%2Fwp%2Fv2%2Fcomments&post=9724"}],"version-history":[{"count":6,"href":"https:\/\/diariodegarca.com\/index.php?rest_route=\/wp\/v2\/posts\/9724\/revisions"}],"predecessor-version":[{"id":9734,"href":"https:\/\/diariodegarca.com\/index.php?rest_route=\/wp\/v2\/posts\/9724\/revisions\/9734"}],"wp:featuredmedia":[{"embeddable":true,"href":"https:\/\/diariodegarca.com\/index.php?rest_route=\/wp\/v2\/media\/9726"}],"wp:attachment":[{"href":"https:\/\/diariodegarca.com\/index.php?rest_route=%2Fwp%2Fv2%2Fmedia&parent=9724"}],"wp:term":[{"taxonomy":"category","embeddable":true,"href":"https:\/\/diariodegarca.com\/index.php?rest_route=%2Fwp%2Fv2%2Fcategories&post=9724"},{"taxonomy":"post_tag","embeddable":true,"href":"https:\/\/diariodegarca.com\/index.php?rest_route=%2Fwp%2Fv2%2Ftags&post=9724"}],"curies":[{"name":"wp","href":"https:\/\/api.w.org\/{rel}","templated":true}]}}