{"id":9740,"date":"2025-12-27T14:46:23","date_gmt":"2025-12-27T17:46:23","guid":{"rendered":"https:\/\/diariodegarca.com\/?p=9740"},"modified":"2025-12-27T14:46:23","modified_gmt":"2025-12-27T17:46:23","slug":"suspeita-de-estupro-de-vulneravel-envolve-morte-de-bebe-de-5-meses-em-garca","status":"publish","type":"post","link":"https:\/\/diariodegarca.com\/?p=9740","title":{"rendered":"Suspeita de estupro de vulner\u00e1vel envolve morte de beb\u00ea de 5 meses em Gar\u00e7a"},"content":{"rendered":"\n<p class=\"wp-block-paragraph\"><em>Ap\u00f3s exames preliminares na UPA, pol\u00edcia apreende fraldas com vest\u00edgios para per\u00edcia; menina chegou a ser estabilizada, mas n\u00e3o resistiu durante transfer\u00eancia para Mar\u00edlia.<\/em><\/p>\n\n\n\n<p class=\"wp-block-paragraph\">A morte de um beb\u00ea de pouco mais de cinco meses, na madrugada de sexta-feira, 26 de dezembro, est\u00e1 sendo investigada sob a suspeita de estupro de vulner\u00e1vel. Os ind\u00edcios surgiram ap\u00f3s avalia\u00e7\u00e3o inicial da equipe m\u00e9dica da Unidade de Pronto Atendimento (UPA) de Gar\u00e7a, que acionou a Pol\u00edcia Militar logo ap\u00f3s o atendimento.<\/p>\n\n\n\n<p class=\"wp-block-paragraph\">Segundo apura\u00e7\u00f5es, a crian\u00e7a foi levada \u00e0 unidade de sa\u00fade por volta das 3h pela m\u00e3e, com queixa de dor de garganta e falta de ar \u2014 relato que, segundo a fam\u00edlia, n\u00e3o inclu\u00eda hist\u00f3rico de doen\u00e7a grave ou acidente. A menina, no entanto, deu entrada em estado cr\u00edtico.<\/p>\n\n\n\n<p class=\"wp-block-paragraph\">Profissionais de sa\u00fade conseguiram estabilizar a beb\u00ea ap\u00f3s uma parada cardiorrespirat\u00f3ria, mas, durante o transporte de ambul\u00e2ncia para o Hospital Materno Infantil de Mar\u00edlia, houve nova parada. Ao chegar ao destino, o \u00f3bito foi confirmado.<\/p>\n\n\n\n<p class=\"wp-block-paragraph\">A investiga\u00e7\u00e3o tomou um novo rumo quando a equipe m\u00e9dica identificou sinais que levantaram suspeitas de viol\u00eancia sexual. Dois itens foram apreendidos para an\u00e1lise pericial: as fraldas utilizadas pela crian\u00e7a \u2014 uma na UPA e outra durante o deslocamento \u2014, que continham fezes e poss\u00edveis vest\u00edgios de sangue.<\/p>\n\n\n\n<p class=\"wp-block-paragraph\">Os pais, que n\u00e3o compareceram \u00e0 delegacia para registro da ocorr\u00eancia devido ao abalo emocional, ser\u00e3o ouvidos pela pol\u00edcia, assim como outros familiares. O laudo do Instituto M\u00e9dico Legal (IML) ser\u00e1 considerado determinante para confirmar ou afastar a hip\u00f3tese de abuso sexual e esclarecer a causa da morte.<\/p>\n\n\n\n<p class=\"wp-block-paragraph\">O caso segue em investiga\u00e7\u00e3o pela pol\u00edcia, que aguarda os resultados dos exames para definir os pr\u00f3ximos passos.<\/p>\n","protected":false},"excerpt":{"rendered":"<p>Ap\u00f3s exames preliminares na UPA, pol\u00edcia apreende fraldas com vest\u00edgios para per\u00edcia; menina chegou a ser estabilizada, mas n\u00e3o resistiu durante transfer\u00eancia para Mar\u00edlia. A morte de um beb\u00ea de pouco mais de cinco meses, na madrugada de sexta-feira, 26 de dezembro, est\u00e1 sendo investigada sob a suspeita de estupro de vulner\u00e1vel. Os ind\u00edcios surgiram [&hellip;]<\/p>\n","protected":false},"author":260896546,"featured_media":9739,"comment_status":"open","ping_status":"open","sticky":false,"template":"","format":"standard","meta":{"_monsterinsights_skip_tracking":false,"advanced_seo_description":"","jetpack_seo_html_title":"","jetpack_seo_noindex":false,"jetpack_seo_schema_type":"","_jetpack_newsletter_access":"","_jetpack_dont_email_post_to_subs":false,"_jetpack_newsletter_tier_id":0,"_jetpack_memberships_contains_paywalled_content":false,"_wpcom_ai_launchpad_first_post":false,"_jetpack_feature_clip_id":0,"_jetpack_memberships_contains_paid_content":false,"footnotes":"","jetpack_publicize_message":"{title}\n\n{excerpt}\n\n{url}","jetpack_publicize_feature_enabled":true,"jetpack_social_post_already_shared":true,"jetpack_social_options":{"image_generator_settings":{"template":"fullscreen","default_image_id":0,"font":"","enabled":false},"version":2},"_wpas_customize_per_network":false,"jetpack_post_was_ever_published":false},"categories":[781171664,21243],"tags":[],"class_list":["post-9740","post","type-post","status-publish","format-standard","has-post-thumbnail","hentry","category-garca-cidade","category-seguranca"],"jetpack_publicize_connections":[],"jetpack_featured_media_url":"https:\/\/i0.wp.com\/diariodegarca.com\/wp-content\/uploads\/2025\/12\/SnapInsta.to_551076599_18316318258246526_8319774076528004295_n-e1766149172378.jpeg?fit=1440%2C1066&ssl=1","jetpack_likes_enabled":true,"jetpack_sharing_enabled":true,"jetpack_shortlink":"https:\/\/wp.me\/pgitne-2x6","jetpack-related-posts":[{"id":7611,"url":"https:\/\/diariodegarca.com\/?p=7611","url_meta":{"origin":9740,"position":0},"title":"Homem sofre intoxica\u00e7\u00e3o ap\u00f3s ingerir \u00e1gua mineral lacrada em empresa de Gar\u00e7a","author":"Fabiano Oliveira","date":"10 de outubro de 2025","format":false,"excerpt":"Amostras do l\u00edquido foram apreendidas para an\u00e1lise; vigil\u00e2ncia sanit\u00e1ria e pol\u00edcia investigam suspeita de contamina\u00e7\u00e3o em garrafa supostamente lacrada da marca Mineratta. Um homem de 50 anos foi atendido na Unidade de Pronto Atendimento (UPA) de Gar\u00e7a na manh\u00e3 desta sexta-feira, 10 de outubro, com sintomas graves de intoxica\u00e7\u00e3o. Ele\u2026","rel":"","context":"Em &quot;Fiscaliza\u00e7\u00e3o&quot;","block_context":{"text":"Fiscaliza\u00e7\u00e3o","link":"https:\/\/diariodegarca.com\/?cat=1192752"},"img":{"alt_text":"","src":"https:\/\/i0.wp.com\/diariodegarca.com\/wp-content\/uploads\/2025\/10\/img-20251010-wa00055865181072545535652.jpg?fit=900%2C1200&ssl=1&resize=350%2C200","width":350,"height":200,"srcset":"https:\/\/i0.wp.com\/diariodegarca.com\/wp-content\/uploads\/2025\/10\/img-20251010-wa00055865181072545535652.jpg?fit=900%2C1200&ssl=1&resize=350%2C200 1x, https:\/\/i0.wp.com\/diariodegarca.com\/wp-content\/uploads\/2025\/10\/img-20251010-wa00055865181072545535652.jpg?fit=900%2C1200&ssl=1&resize=525%2C300 1.5x, https:\/\/i0.wp.com\/diariodegarca.com\/wp-content\/uploads\/2025\/10\/img-20251010-wa00055865181072545535652.jpg?fit=900%2C1200&ssl=1&resize=700%2C400 2x"},"classes":[]},{"id":9689,"url":"https:\/\/diariodegarca.com\/?p=9689","url_meta":{"origin":9740,"position":1},"title":"Conflito em UPA de Gar\u00e7a exp\u00f5e crise na sa\u00fade e atrito pol\u00edtico","author":"Di\u00e1rio de Gar\u00e7a","date":"23 de dezembro de 2025","format":false,"excerpt":"Prefeito Jos\u00e9 Alcides Faneco \u00e9 acusado de coagir mun\u00edcipe que, em desespero pela vida do irm\u00e3o, recorreu a um vereador para conseguir vaga em UTI; caso ocorre em meio \u00e0 maior preocupa\u00e7\u00e3o dos garcenses, que \u00e9 a sa\u00fade p\u00fablica Uma situa\u00e7\u00e3o de desespero em uma Unidade de Pronto Atendimento (UPA)\u2026","rel":"","context":"Em &quot;Gar\u00e7a&quot;","block_context":{"text":"Gar\u00e7a","link":"https:\/\/diariodegarca.com\/?cat=781171664"},"img":{"alt_text":"","src":"https:\/\/i0.wp.com\/diariodegarca.com\/wp-content\/uploads\/2025\/12\/upa-garca.jpg?fit=984%2C593&ssl=1&resize=350%2C200","width":350,"height":200,"srcset":"https:\/\/i0.wp.com\/diariodegarca.com\/wp-content\/uploads\/2025\/12\/upa-garca.jpg?fit=984%2C593&ssl=1&resize=350%2C200 1x, https:\/\/i0.wp.com\/diariodegarca.com\/wp-content\/uploads\/2025\/12\/upa-garca.jpg?fit=984%2C593&ssl=1&resize=525%2C300 1.5x, https:\/\/i0.wp.com\/diariodegarca.com\/wp-content\/uploads\/2025\/12\/upa-garca.jpg?fit=984%2C593&ssl=1&resize=700%2C400 2x"},"classes":[]},{"id":2592,"url":"https:\/\/diariodegarca.com\/?p=2592","url_meta":{"origin":9740,"position":2},"title":"Secret\u00e1rio de Sa\u00fade relaciona aumento de dengue a aglomera\u00e7\u00f5es do Carnaval, mas transmiss\u00e3o s\u00f3 ocorre por mosquito","author":"Di\u00e1rio de Gar\u00e7a","date":"19 de mar\u00e7o de 2025","format":false,"excerpt":"Gar\u00e7a enfrenta um aumento nos casos de dengue e um dos motivos para o crescimento, segundo o secret\u00e1rio municipal da Sa\u00fade, Pedro Scartezini, seria a aglomera\u00e7\u00e3o de pessoas durante as festividades do Carnaval. Para atendimento da popula\u00e7\u00e3o infectada, tr\u00eas unidades v\u00e3o receber pacientes com sintomas no per\u00edodo noturno.A cidade conta\u2026","rel":"","context":"Em &quot;Brasil&quot;","block_context":{"text":"Brasil","link":"https:\/\/diariodegarca.com\/?cat=38185"},"img":{"alt_text":"","src":"","width":0,"height":0},"classes":[]},{"id":2602,"url":"https:\/\/diariodegarca.com\/?p=2602","url_meta":{"origin":9740,"position":3},"title":"Casos de dengue disparam e medidas emergenciais s\u00e3o intensificadas em Gar\u00e7a","author":"Di\u00e1rio de Gar\u00e7a","date":"18 de mar\u00e7o de 2025","format":false,"excerpt":"Gar\u00e7a enfrenta uma explos\u00e3o de casos de dengue, ultrapassando os \u00edndices considerados epid\u00eamicos pela Organiza\u00e7\u00e3o Mundial da Sa\u00fade (OMS). No final de fevereiro, a incid\u00eancia j\u00e1 era preocupante, com 495,6 casos por 100 mil habitantes. Por\u00e9m, em apenas 12 dias, esse n\u00famero saltou para 1.129,3 casos por 100 mil habitantes,\u2026","rel":"","context":"Em &quot;Brasil&quot;","block_context":{"text":"Brasil","link":"https:\/\/diariodegarca.com\/?cat=38185"},"img":{"alt_text":"","src":"","width":0,"height":0},"classes":[]},{"id":6709,"url":"https:\/\/diariodegarca.com\/?p=6709","url_meta":{"origin":9740,"position":4},"title":"Homem \u00e9 preso preventivamente por estupro de adolescente em Gar\u00e7a","author":"Di\u00e1rio de Gar\u00e7a","date":"12 de setembro de 2025","format":false,"excerpt":"Inqu\u00e9rito policial apurou crime cometido contra adolescente; pris\u00e3o foi decretada ap\u00f3s dilig\u00eancias que colheram provas que corroboraram a vers\u00e3o da v\u00edtima. Um professor de artes marciais foi preso na tarde desta sexta-feira, 12 de setembro, em cumprimento a mandado judicial. A pris\u00e3o foi decretada pela Justi\u00e7a de Gar\u00e7a, ap\u00f3s a\u2026","rel":"","context":"Em &quot;Gar\u00e7a&quot;","block_context":{"text":"Gar\u00e7a","link":"https:\/\/diariodegarca.com\/?cat=781171664"},"img":{"alt_text":"","src":"https:\/\/i0.wp.com\/diariodegarca.com\/wp-content\/uploads\/2025\/09\/criminoso-algemado.jpg?fit=1200%2C800&ssl=1&resize=350%2C200","width":350,"height":200,"srcset":"https:\/\/i0.wp.com\/diariodegarca.com\/wp-content\/uploads\/2025\/09\/criminoso-algemado.jpg?fit=1200%2C800&ssl=1&resize=350%2C200 1x, https:\/\/i0.wp.com\/diariodegarca.com\/wp-content\/uploads\/2025\/09\/criminoso-algemado.jpg?fit=1200%2C800&ssl=1&resize=525%2C300 1.5x, https:\/\/i0.wp.com\/diariodegarca.com\/wp-content\/uploads\/2025\/09\/criminoso-algemado.jpg?fit=1200%2C800&ssl=1&resize=700%2C400 2x, https:\/\/i0.wp.com\/diariodegarca.com\/wp-content\/uploads\/2025\/09\/criminoso-algemado.jpg?fit=1200%2C800&ssl=1&resize=1050%2C600 3x"},"classes":[]},{"id":8622,"url":"https:\/\/diariodegarca.com\/?p=8622","url_meta":{"origin":9740,"position":5},"title":"Homem \u00e9 preso ap\u00f3s agredir ex-companheira adolescente e tia em Gar\u00e7a","author":"Andreza Sega","date":"10 de novembro de 2025","format":false,"excerpt":"Homem desferiu cabe\u00e7ada na jovem e agrediu a tia dela, que tentou intervir; caso foi registrado como viol\u00eancia dom\u00e9stica. Um homem foi preso em flagrante na manh\u00e3 de domingo, 9 de novembro, ap\u00f3s agredir a ex-companheira, uma adolescente e a tia dela no Jardim dos Eucaliptos, em Gar\u00e7a. O epis\u00f3dio,\u2026","rel":"","context":"Em &quot;Gar\u00e7a&quot;","block_context":{"text":"Gar\u00e7a","link":"https:\/\/diariodegarca.com\/?cat=781171664"},"img":{"alt_text":"","src":"https:\/\/i0.wp.com\/diariodegarca.com\/wp-content\/uploads\/2025\/10\/policia-civil.jpg?fit=790%2C499&ssl=1&resize=350%2C200","width":350,"height":200,"srcset":"https:\/\/i0.wp.com\/diariodegarca.com\/wp-content\/uploads\/2025\/10\/policia-civil.jpg?fit=790%2C499&ssl=1&resize=350%2C200 1x, https:\/\/i0.wp.com\/diariodegarca.com\/wp-content\/uploads\/2025\/10\/policia-civil.jpg?fit=790%2C499&ssl=1&resize=525%2C300 1.5x, https:\/\/i0.wp.com\/diariodegarca.com\/wp-content\/uploads\/2025\/10\/policia-civil.jpg?fit=790%2C499&ssl=1&resize=700%2C400 2x"},"classes":[]}],"_links":{"self":[{"href":"https:\/\/diariodegarca.com\/index.php?rest_route=\/wp\/v2\/posts\/9740","targetHints":{"allow":["GET"]}}],"collection":[{"href":"https:\/\/diariodegarca.com\/index.php?rest_route=\/wp\/v2\/posts"}],"about":[{"href":"https:\/\/diariodegarca.com\/index.php?rest_route=\/wp\/v2\/types\/post"}],"author":[{"embeddable":true,"href":"https:\/\/diariodegarca.com\/index.php?rest_route=\/wp\/v2\/users\/260896546"}],"replies":[{"embeddable":true,"href":"https:\/\/diariodegarca.com\/index.php?rest_route=%2Fwp%2Fv2%2Fcomments&post=9740"}],"version-history":[{"count":0,"href":"https:\/\/diariodegarca.com\/index.php?rest_route=\/wp\/v2\/posts\/9740\/revisions"}],"wp:featuredmedia":[{"embeddable":true,"href":"https:\/\/diariodegarca.com\/index.php?rest_route=\/wp\/v2\/media\/9739"}],"wp:attachment":[{"href":"https:\/\/diariodegarca.com\/index.php?rest_route=%2Fwp%2Fv2%2Fmedia&parent=9740"}],"wp:term":[{"taxonomy":"category","embeddable":true,"href":"https:\/\/diariodegarca.com\/index.php?rest_route=%2Fwp%2Fv2%2Fcategories&post=9740"},{"taxonomy":"post_tag","embeddable":true,"href":"https:\/\/diariodegarca.com\/index.php?rest_route=%2Fwp%2Fv2%2Ftags&post=9740"}],"curies":[{"name":"wp","href":"https:\/\/api.w.org\/{rel}","templated":true}]}}