{"id":9767,"date":"2026-01-06T18:55:48","date_gmt":"2026-01-06T21:55:48","guid":{"rendered":"https:\/\/diariodegarca.com\/?p=9767"},"modified":"2026-01-06T18:55:48","modified_gmt":"2026-01-06T21:55:48","slug":"lei-federal-autoriza-morador-a-cortar-arvore-em-risco-se-prefeitura-nao-responder-em-ate-45-dias","status":"publish","type":"post","link":"https:\/\/diariodegarca.com\/?p=9767","title":{"rendered":"Lei federal autoriza morador a cortar \u00e1rvore em risco se prefeitura n\u00e3o responder em at\u00e9 45 dias"},"content":{"rendered":"\n<p class=\"wp-block-paragraph\"><em>Medida sancionada pelo presidente Lula pode impactar diretamente Gar\u00e7a, ao estabelecer prazo m\u00e1ximo para resposta do \u00f3rg\u00e3o ambiental em casos de risco de acidentes<\/em>.<\/p>\n\n\n\n<p class=\"wp-block-paragraph\">Uma mudan\u00e7a na legisla\u00e7\u00e3o federal pode trazer efeitos pr\u00e1ticos para moradores de Gar\u00e7a que convivem com \u00e1rvores oferecendo risco de queda em cal\u00e7adas, ruas ou dentro de propriedades. O presidente Luiz In\u00e1cio Lula da Silva sancionou no final de dezembro a <a href=\"https:\/\/www.planalto.gov.br\/ccivil_03\/_Ato2023-2026\/2025\/Lei\/L15299.htm\" data-type=\"link\" data-id=\"https:\/\/www.planalto.gov.br\/ccivil_03\/_Ato2023-2026\/2025\/Lei\/L15299.htm\">Lei n\u00ba 15.299\/25<\/a>, que estabelece um prazo m\u00e1ximo de <strong>45 dias<\/strong> para que \u00f3rg\u00e3os ambientais<strong> respondam aos pedidos de poda ou corte de \u00e1rvores<\/strong> em <strong>situa\u00e7\u00f5es de risco de acidente<\/strong>.<\/p>\n\n\n\n<p class=\"wp-block-paragraph\">A principal novidade da lei \u00e9 que, <strong>se n\u00e3o houver resposta dentro desse per\u00edodo, a autoriza\u00e7\u00e3o passa a ser considerada concedida automaticamente<\/strong>. Nesses casos, o morador poder\u00e1 contratar um profissional ou empresa habilitada para realizar o servi\u00e7o, desde que apresente um laudo t\u00e9cnico que comprove o risco.<\/p>\n\n\n\n<p class=\"wp-block-paragraph\">Na pr\u00e1tica, a lei busca enfrentar um problema comum em muitas cidades brasileiras: a demora na an\u00e1lise de pedidos de poda ou supress\u00e3o de \u00e1rvores. Em per\u00edodos de chuvas e ventos fortes, quedas de galhos ou \u00e1rvores inteiras podem causar transtornos, como vias interditadas, danos a ve\u00edculos e at\u00e9 riscos \u00e0 seguran\u00e7a de pedestres e moradores.<\/p>\n\n\n\n<p class=\"wp-block-paragraph\">A nova regra altera a Lei de Crimes Ambientais, em vigor desde 1998, e afasta a puni\u00e7\u00e3o criminal nesses casos espec\u00edficos de risco, desde que todas as exig\u00eancias sejam cumpridas. Fora dessas situa\u00e7\u00f5es, continuam valendo as penalidades previstas anteriormente para quem corta ou danifica \u00e1rvores sem autoriza\u00e7\u00e3o, incluindo multa e possibilidade de deten\u00e7\u00e3o.<\/p>\n\n\n\n<p class=\"wp-block-paragraph\">Apesar de trazer mais agilidade, a legisla\u00e7\u00e3o tamb\u00e9m imp\u00f5e custos ao interessado, j\u00e1 que <strong>o pedido precisa ser acompanhado de laudo elaborado por profissional habilitado<\/strong>. Ainda assim, o objetivo \u00e9 evitar que a demora do poder p\u00fablico deixe pessoas e patrim\u00f4nios expostos a acidentes.<\/p>\n\n\n\n<p class=\"wp-block-paragraph\">A lei teve origem no Projeto de Lei 542\/2022 e foi aprovada pelo Congresso antes de ser sancionada no fim de dezembro. O argumento central dos defensores da proposta \u00e9 que a falta de prazo definido para an\u00e1lise dos pedidos acabava transferindo o risco para a popula\u00e7\u00e3o.<\/p>\n\n\n\n<p class=\"wp-block-paragraph\">Em Gar\u00e7a, assim como em outras cidades, os pedidos de poda ou corte seguem regras municipais e exigem autoriza\u00e7\u00e3o pr\u00e9via do \u00f3rg\u00e3o ambiental. Com a nova lei federal, o munic\u00edpio continua respons\u00e1vel pela an\u00e1lise, mas agora com um limite de tempo definido. Caso esse prazo n\u00e3o seja respeitado, o morador passa a ter respaldo legal para agir, sempre com base em laudo t\u00e9cnico.<\/p>\n\n\n\n<p class=\"wp-block-paragraph\">A expectativa \u00e9 que a mudan\u00e7a incentive respostas mais r\u00e1pidas do poder p\u00fablico e reduza conflitos entre moradores e a administra\u00e7\u00e3o municipal, especialmente em situa\u00e7\u00f5es em que a seguran\u00e7a est\u00e1 em jogo.<\/p>\n","protected":false},"excerpt":{"rendered":"<p>Medida sancionada pelo presidente Lula pode impactar diretamente Gar\u00e7a, ao estabelecer prazo m\u00e1ximo para resposta do \u00f3rg\u00e3o ambiental em casos de risco de acidentes. Uma mudan\u00e7a na legisla\u00e7\u00e3o federal pode trazer efeitos pr\u00e1ticos para moradores de Gar\u00e7a que convivem com \u00e1rvores oferecendo risco de queda em cal\u00e7adas, ruas ou dentro de propriedades. O presidente Luiz [&hellip;]<\/p>\n","protected":false},"author":260896546,"featured_media":9830,"comment_status":"open","ping_status":"open","sticky":false,"template":"","format":"standard","meta":{"_crdt_document":"","_monsterinsights_skip_tracking":false,"_monsterinsights_sitenote_active":false,"_monsterinsights_sitenote_note":"","_monsterinsights_sitenote_category":0,"advanced_seo_description":"A nova lei sancionada por Lula estabelece um prazo de 45 dias para an\u00e1lise de pedidos de poda de \u00e1rvores em Gar\u00e7a, visando evitar acidentes.","jetpack_seo_html_title":"Nova Lei de Poda de \u00c1rvores Altera Seguran\u00e7a em Gar\u00e7a","jetpack_seo_noindex":false,"_jetpack_newsletter_access":"","_jetpack_dont_email_post_to_subs":false,"_jetpack_newsletter_tier_id":0,"_jetpack_memberships_contains_paywalled_content":false,"_jetpack_memberships_contains_paid_content":false,"footnotes":"","jetpack_publicize_message":"Nova lei federal estabelece regra importante para moradores de cidades de todo o pa\u00eds: agora, se houver uma \u00e1rvore com risco comprovado de queda (em cal\u00e7adas, vias ou propriedades) e o \u00f3rg\u00e3o ambiental municipal n\u00e3o responder ao pedido de poda ou corte em at\u00e9 45 dias, a autoriza\u00e7\u00e3o \u00e9 considerada concedida automaticamente.\n\nAp\u00f3s esse per\u00edodo, morador pode contratar profissional habilitado para o servi\u00e7o, mediante laudo t\u00e9cnico que comprove o risco.\n\nPara entender como isso afeta diretamente Gar\u00e7a e quais os procedimentos legais, leia a reportagem completa em diariodegarca.com.\n\n#LeiAmbiental #Seguran\u00e7aUrbana #Gar\u00e7a #MeioAmbiente #Fiscaliza\u00e7\u00e3o #\u00c1rvoresDeRisco #Gest\u00e3oP\u00fablica #Di\u00e1rioDeGar\u00e7a","jetpack_publicize_feature_enabled":true,"jetpack_social_post_already_shared":false,"jetpack_social_options":{"image_generator_settings":{"template":"fullscreen","default_image_id":0,"font":"","enabled":false},"version":2},"_wpas_customize_per_network":false,"jetpack_post_was_ever_published":false},"categories":[38185,1192752,15243],"tags":[],"class_list":["post-9767","post","type-post","status-publish","format-standard","has-post-thumbnail","hentry","category-brasil","category-fiscalizacao","category-meio-ambiente"],"jetpack_publicize_connections":[],"jetpack_featured_media_url":"https:\/\/i0.wp.com\/diariodegarca.com\/wp-content\/uploads\/2026\/01\/arvore-caindo-garca.jpg?fit=651%2C447&ssl=1","jetpack_likes_enabled":true,"jetpack_sharing_enabled":true,"jetpack_shortlink":"https:\/\/wp.me\/pgitne-2xx","jetpack-related-posts":[{"id":8814,"url":"https:\/\/diariodegarca.com\/?p=8814","url_meta":{"origin":9767,"position":0},"title":"C\u00e2mara de Gar\u00e7a aprova doa\u00e7\u00f5es de terrenos para empresas e discute sa\u00fade p\u00fablica","author":"Andreza Sega","date":"18 de novembro de 2025","format":false,"excerpt":"Vereadores destinam \u00e1reas do Distrito Empresarial a empresas, aprovam cr\u00e9dito extra para o CIVAT e travam discuss\u00f5es sobre sa\u00fade p\u00fablica, seguran\u00e7a e investimentos conquistados para o munic\u00edpio. Em uma sess\u00e3o com todos os vereadores presentes, a C\u00e2mara Municipal de Gar\u00e7a realizou sua 38\u00aa Sess\u00e3o Ordin\u00e1ria de 2025. A pauta foi\u2026","rel":"","context":"Em &quot;Gar\u00e7a&quot;","block_context":{"text":"Gar\u00e7a","link":"https:\/\/diariodegarca.com\/?cat=781171664"},"img":{"alt_text":"","src":"https:\/\/i0.wp.com\/diariodegarca.com\/wp-content\/uploads\/2025\/11\/camara.jpg?fit=1200%2C802&ssl=1&resize=350%2C200","width":350,"height":200,"srcset":"https:\/\/i0.wp.com\/diariodegarca.com\/wp-content\/uploads\/2025\/11\/camara.jpg?fit=1200%2C802&ssl=1&resize=350%2C200 1x, https:\/\/i0.wp.com\/diariodegarca.com\/wp-content\/uploads\/2025\/11\/camara.jpg?fit=1200%2C802&ssl=1&resize=525%2C300 1.5x, https:\/\/i0.wp.com\/diariodegarca.com\/wp-content\/uploads\/2025\/11\/camara.jpg?fit=1200%2C802&ssl=1&resize=700%2C400 2x, https:\/\/i0.wp.com\/diariodegarca.com\/wp-content\/uploads\/2025\/11\/camara.jpg?fit=1200%2C802&ssl=1&resize=1050%2C600 3x"},"classes":[]},{"id":9551,"url":"https:\/\/diariodegarca.com\/?p=9551","url_meta":{"origin":9767,"position":1},"title":"C\u00e2mara de Gar\u00e7a encerra ano com debates sobre \u00e1gua, reciclagem e \u00e9tica legislativa","author":"Andreza Sega","date":"16 de dezembro de 2025","format":false,"excerpt":"Em sess\u00e3o ordin\u00e1ria e extraordin\u00e1ria, vereadores aprovaram projetos de doa\u00e7\u00e3o de terrenos, melhorias ambientais e cr\u00e9dito para entidade assistencial, al\u00e9m de discutirem problemas cr\u00f4nicos de infraestrutura. A 42\u00aa Sess\u00e3o Ordin\u00e1ria da C\u00e2mara Municipal de Gar\u00e7a, realizada na \u00faltima segunda-feira, 15 de dezembro, marcou o encerramento dos trabalhos legislativos deste ano.\u2026","rel":"","context":"Em &quot;Gar\u00e7a&quot;","block_context":{"text":"Gar\u00e7a","link":"https:\/\/diariodegarca.com\/?cat=781171664"},"img":{"alt_text":"","src":"https:\/\/i0.wp.com\/diariodegarca.com\/wp-content\/uploads\/2025\/12\/camara-42.jpg?fit=687%2C349&ssl=1&resize=350%2C200","width":350,"height":200,"srcset":"https:\/\/i0.wp.com\/diariodegarca.com\/wp-content\/uploads\/2025\/12\/camara-42.jpg?fit=687%2C349&ssl=1&resize=350%2C200 1x, https:\/\/i0.wp.com\/diariodegarca.com\/wp-content\/uploads\/2025\/12\/camara-42.jpg?fit=687%2C349&ssl=1&resize=525%2C300 1.5x"},"classes":[]},{"id":2587,"url":"https:\/\/diariodegarca.com\/?p=2587","url_meta":{"origin":9767,"position":2},"title":"Eutan\u00e1sia de c\u00e3es e gatos por \u00f3rg\u00e3os p\u00fablicos \u00e9 proibida por Lei","author":"Di\u00e1rio de Gar\u00e7a","date":"20 de mar\u00e7o de 2025","format":false,"excerpt":"A Lei 14.228\/2021, sancionada em 20 de outubro de 2021, marca um avan\u00e7o na prote\u00e7\u00e3o animal no Brasil. A nova legisla\u00e7\u00e3o pro\u00edbe a eutan\u00e1sia de c\u00e3es e gatos por \u00f3rg\u00e3os de controle de zoonoses, canis p\u00fablicos e estabelecimentos similares, exceto em casos espec\u00edficos: \u2714 Quando h\u00e1 doen\u00e7as graves incur\u00e1veis \u2714\u2026","rel":"","context":"Em &quot;Brasil&quot;","block_context":{"text":"Brasil","link":"https:\/\/diariodegarca.com\/?cat=38185"},"img":{"alt_text":"","src":"","width":0,"height":0},"classes":[]},{"id":9538,"url":"https:\/\/diariodegarca.com\/?p=9538","url_meta":{"origin":9767,"position":3},"title":"Falta de presta\u00e7\u00e3o de contas da Festa da Cerejeira em Gar\u00e7a gera den\u00fancia ao Minist\u00e9rio P\u00fablico","author":"Di\u00e1rio de Gar\u00e7a","date":"15 de dezembro de 2025","format":false,"excerpt":"Vereadora acusa descumprimento de lei municipal que exige transpar\u00eancia financeira do evento; prazo legal de 120 dias foi ultrapassado em mais de dois meses. Em meio a questionamentos sobre a transpar\u00eancia na gest\u00e3o p\u00fablica, a vereadora Elaine Oliveira (PSD) formalizou uma den\u00fancia ao Minist\u00e9rio P\u00fablico do Estado de S\u00e3o Paulo,\u2026","rel":"","context":"Em &quot;Eventos&quot;","block_context":{"text":"Eventos","link":"https:\/\/diariodegarca.com\/?cat=2366"},"img":{"alt_text":"","src":"https:\/\/i0.wp.com\/diariodegarca.com\/wp-content\/uploads\/2025\/12\/SaveClip.App_503406251_17995528127797395_6590534165075140674_n.jpg?fit=1200%2C1044&ssl=1&resize=350%2C200","width":350,"height":200,"srcset":"https:\/\/i0.wp.com\/diariodegarca.com\/wp-content\/uploads\/2025\/12\/SaveClip.App_503406251_17995528127797395_6590534165075140674_n.jpg?fit=1200%2C1044&ssl=1&resize=350%2C200 1x, https:\/\/i0.wp.com\/diariodegarca.com\/wp-content\/uploads\/2025\/12\/SaveClip.App_503406251_17995528127797395_6590534165075140674_n.jpg?fit=1200%2C1044&ssl=1&resize=525%2C300 1.5x, https:\/\/i0.wp.com\/diariodegarca.com\/wp-content\/uploads\/2025\/12\/SaveClip.App_503406251_17995528127797395_6590534165075140674_n.jpg?fit=1200%2C1044&ssl=1&resize=700%2C400 2x, https:\/\/i0.wp.com\/diariodegarca.com\/wp-content\/uploads\/2025\/12\/SaveClip.App_503406251_17995528127797395_6590534165075140674_n.jpg?fit=1200%2C1044&ssl=1&resize=1050%2C600 3x"},"classes":[]},{"id":6096,"url":"https:\/\/diariodegarca.com\/?p=6096","url_meta":{"origin":9767,"position":4},"title":"Estado de S\u00e3o Paulo pro\u00edbe acorrentamento de c\u00e3es e gatos","author":"Di\u00e1rio de Gar\u00e7a","date":"26 de agosto de 2025","format":false,"excerpt":"Nova lei estadual, sancionada pelo governador, criminaliza a pr\u00e1tica de manter animais presos por correntes e estabelece crit\u00e9rios m\u00ednimos de bem-estar para casos excepcionais de conten\u00e7\u00e3o. O estado de S\u00e3o Paulo deu um passo significativo na prote\u00e7\u00e3o animal com a san\u00e7\u00e3o da Lei Estadual n\u00ba 18.184\/2025, que pro\u00edbe o acorrentamento\u2026","rel":"","context":"Em &quot;Causa animal&quot;","block_context":{"text":"Causa animal","link":"https:\/\/diariodegarca.com\/?cat=26891317"},"img":{"alt_text":"","src":"https:\/\/i0.wp.com\/diariodegarca.com\/wp-content\/uploads\/2025\/08\/deixar-cachorro-preso-crime-capa.webp?fit=709%2C472&ssl=1&resize=350%2C200","width":350,"height":200,"srcset":"https:\/\/i0.wp.com\/diariodegarca.com\/wp-content\/uploads\/2025\/08\/deixar-cachorro-preso-crime-capa.webp?fit=709%2C472&ssl=1&resize=350%2C200 1x, https:\/\/i0.wp.com\/diariodegarca.com\/wp-content\/uploads\/2025\/08\/deixar-cachorro-preso-crime-capa.webp?fit=709%2C472&ssl=1&resize=525%2C300 1.5x, https:\/\/i0.wp.com\/diariodegarca.com\/wp-content\/uploads\/2025\/08\/deixar-cachorro-preso-crime-capa.webp?fit=709%2C472&ssl=1&resize=700%2C400 2x"},"classes":[]},{"id":3495,"url":"https:\/\/diariodegarca.com\/?p=3495","url_meta":{"origin":9767,"position":5},"title":"Nova Lei garante acolhimento e tratamento no SUS para fam\u00edlias em luto perinatal","author":"Di\u00e1rio de Gar\u00e7a","date":"28 de maio de 2025","format":false,"excerpt":"Nova pol\u00edtica p\u00fablica assegura suporte psicol\u00f3gico e direito ao registro de natimortos, humanizando o luto de fam\u00edlias enlutadas O presidente Luiz In\u00e1cio Lula da Silva sancionou, na segunda-feira, dia 26 de maio, a\u00a0Lei que institui a Pol\u00edtica Nacional de Humaniza\u00e7\u00e3o do Luto Materno e Parental, marcando um avan\u00e7o no atendimento\u2026","rel":"","context":"Em &quot;Sa\u00fade&quot;","block_context":{"text":"Sa\u00fade","link":"https:\/\/diariodegarca.com\/?cat=72064"},"img":{"alt_text":"","src":"","width":0,"height":0},"classes":[]}],"_links":{"self":[{"href":"https:\/\/diariodegarca.com\/index.php?rest_route=\/wp\/v2\/posts\/9767","targetHints":{"allow":["GET"]}}],"collection":[{"href":"https:\/\/diariodegarca.com\/index.php?rest_route=\/wp\/v2\/posts"}],"about":[{"href":"https:\/\/diariodegarca.com\/index.php?rest_route=\/wp\/v2\/types\/post"}],"author":[{"embeddable":true,"href":"https:\/\/diariodegarca.com\/index.php?rest_route=\/wp\/v2\/users\/260896546"}],"replies":[{"embeddable":true,"href":"https:\/\/diariodegarca.com\/index.php?rest_route=%2Fwp%2Fv2%2Fcomments&post=9767"}],"version-history":[{"count":3,"href":"https:\/\/diariodegarca.com\/index.php?rest_route=\/wp\/v2\/posts\/9767\/revisions"}],"predecessor-version":[{"id":9831,"href":"https:\/\/diariodegarca.com\/index.php?rest_route=\/wp\/v2\/posts\/9767\/revisions\/9831"}],"wp:featuredmedia":[{"embeddable":true,"href":"https:\/\/diariodegarca.com\/index.php?rest_route=\/wp\/v2\/media\/9830"}],"wp:attachment":[{"href":"https:\/\/diariodegarca.com\/index.php?rest_route=%2Fwp%2Fv2%2Fmedia&parent=9767"}],"wp:term":[{"taxonomy":"category","embeddable":true,"href":"https:\/\/diariodegarca.com\/index.php?rest_route=%2Fwp%2Fv2%2Fcategories&post=9767"},{"taxonomy":"post_tag","embeddable":true,"href":"https:\/\/diariodegarca.com\/index.php?rest_route=%2Fwp%2Fv2%2Ftags&post=9767"}],"curies":[{"name":"wp","href":"https:\/\/api.w.org\/{rel}","templated":true}]}}