{"id":9826,"date":"2026-01-06T18:42:36","date_gmt":"2026-01-06T21:42:36","guid":{"rendered":"https:\/\/diariodegarca.com\/?p=9826"},"modified":"2026-01-06T18:42:36","modified_gmt":"2026-01-06T21:42:36","slug":"ferias-no-cinema-pontos-mis-leva-sessoes-gratuitas-a-garca-e-jafa-em-janeiro","status":"publish","type":"post","link":"https:\/\/diariodegarca.com\/?p=9826","title":{"rendered":"F\u00e9rias no Cinema: Pontos MIS leva sess\u00f5es gratuitas a Gar\u00e7a e Jafa em Janeiro"},"content":{"rendered":"\n<p class=\"wp-block-paragraph\"><em>Programa\u00e7\u00e3o especial exibe anima\u00e7\u00f5es nacionais e filmes sens\u00edveis para todas as idades, com sess\u00f5es na Biblioteca P\u00fablica Municipal de Gar\u00e7a e no Centro Cultural de Jafa.<\/em><\/p>\n\n\n\n<p class=\"wp-block-paragraph\">As f\u00e9rias de janeiro est\u00e3o mais culturais e cinematogr\u00e1ficas em Gar\u00e7a! Em parceria com o Pontos MIS (Museu da Imagem e do Som), a Secretaria de Cultura preparou uma agenda repleta de sess\u00f5es gratuitas de filmes nacionais, perfeitas para crian\u00e7as, jovens e fam\u00edlias que buscam divers\u00e3o com significado. <\/p>\n\n\n\n<p class=\"wp-block-paragraph\">As exibi\u00e7\u00f5es acontecem em <strong>dois pontos<\/strong>: na Biblioteca P\u00fablica Municipal &#8220;Dr. Rafael Paes de Barros&#8221;, no bairro Williams, e no Centro Cultural de Jafa, distrito da cidade. Tudo gratuito, com vagas ilimitadas e in\u00edcio<strong> sempre \u00e0s 14h<\/strong>.<\/p>\n\n\n\n<p class=\"wp-block-paragraph\">A iniciativa \u00e9 uma realiza\u00e7\u00e3o do MIS em parceria com a Prefeitura e conta com apoio do Governo Federal, com o intuito de refor\u00e7ar o acesso democr\u00e1tico \u00e0 cultura e a valoriza\u00e7\u00e3o da produ\u00e7\u00e3o audiovisual brasileira.<\/p>\n\n\n\n<p class=\"wp-block-paragraph\"><strong>Confira a programa\u00e7\u00e3o completa, organizada por data e local:<\/strong><\/p>\n\n\n\n<h4 class=\"wp-block-heading\">\ud83c\udf9e\ufe0f&nbsp;<strong>Programa\u00e7\u00e3o na Biblioteca Infantil de Gar\u00e7a<\/strong><\/h4>\n\n\n\n<ul class=\"wp-block-list\">\n<li><strong>9 de janeiro (sexta-feira) \u2013 Colet\u00e2nea &#8220;Criando Juntos&#8221; (01, 02 e 03)<\/strong><br><em>Faixa et\u00e1ria: Livre | Dura\u00e7\u00e3o: 90 min<\/em><br>Uma sele\u00e7\u00e3o especial de curtas que celebram a criatividade, a colabora\u00e7\u00e3o e as descobertas da inf\u00e2ncia. Ideal para estimular a imagina\u00e7\u00e3o dos pequenos.<\/li>\n\n\n\n<li><strong>19 de janeiro (segunda-feira) \u2013 &#8220;O Passo de Tartaruga&#8221;<\/strong><br><em>Faixa et\u00e1ria: Livre | Dura\u00e7\u00e3o: 20 min<\/em><br>Uma f\u00e1bula animada sobre paci\u00eancia, perseveran\u00e7a e o valor de seguir no pr\u00f3prio ritmo. Curta e encantadora.<\/li>\n\n\n\n<li><strong>23 de janeiro (sexta-feira) \u2013 &#8220;O Passo de Tartaruga&#8221;<\/strong><br><em>Faixa et\u00e1ria: Livre | Dura\u00e7\u00e3o: 20 min<\/em><br>Reexibi\u00e7\u00e3o do curta-metragem para quem perdeu a sess\u00e3o anterior.<\/li>\n\n\n\n<li><strong>26 de janeiro (segunda-feira) \u2013 &#8220;O Sonho de Clarice&#8221;<\/strong><br><em>Faixa et\u00e1ria: 10 anos | Dura\u00e7\u00e3o: 83 min<\/em><br>Um filme sens\u00edvel que mergulha no universo interior de Clarice, explorando sonhos, mem\u00f3rias e descobertas da pr\u00e9-adolesc\u00eancia.<\/li>\n\n\n\n<li><strong>30 de janeiro (sexta-feira) \u2013 &#8220;O Sonho de Clarice&#8221;<\/strong><br><em>Faixa et\u00e1ria: 10 anos | Dura\u00e7\u00e3o: 83 min<\/em><br>\u00daltima chance para conferir esta narrativa po\u00e9tica na Biblioteca.<\/li>\n<\/ul>\n\n\n\n<h4 class=\"wp-block-heading\">\ud83c\udfd8\ufe0f&nbsp;<strong>Programa\u00e7\u00e3o no Centro Cultural de Jafa<\/strong><\/h4>\n\n\n\n<ul class=\"wp-block-list\">\n<li><strong>23 de janeiro (sexta-feira) \u2013 &#8220;O Sonho de Clarice&#8221;<\/strong><br><em>Faixa et\u00e1ria: 10 anos | Dura\u00e7\u00e3o: 83 min<\/em><br>A mesma sess\u00e3o emocionante que passa em Gar\u00e7a chega ao distrito de Jafa, levando cultura e entretenimento de qualidade para toda a comunidade.<\/li>\n<\/ul>\n","protected":false},"excerpt":{"rendered":"<p>Programa\u00e7\u00e3o especial exibe anima\u00e7\u00f5es nacionais e filmes sens\u00edveis para todas as idades, com sess\u00f5es na Biblioteca P\u00fablica Municipal de Gar\u00e7a e no Centro Cultural de Jafa. As f\u00e9rias de janeiro est\u00e3o mais culturais e cinematogr\u00e1ficas em Gar\u00e7a! Em parceria com o Pontos MIS (Museu da Imagem e do Som), a Secretaria de Cultura preparou uma [&hellip;]<\/p>\n","protected":false},"author":260896546,"featured_media":5886,"comment_status":"open","ping_status":"open","sticky":false,"template":"","format":"standard","meta":{"_monsterinsights_skip_tracking":false,"advanced_seo_description":"Descubra filmes e anima\u00e7\u00f5es nacionais em sess\u00f5es gratuitas em Gar\u00e7a, promovendo cultura para toda a fam\u00edlia. Confira a programa\u00e7\u00e3o!","jetpack_seo_html_title":"Sess\u00f5es de Cinema Gr\u00e1tis em Gar\u00e7a: Filmes Para Todas as Idades","jetpack_seo_noindex":false,"jetpack_seo_schema_type":"","_jetpack_newsletter_access":"","_jetpack_dont_email_post_to_subs":false,"_jetpack_newsletter_tier_id":0,"_jetpack_memberships_contains_paywalled_content":false,"_wpcom_ai_launchpad_first_post":false,"_jetpack_feature_clip_id":0,"_jetpack_memberships_contains_paid_content":false,"footnotes":"","jetpack_publicize_message":"\ud83c\udfac F\u00e9rias com Cinema Nacional em Gar\u00e7a e Jafa!\n\nAs f\u00e9rias de janeiro ganharam uma programa\u00e7\u00e3o cultural especial! O Pontos MIS, em parceria com a Secretaria de Cultura de Gar\u00e7a, leva sess\u00f5es gratuitas de cinema para a Biblioteca de Gar\u00e7a e para o Centro Cultural de Jafa.\n\nS\u00e3o filmes nacionais para todas as idades: da colet\u00e2nea infantil \"Criando Juntos\" ao sens\u00edvel \"O Sonho de Clarice\" (10 anos). \nTudo gratuito, com vagas ilimitadas!\n\nConfira a programa\u00e7\u00e3o completa em nosso site. Link na bio!\n\n#CinemaGratuito #PontosMIS #Garca #Jafa #Cultura #F\u00e9riasNaCidade #DiarioDeGarca","jetpack_publicize_feature_enabled":true,"jetpack_social_post_already_shared":false,"jetpack_social_options":{"image_generator_settings":{"template":"fullscreen","default_image_id":0,"font":"","enabled":false},"version":2},"_wpas_customize_per_network":false,"jetpack_post_was_ever_published":false},"categories":[597,2367,781171664],"tags":[],"class_list":["post-9826","post","type-post","status-publish","format-standard","has-post-thumbnail","hentry","category-cinema","category-cultura","category-garca-cidade"],"jetpack_publicize_connections":[],"jetpack_likes_enabled":true,"jetpack_sharing_enabled":true,"jetpack_shortlink":"https:\/\/wp.me\/pgitne-2yu","jetpack-related-posts":[{"id":4548,"url":"https:\/\/diariodegarca.com\/?p=4548","url_meta":{"origin":9826,"position":0},"title":"Biblioteca de Gar\u00e7a promove programa\u00e7\u00e3o especial de f\u00e9rias","author":"Di\u00e1rio de Gar\u00e7a","date":"8 de julho de 2025","format":false,"excerpt":"Atividades gratuitas para crian\u00e7as de todas as idades acontecem entre 8 e 31 de julho, com op\u00e7\u00f5es no Centro Cultural de Jafa e na Biblioteca Dr. Rafael Paes de Barros. A\u00a0Biblioteca P\u00fablica Municipal de Gar\u00e7a\u00a0preparou uma programa\u00e7\u00e3o especial para as f\u00e9rias escolares, com atividades l\u00fadicas, oficinas criativas e sess\u00f5es de\u2026","rel":"","context":"Em &quot;Cultura&quot;","block_context":{"text":"Cultura","link":"https:\/\/diariodegarca.com\/?cat=2367"},"img":{"alt_text":"","src":"https:\/\/i0.wp.com\/diariodegarca.com\/wp-content\/uploads\/2025\/07\/bons-momentos-vista-superior-menino-sorridente-e-duas-meninas-em-idade-escolar-sentadas-no-chao-da-biblioteca-segurando-rostos-e-olhando-para-camera.jpg?fit=1200%2C798&ssl=1&resize=350%2C200","width":350,"height":200,"srcset":"https:\/\/i0.wp.com\/diariodegarca.com\/wp-content\/uploads\/2025\/07\/bons-momentos-vista-superior-menino-sorridente-e-duas-meninas-em-idade-escolar-sentadas-no-chao-da-biblioteca-segurando-rostos-e-olhando-para-camera.jpg?fit=1200%2C798&ssl=1&resize=350%2C200 1x, https:\/\/i0.wp.com\/diariodegarca.com\/wp-content\/uploads\/2025\/07\/bons-momentos-vista-superior-menino-sorridente-e-duas-meninas-em-idade-escolar-sentadas-no-chao-da-biblioteca-segurando-rostos-e-olhando-para-camera.jpg?fit=1200%2C798&ssl=1&resize=525%2C300 1.5x, https:\/\/i0.wp.com\/diariodegarca.com\/wp-content\/uploads\/2025\/07\/bons-momentos-vista-superior-menino-sorridente-e-duas-meninas-em-idade-escolar-sentadas-no-chao-da-biblioteca-segurando-rostos-e-olhando-para-camera.jpg?fit=1200%2C798&ssl=1&resize=700%2C400 2x, https:\/\/i0.wp.com\/diariodegarca.com\/wp-content\/uploads\/2025\/07\/bons-momentos-vista-superior-menino-sorridente-e-duas-meninas-em-idade-escolar-sentadas-no-chao-da-biblioteca-segurando-rostos-e-olhando-para-camera.jpg?fit=1200%2C798&ssl=1&resize=1050%2C600 3x"},"classes":[]},{"id":9903,"url":"https:\/\/diariodegarca.com\/?p=9903","url_meta":{"origin":9826,"position":1},"title":"Biblioteca de Gar\u00e7a e Centro Cultural de Jafa divulgam programa\u00e7\u00e3o especial de f\u00e9rias","author":"Di\u00e1rio de Gar\u00e7a","date":"8 de janeiro de 2026","format":false,"excerpt":"Atividades gratuitas acontecem ao longo de janeiro, com oficinas, brincadeiras, media\u00e7\u00e3o de leitura e karaok\u00ea, tanto na sede da biblioteca quanto no distrito de Jafa A Biblioteca P\u00fablica Municipal de Gar\u00e7a Dr. Rafael Paes de Barros divulgou a programa\u00e7\u00e3o especial de f\u00e9rias de janeiro, com uma s\u00e9rie de atividades voltadas\u2026","rel":"","context":"Em &quot;Cultura&quot;","block_context":{"text":"Cultura","link":"https:\/\/diariodegarca.com\/?cat=2367"},"img":{"alt_text":"","src":"https:\/\/i0.wp.com\/diariodegarca.com\/wp-content\/uploads\/2025\/07\/bons-momentos-vista-superior-menino-sorridente-e-duas-meninas-em-idade-escolar-sentadas-no-chao-da-biblioteca-segurando-rostos-e-olhando-para-camera.jpg?fit=1200%2C798&ssl=1&resize=350%2C200","width":350,"height":200,"srcset":"https:\/\/i0.wp.com\/diariodegarca.com\/wp-content\/uploads\/2025\/07\/bons-momentos-vista-superior-menino-sorridente-e-duas-meninas-em-idade-escolar-sentadas-no-chao-da-biblioteca-segurando-rostos-e-olhando-para-camera.jpg?fit=1200%2C798&ssl=1&resize=350%2C200 1x, https:\/\/i0.wp.com\/diariodegarca.com\/wp-content\/uploads\/2025\/07\/bons-momentos-vista-superior-menino-sorridente-e-duas-meninas-em-idade-escolar-sentadas-no-chao-da-biblioteca-segurando-rostos-e-olhando-para-camera.jpg?fit=1200%2C798&ssl=1&resize=525%2C300 1.5x, https:\/\/i0.wp.com\/diariodegarca.com\/wp-content\/uploads\/2025\/07\/bons-momentos-vista-superior-menino-sorridente-e-duas-meninas-em-idade-escolar-sentadas-no-chao-da-biblioteca-segurando-rostos-e-olhando-para-camera.jpg?fit=1200%2C798&ssl=1&resize=700%2C400 2x, https:\/\/i0.wp.com\/diariodegarca.com\/wp-content\/uploads\/2025\/07\/bons-momentos-vista-superior-menino-sorridente-e-duas-meninas-em-idade-escolar-sentadas-no-chao-da-biblioteca-segurando-rostos-e-olhando-para-camera.jpg?fit=1200%2C798&ssl=1&resize=1050%2C600 3x"},"classes":[]},{"id":5445,"url":"https:\/\/diariodegarca.com\/?p=5445","url_meta":{"origin":9826,"position":2},"title":"&#8220;Kasa Branca&#8221;: filme sobre amor e resist\u00eancia na periferia com exibi\u00e7\u00e3o gratuita em Gar\u00e7a","author":"Di\u00e1rio de Gar\u00e7a","date":"10 de agosto de 2025","format":false,"excerpt":"Produ\u00e7\u00e3o inspirada em hist\u00f3rias reais retrata cuidado intergeracional e desafios sociais com sess\u00e3o gratuita na Biblioteca Municipal Na pr\u00f3xima quinta-feira, 14 de agosto, a\u00a0Biblioteca P\u00fablica Municipal de Gar\u00e7a\u00a0recebe a exibi\u00e7\u00e3o gratuita do filme\u00a0Kasa Branca\u00a0(2023), como parte do programa\u00a0Pontos MIS. A sess\u00e3o, marcada para as 14h na AudioVideoteca, na avenida Dr.\u2026","rel":"","context":"Em &quot;Cinema&quot;","block_context":{"text":"Cinema","link":"https:\/\/diariodegarca.com\/?cat=597"},"img":{"alt_text":"","src":"https:\/\/i0.wp.com\/diariodegarca.com\/wp-content\/uploads\/2025\/08\/kasabra_f03cor_2024112828.jpg?fit=770%2C434&ssl=1&resize=350%2C200","width":350,"height":200,"srcset":"https:\/\/i0.wp.com\/diariodegarca.com\/wp-content\/uploads\/2025\/08\/kasabra_f03cor_2024112828.jpg?fit=770%2C434&ssl=1&resize=350%2C200 1x, https:\/\/i0.wp.com\/diariodegarca.com\/wp-content\/uploads\/2025\/08\/kasabra_f03cor_2024112828.jpg?fit=770%2C434&ssl=1&resize=525%2C300 1.5x, https:\/\/i0.wp.com\/diariodegarca.com\/wp-content\/uploads\/2025\/08\/kasabra_f03cor_2024112828.jpg?fit=770%2C434&ssl=1&resize=700%2C400 2x"},"classes":[]},{"id":5733,"url":"https:\/\/diariodegarca.com\/?p=5733","url_meta":{"origin":9826,"position":3},"title":"&#8220;Minhocas&#8221;: filme em stop-motion nacional ter\u00e1 exibi\u00e7\u00e3o gratuita em Gar\u00e7a","author":"Di\u00e1rio de Gar\u00e7a","date":"18 de agosto de 2025","format":false,"excerpt":"Sess\u00e3o especial do longa-metragem\u00a0\"Minhocas\"\u00a0acontece na ter\u00e7a na Biblioteca P\u00fablica municipal, com entrada franca, em parceria com o Pontos MIS. Nesta\u00a0ter\u00e7a-feira, 19 de agosto, \u00e0s\u00a09h30, a\u00a0Biblioteca P\u00fablica Municipal Dr. Rafael Paes de Barros, localizada na avenida Dr. Rafael Paes de Barros, 522, recebe uma sess\u00e3o gratuita do filme\u00a0\"Minhocas\". A exibi\u00e7\u00e3o faz\u2026","rel":"","context":"Em &quot;Brasil&quot;","block_context":{"text":"Brasil","link":"https:\/\/diariodegarca.com\/?cat=38185"},"img":{"alt_text":"","src":"https:\/\/i0.wp.com\/diariodegarca.com\/wp-content\/uploads\/2025\/08\/minhocobol-crop.webp?fit=640%2C360&ssl=1&resize=350%2C200","width":350,"height":200,"srcset":"https:\/\/i0.wp.com\/diariodegarca.com\/wp-content\/uploads\/2025\/08\/minhocobol-crop.webp?fit=640%2C360&ssl=1&resize=350%2C200 1x, https:\/\/i0.wp.com\/diariodegarca.com\/wp-content\/uploads\/2025\/08\/minhocobol-crop.webp?fit=640%2C360&ssl=1&resize=525%2C300 1.5x"},"classes":[]},{"id":5497,"url":"https:\/\/diariodegarca.com\/?p=5497","url_meta":{"origin":9826,"position":4},"title":"&#8220;O Vendedor de Sonhos&#8221;: filme nacional sobre reden\u00e7\u00e3o com exibi\u00e7\u00e3o gratuita em Gar\u00e7a","author":"Di\u00e1rio de Gar\u00e7a","date":"11 de agosto de 2025","format":false,"excerpt":"Drama brasileiro com tem\u00e1tica humanista ter\u00e1 exibi\u00e7\u00e3o gratuita nesta ter\u00e7a-feira na Biblioteca Municipal Nesta ter\u00e7a-feira, 12 de agosto, a\u00a0Secretaria da Cultura de Gar\u00e7a, em parceria com o\u00a0Museu da Imagem e do Som (Pontos MIS), promove a exibi\u00e7\u00e3o gratuita do filme nacional\u00a0\"O Vendedor de Sonhos\"\u00a0(2016). A sess\u00e3o acontece \u00e0s\u00a014h\u00a0na\u00a0audiovideoteca da Biblioteca\u2026","rel":"","context":"Em &quot;Cinema&quot;","block_context":{"text":"Cinema","link":"https:\/\/diariodegarca.com\/?cat=597"},"img":{"alt_text":"","src":"https:\/\/i0.wp.com\/diariodegarca.com\/wp-content\/uploads\/2025\/08\/460043.jpg-r_1920_1080-f_jpg-q_x-xxyxx.jpg.jpg?fit=1200%2C784&ssl=1&resize=350%2C200","width":350,"height":200,"srcset":"https:\/\/i0.wp.com\/diariodegarca.com\/wp-content\/uploads\/2025\/08\/460043.jpg-r_1920_1080-f_jpg-q_x-xxyxx.jpg.jpg?fit=1200%2C784&ssl=1&resize=350%2C200 1x, https:\/\/i0.wp.com\/diariodegarca.com\/wp-content\/uploads\/2025\/08\/460043.jpg-r_1920_1080-f_jpg-q_x-xxyxx.jpg.jpg?fit=1200%2C784&ssl=1&resize=525%2C300 1.5x, https:\/\/i0.wp.com\/diariodegarca.com\/wp-content\/uploads\/2025\/08\/460043.jpg-r_1920_1080-f_jpg-q_x-xxyxx.jpg.jpg?fit=1200%2C784&ssl=1&resize=700%2C400 2x, https:\/\/i0.wp.com\/diariodegarca.com\/wp-content\/uploads\/2025\/08\/460043.jpg-r_1920_1080-f_jpg-q_x-xxyxx.jpg.jpg?fit=1200%2C784&ssl=1&resize=1050%2C600 3x"},"classes":[]},{"id":5884,"url":"https:\/\/diariodegarca.com\/?p=5884","url_meta":{"origin":9826,"position":5},"title":"Gar\u00e7a exibe anima\u00e7\u00e3o &#8220;Turma do Folclore&#8221; na Biblioteca","author":"Di\u00e1rio de Gar\u00e7a","date":"21 de agosto de 2025","format":false,"excerpt":"Pontos MIS trar\u00e1 cinema de qualidade \u00e0 cidade com exibi\u00e7\u00f5es na quinta-feira (21), \u00e0s 9h e 13h30, na Audiovideoteca. Pontos MIS em parceria com a plataforma Tocha Play, promove na pr\u00f3xima quinta-feira, 21 de agosto, duas sess\u00f5es gratuitas de cinema em Gar\u00e7a. A atra\u00e7\u00e3o do dia ser\u00e1 o filme\u00a0Turma do\u2026","rel":"","context":"Em &quot;Cinema&quot;","block_context":{"text":"Cinema","link":"https:\/\/diariodegarca.com\/?cat=597"},"img":{"alt_text":"","src":"https:\/\/i0.wp.com\/diariodegarca.com\/wp-content\/uploads\/2025\/08\/main_turma_folclore_desenho_animado_cinema_bh-e1767735844103.jpg?fit=742%2C448&ssl=1&resize=350%2C200","width":350,"height":200,"srcset":"https:\/\/i0.wp.com\/diariodegarca.com\/wp-content\/uploads\/2025\/08\/main_turma_folclore_desenho_animado_cinema_bh-e1767735844103.jpg?fit=742%2C448&ssl=1&resize=350%2C200 1x, https:\/\/i0.wp.com\/diariodegarca.com\/wp-content\/uploads\/2025\/08\/main_turma_folclore_desenho_animado_cinema_bh-e1767735844103.jpg?fit=742%2C448&ssl=1&resize=525%2C300 1.5x, https:\/\/i0.wp.com\/diariodegarca.com\/wp-content\/uploads\/2025\/08\/main_turma_folclore_desenho_animado_cinema_bh-e1767735844103.jpg?fit=742%2C448&ssl=1&resize=700%2C400 2x"},"classes":[]}],"jetpack_featured_media_url":"https:\/\/i0.wp.com\/diariodegarca.com\/wp-content\/uploads\/2025\/08\/main_turma_folclore_desenho_animado_cinema_bh-e1767735844103.jpg?fit=742%2C448&ssl=1","_links":{"self":[{"href":"https:\/\/diariodegarca.com\/index.php?rest_route=\/wp\/v2\/posts\/9826","targetHints":{"allow":["GET"]}}],"collection":[{"href":"https:\/\/diariodegarca.com\/index.php?rest_route=\/wp\/v2\/posts"}],"about":[{"href":"https:\/\/diariodegarca.com\/index.php?rest_route=\/wp\/v2\/types\/post"}],"author":[{"embeddable":true,"href":"https:\/\/diariodegarca.com\/index.php?rest_route=\/wp\/v2\/users\/260896546"}],"replies":[{"embeddable":true,"href":"https:\/\/diariodegarca.com\/index.php?rest_route=%2Fwp%2Fv2%2Fcomments&post=9826"}],"version-history":[{"count":3,"href":"https:\/\/diariodegarca.com\/index.php?rest_route=\/wp\/v2\/posts\/9826\/revisions"}],"predecessor-version":[{"id":9829,"href":"https:\/\/diariodegarca.com\/index.php?rest_route=\/wp\/v2\/posts\/9826\/revisions\/9829"}],"wp:featuredmedia":[{"embeddable":true,"href":"https:\/\/diariodegarca.com\/index.php?rest_route=\/wp\/v2\/media\/5886"}],"wp:attachment":[{"href":"https:\/\/diariodegarca.com\/index.php?rest_route=%2Fwp%2Fv2%2Fmedia&parent=9826"}],"wp:term":[{"taxonomy":"category","embeddable":true,"href":"https:\/\/diariodegarca.com\/index.php?rest_route=%2Fwp%2Fv2%2Fcategories&post=9826"},{"taxonomy":"post_tag","embeddable":true,"href":"https:\/\/diariodegarca.com\/index.php?rest_route=%2Fwp%2Fv2%2Ftags&post=9826"}],"curies":[{"name":"wp","href":"https:\/\/api.w.org\/{rel}","templated":true}]}}