{"id":9848,"date":"2026-01-07T10:01:49","date_gmt":"2026-01-07T13:01:49","guid":{"rendered":"https:\/\/diariodegarca.com\/?p=9848"},"modified":"2026-01-07T10:01:49","modified_gmt":"2026-01-07T13:01:49","slug":"homem-e-preso-por-divida-de-alimentos-em-marilia","status":"publish","type":"post","link":"https:\/\/diariodegarca.com\/?p=9848","title":{"rendered":"Homem \u00e9 preso por d\u00edvida de alimentos em Mar\u00edlia"},"content":{"rendered":"\n<p class=\"wp-block-paragraph\"><em>Mandado foi cumprido na zona Norte da cidade; detido foi encaminhado para penitenci\u00e1ria de Regin\u00f3polis.<\/em><\/p>\n\n\n\n<p class=\"wp-block-paragraph\">Um homem foi preso na segunda-feira, 5 de janeiro, em Mar\u00edlia, ap\u00f3s a\u00e7\u00e3o das equipes de For\u00e7a T\u00e1tica do 9\u00ba Batalh\u00e3o de Pol\u00edcia Militar. A pris\u00e3o, de natureza civil, foi decorrente do descumprimento de obriga\u00e7\u00e3o alimentar, conhecida popularmente como d\u00edvida de alimentos.<\/p>\n\n\n\n<p class=\"wp-block-paragraph\">A abordagem policial ocorreu por volta das 10 horas, no interior da resid\u00eancia do devedor, localizada na zona Norte do munic\u00edpio. Ap\u00f3s a captura, o homem foi conduzido e posteriormente apresentado na Penitenci\u00e1ria de Regin\u00f3polis, onde ficar\u00e1 \u00e0 disposi\u00e7\u00e3o da Justi\u00e7a.<\/p>\n\n\n\n<p class=\"wp-block-paragraph\">A pris\u00e3o civil por alimentos \u00e9 um instrumento legal previsto para casos de inadimpl\u00eancia reiterada nos pagamentos de pens\u00e3o aliment\u00edcia determinada judicialmente. A a\u00e7\u00e3o desta segunda-feira refor\u00e7a a atua\u00e7\u00e3o policial no cumprimento de mandados judiciais desta natureza, que visam a prote\u00e7\u00e3o dos dependentes, geralmente crian\u00e7as e adolescentes.<\/p>\n","protected":false},"excerpt":{"rendered":"<p>Mandado foi cumprido na zona Norte da cidade; detido foi encaminhado para penitenci\u00e1ria de Regin\u00f3polis. Um homem foi preso na segunda-feira, 5 de janeiro, em Mar\u00edlia, ap\u00f3s a\u00e7\u00e3o das equipes de For\u00e7a T\u00e1tica do 9\u00ba Batalh\u00e3o de Pol\u00edcia Militar. A pris\u00e3o, de natureza civil, foi decorrente do descumprimento de obriga\u00e7\u00e3o alimentar, conhecida popularmente como d\u00edvida [&hellip;]<\/p>\n","protected":false},"author":260896546,"featured_media":9850,"comment_status":"open","ping_status":"open","sticky":false,"template":"","format":"standard","meta":{"_monsterinsights_skip_tracking":false,"advanced_seo_description":"Homem \u00e9 preso em Mar\u00edlia por d\u00edvida de alimentos; a\u00e7\u00e3o da Pol\u00edcia Militar garante prote\u00e7\u00e3o a dependentes. Saiba mais sobre a pris\u00e3o civil.","jetpack_seo_html_title":"Homem Preso em Mar\u00edlia por D\u00edvida de Alimentos: Detalhes do Caso","jetpack_seo_noindex":false,"jetpack_seo_schema_type":"","_jetpack_newsletter_access":"","_jetpack_dont_email_post_to_subs":false,"_jetpack_newsletter_tier_id":0,"_jetpack_memberships_contains_paywalled_content":false,"_wpcom_ai_launchpad_first_post":false,"_jetpack_feature_clip_id":0,"_jetpack_memberships_contains_paid_content":false,"footnotes":"","jetpack_publicize_message":"Um homem foi preso em Mar\u00edlia na segunda-feira (5\/01) por n\u00e3o pagar a pens\u00e3o aliment\u00edcia. A For\u00e7a T\u00e1tica do 9\u00ba BPM cumpriu o mandado de pris\u00e3o civil na zona Norte da cidade, por volta das 10h. \n\n\ud83d\udcf2 Leia a mat\u00e9ria completa em diariodegarca.com\n\n#Pris\u00e3oCivil #Pens\u00e3oAliment\u00edcia #Di\u00e1riodeGar\u00e7a #Mar\u00edlia","jetpack_publicize_feature_enabled":true,"jetpack_social_post_already_shared":false,"jetpack_social_options":{"image_generator_settings":{"template":"fullscreen","default_image_id":0,"font":"","enabled":false},"version":2},"_wpas_customize_per_network":false,"jetpack_post_was_ever_published":false},"categories":[683453294,21243],"tags":[],"class_list":["post-9848","post","type-post","status-publish","format-standard","has-post-thumbnail","hentry","category-marilia-cidade","category-seguranca"],"jetpack_publicize_connections":[],"jetpack_featured_media_url":"https:\/\/i0.wp.com\/diariodegarca.com\/wp-content\/uploads\/2026\/01\/policia-militar-1-e1767790776989.jpg?fit=954%2C568&ssl=1","jetpack_likes_enabled":true,"jetpack_sharing_enabled":true,"jetpack_shortlink":"https:\/\/wp.me\/pgitne-2yQ","jetpack-related-posts":[{"id":5034,"url":"https:\/\/diariodegarca.com\/?p=5034","url_meta":{"origin":9848,"position":0},"title":"PM prende suspeitos de sequestro, tr\u00e1fico e cumpre mandados em Mar\u00edlia, Tup\u00e3 e Pomp\u00e9ia","author":"Di\u00e1rio de Gar\u00e7a","date":"25 de julho de 2025","format":false,"excerpt":"Opera\u00e7\u00f5es do 9\u00ba BPM\/I resultaram em pris\u00f5es, apreens\u00e3o de armas e drogas em diferentes cidades da regi\u00e3o. A seguran\u00e7a p\u00fablica na regi\u00e3o de Mar\u00edlia esteve movimentada nesta semana, com a\u00e7\u00f5es policiais que resultaram na pris\u00e3o de criminosos envolvidos em crimes graves, como sequestro, tr\u00e1fico de drogas e posse ilegal de\u2026","rel":"","context":"Em &quot;Mar\u00edlia&quot;","block_context":{"text":"Mar\u00edlia","link":"https:\/\/diariodegarca.com\/?cat=683453294"},"img":{"alt_text":"","src":"https:\/\/i0.wp.com\/diariodegarca.com\/wp-content\/uploads\/2025\/07\/whatsapp-image-2025-07-25-at-15.40.53.jpeg?fit=1200%2C987&ssl=1&resize=350%2C200","width":350,"height":200,"srcset":"https:\/\/i0.wp.com\/diariodegarca.com\/wp-content\/uploads\/2025\/07\/whatsapp-image-2025-07-25-at-15.40.53.jpeg?fit=1200%2C987&ssl=1&resize=350%2C200 1x, https:\/\/i0.wp.com\/diariodegarca.com\/wp-content\/uploads\/2025\/07\/whatsapp-image-2025-07-25-at-15.40.53.jpeg?fit=1200%2C987&ssl=1&resize=525%2C300 1.5x, https:\/\/i0.wp.com\/diariodegarca.com\/wp-content\/uploads\/2025\/07\/whatsapp-image-2025-07-25-at-15.40.53.jpeg?fit=1200%2C987&ssl=1&resize=700%2C400 2x, https:\/\/i0.wp.com\/diariodegarca.com\/wp-content\/uploads\/2025\/07\/whatsapp-image-2025-07-25-at-15.40.53.jpeg?fit=1200%2C987&ssl=1&resize=1050%2C600 3x"},"classes":[]},{"id":2647,"url":"https:\/\/diariodegarca.com\/?p=2647","url_meta":{"origin":9848,"position":1},"title":"Homem \u00e9 preso em Mar\u00edlia para cumprir pena por tr\u00e1fico de drogas","author":"Di\u00e1rio de Gar\u00e7a","date":"11 de mar\u00e7o de 2025","format":false,"excerpt":"Imagem meramente ilustrativa (cr\u00e9ditos da imagem\u00a09BPMI) Na segunda-feira, dia 10 de mar\u00e7o, por volta das 19h50, equipes da For\u00e7a T\u00e1tica do 9\u00ba Batalh\u00e3o de Pol\u00edcia Militar do Interior prenderam um homem na zona norte de Mar\u00edlia.\u00a0A abordagem ocorreu durante patrulhamento de rotina, e, ao consultar os dados do indiv\u00edduo no\u2026","rel":"","context":"Em &quot;Brasil&quot;","block_context":{"text":"Brasil","link":"https:\/\/diariodegarca.com\/?cat=38185"},"img":{"alt_text":"","src":"","width":0,"height":0},"classes":[]},{"id":3022,"url":"https:\/\/diariodegarca.com\/?p=3022","url_meta":{"origin":9848,"position":2},"title":"Pol\u00edcia prende suspeitos de homic\u00eddio e dupla com mandados em Mar\u00edlia","author":"Di\u00e1rio de Gar\u00e7a","date":"21 de maio de 2025","format":false,"excerpt":"O 9\u00ba Batalh\u00e3o de Pol\u00edcia Militar do Interior (9\u00ba BPM\/I) divulgou informa\u00e7\u00f5es de duas a\u00e7\u00f5es que aconteceram nos \u00faltimos dias na cidade de Mar\u00edlia. Captura de homem procurado por homic\u00eddio na zona norte da cidade Na noite de segunda-feira, dia 19 de maio, por volta das 23h, equipes de Radiopatrulhamento\u2026","rel":"","context":"Em &quot;Mar\u00edlia&quot;","block_context":{"text":"Mar\u00edlia","link":"https:\/\/diariodegarca.com\/?cat=683453294"},"img":{"alt_text":"","src":"https:\/\/i0.wp.com\/diariodegarca.com\/wp-content\/uploads\/2025\/05\/500084858_18302219050246526_4028368060180630968_n-e1760650460275.webp?fit=1080%2C704&ssl=1&resize=350%2C200","width":350,"height":200,"srcset":"https:\/\/i0.wp.com\/diariodegarca.com\/wp-content\/uploads\/2025\/05\/500084858_18302219050246526_4028368060180630968_n-e1760650460275.webp?fit=1080%2C704&ssl=1&resize=350%2C200 1x, https:\/\/i0.wp.com\/diariodegarca.com\/wp-content\/uploads\/2025\/05\/500084858_18302219050246526_4028368060180630968_n-e1760650460275.webp?fit=1080%2C704&ssl=1&resize=525%2C300 1.5x, https:\/\/i0.wp.com\/diariodegarca.com\/wp-content\/uploads\/2025\/05\/500084858_18302219050246526_4028368060180630968_n-e1760650460275.webp?fit=1080%2C704&ssl=1&resize=700%2C400 2x, https:\/\/i0.wp.com\/diariodegarca.com\/wp-content\/uploads\/2025\/05\/500084858_18302219050246526_4028368060180630968_n-e1760650460275.webp?fit=1080%2C704&ssl=1&resize=1050%2C600 3x"},"classes":[]},{"id":4970,"url":"https:\/\/diariodegarca.com\/?p=4970","url_meta":{"origin":9848,"position":3},"title":"PM: A\u00e7\u00f5es em Gar\u00e7a, Mar\u00edlia, Tup\u00e3 e G\u00e1lia levam a pris\u00f5es","author":"Di\u00e1rio de Gar\u00e7a","date":"24 de julho de 2025","format":false,"excerpt":"Ao todo foram presas 8 pessoas por estupro, tr\u00e1fico e roubo em quatro cidades do interior Em uma s\u00e9rie de opera\u00e7\u00f5es realizadas entre os dias 23 e 24 de julho, o 9\u00ba Batalh\u00e3o de Pol\u00edcia Militar do Interior demonstrou efici\u00eancia no combate ao crime organizado na regi\u00e3o. As a\u00e7\u00f5es, que\u2026","rel":"","context":"Em &quot;Gar\u00e7a&quot;","block_context":{"text":"Gar\u00e7a","link":"https:\/\/diariodegarca.com\/?cat=781171664"},"img":{"alt_text":"","src":"https:\/\/i0.wp.com\/diariodegarca.com\/wp-content\/uploads\/2025\/07\/522381887_4217999475080153_2060988269710767919_n.heic?fit=640%2C640&ssl=1&resize=350%2C200","width":350,"height":200,"srcset":"https:\/\/i0.wp.com\/diariodegarca.com\/wp-content\/uploads\/2025\/07\/522381887_4217999475080153_2060988269710767919_n.heic?fit=640%2C640&ssl=1&resize=350%2C200 1x, https:\/\/i0.wp.com\/diariodegarca.com\/wp-content\/uploads\/2025\/07\/522381887_4217999475080153_2060988269710767919_n.heic?fit=640%2C640&ssl=1&resize=525%2C300 1.5x"},"classes":[]},{"id":2393,"url":"https:\/\/diariodegarca.com\/?p=2393","url_meta":{"origin":9848,"position":4},"title":"Homem \u00e9 preso por tr\u00e1fico de drogas em Oscar Bressane","author":"Di\u00e1rio de Gar\u00e7a","date":"11 de abril de 2025","format":false,"excerpt":"Na quinta-feira, dia 10 de abril, policiais militares do 9\u00ba Batalh\u00e3o do Interior prenderam um homem por tr\u00e1fico de drogas no munic\u00edpio de Oscar Bressane. A a\u00e7\u00e3o foi realizada por equipes de Radiopatrulhamento durante uma abordagem de rotina.Por volta das 16h, os militares avistaram o indiv\u00edduo, j\u00e1 conhecido por envolvimento\u2026","rel":"","context":"Em &quot;Brasil&quot;","block_context":{"text":"Brasil","link":"https:\/\/diariodegarca.com\/?cat=38185"},"img":{"alt_text":"","src":"https:\/\/i0.wp.com\/blogger.googleusercontent.com\/img\/b\/R29vZ2xl\/AVvXsEjWrfyTsFcWD9KRLRBSme-2qVj4SLFCzMFX_l0_VY3QuErSUcFKyza8M5hyphenhypheno6HwtP2YtLkM7LGB6qApuDwv49lxqShGC4AMkI0IrIKWciTFbhkY0CQfo7RtX6Adq8dclSj7L7EYohS-lYpahW_s2ZEacLWbe2TJbxG9W2rSU-_LLMNMgEWgSx56YD2j63U\/s320\/Nessa%20quinta-feira%20%2810%29%2C%20nossas%20equipes%20de%20Radiopatrulhamento%20prenderam%20um%20homem%20por%20tr%C3%A1fico%20de%20drogas%20na%20cidade%20de%20Oscar%20Bressane.Por%20volta%20das%2016h%2C%20os%20policiais%20avistaram%20o%20indiv%C3%ADduo%20conhecido%20pelo%20%281%29.webp?resize=350%2C200&ssl=1","width":350,"height":200},"classes":[]},{"id":8005,"url":"https:\/\/diariodegarca.com\/?p=8005","url_meta":{"origin":9848,"position":5},"title":"Dois foragidos da Justi\u00e7a s\u00e3o capturados em a\u00e7\u00f5es policiais em Mar\u00edlia","author":"Andreza Sega","date":"24 de outubro de 2025","format":false,"excerpt":"Opera\u00e7\u00f5es em bairros diferentes da cidade localizaram e prenderem os homens, que cumpriram mandados sem oferecer resist\u00eancia. A Pol\u00edcia Militar do 9\u00ba Batalh\u00e3o do Interior (9\u00ba BPM\/I) cumpriu dois mandados de pris\u00e3o e capturou dois foragidos da justi\u00e7a na \u00faltima ter\u00e7a-feira, 21 de outubro, em Mar\u00edlia. As a\u00e7\u00f5es, realizadas em\u2026","rel":"","context":"Em &quot;Mar\u00edlia&quot;","block_context":{"text":"Mar\u00edlia","link":"https:\/\/diariodegarca.com\/?cat=683453294"},"img":{"alt_text":"","src":"https:\/\/i0.wp.com\/diariodegarca.com\/wp-content\/uploads\/2025\/10\/SnapInsta.to_568571251_18321611263246526_1562077934256202749_n-e1761315786536.jpg?fit=1080%2C790&ssl=1&resize=350%2C200","width":350,"height":200,"srcset":"https:\/\/i0.wp.com\/diariodegarca.com\/wp-content\/uploads\/2025\/10\/SnapInsta.to_568571251_18321611263246526_1562077934256202749_n-e1761315786536.jpg?fit=1080%2C790&ssl=1&resize=350%2C200 1x, https:\/\/i0.wp.com\/diariodegarca.com\/wp-content\/uploads\/2025\/10\/SnapInsta.to_568571251_18321611263246526_1562077934256202749_n-e1761315786536.jpg?fit=1080%2C790&ssl=1&resize=525%2C300 1.5x, https:\/\/i0.wp.com\/diariodegarca.com\/wp-content\/uploads\/2025\/10\/SnapInsta.to_568571251_18321611263246526_1562077934256202749_n-e1761315786536.jpg?fit=1080%2C790&ssl=1&resize=700%2C400 2x, https:\/\/i0.wp.com\/diariodegarca.com\/wp-content\/uploads\/2025\/10\/SnapInsta.to_568571251_18321611263246526_1562077934256202749_n-e1761315786536.jpg?fit=1080%2C790&ssl=1&resize=1050%2C600 3x"},"classes":[]}],"_links":{"self":[{"href":"https:\/\/diariodegarca.com\/index.php?rest_route=\/wp\/v2\/posts\/9848","targetHints":{"allow":["GET"]}}],"collection":[{"href":"https:\/\/diariodegarca.com\/index.php?rest_route=\/wp\/v2\/posts"}],"about":[{"href":"https:\/\/diariodegarca.com\/index.php?rest_route=\/wp\/v2\/types\/post"}],"author":[{"embeddable":true,"href":"https:\/\/diariodegarca.com\/index.php?rest_route=\/wp\/v2\/users\/260896546"}],"replies":[{"embeddable":true,"href":"https:\/\/diariodegarca.com\/index.php?rest_route=%2Fwp%2Fv2%2Fcomments&post=9848"}],"version-history":[{"count":2,"href":"https:\/\/diariodegarca.com\/index.php?rest_route=\/wp\/v2\/posts\/9848\/revisions"}],"predecessor-version":[{"id":9851,"href":"https:\/\/diariodegarca.com\/index.php?rest_route=\/wp\/v2\/posts\/9848\/revisions\/9851"}],"wp:featuredmedia":[{"embeddable":true,"href":"https:\/\/diariodegarca.com\/index.php?rest_route=\/wp\/v2\/media\/9850"}],"wp:attachment":[{"href":"https:\/\/diariodegarca.com\/index.php?rest_route=%2Fwp%2Fv2%2Fmedia&parent=9848"}],"wp:term":[{"taxonomy":"category","embeddable":true,"href":"https:\/\/diariodegarca.com\/index.php?rest_route=%2Fwp%2Fv2%2Fcategories&post=9848"},{"taxonomy":"post_tag","embeddable":true,"href":"https:\/\/diariodegarca.com\/index.php?rest_route=%2Fwp%2Fv2%2Ftags&post=9848"}],"curies":[{"name":"wp","href":"https:\/\/api.w.org\/{rel}","templated":true}]}}