{"id":9852,"date":"2026-01-07T10:38:59","date_gmt":"2026-01-07T13:38:59","guid":{"rendered":"https:\/\/diariodegarca.com\/?p=9852"},"modified":"2026-01-07T10:38:59","modified_gmt":"2026-01-07T13:38:59","slug":"anvisa-proibe-venda-de-lotes-de-formulas-infantis-da-nestle-apos-deteccao-de-toxina-perigosa","status":"publish","type":"post","link":"https:\/\/diariodegarca.com\/?p=9852","title":{"rendered":"Anvisa pro\u00edbe venda de lotes de f\u00f3rmulas infantis da Nestl\u00e9 ap\u00f3s detec\u00e7\u00e3o de toxina perigosa"},"content":{"rendered":"\n<p class=\"wp-block-paragraph\">Medida preventiva atinge lotes espec\u00edficos de 7 marcas; contamina\u00e7\u00e3o por cereulide, ligada a bact\u00e9ria, pode causar v\u00f4mitos persistentes, diarreia e letargia em crian\u00e7as. Fabricante iniciou recall global.<\/p>\n\n\n\n<p class=\"wp-block-paragraph\">A Ag\u00eancia Nacional de Vigil\u00e2ncia Sanit\u00e1ria (Anvisa) determinou, nesta quarta-feira, 7 de janeiro, a proibi\u00e7\u00e3o da comercializa\u00e7\u00e3o, distribui\u00e7\u00e3o e uso <strong>de lotes espec\u00edficos<\/strong> de f\u00f3rmulas infantis da Nestl\u00e9 Brasil Ltda. A resolu\u00e7\u00e3o (RDC 32\/2026), publicada no Di\u00e1rio Oficial da Uni\u00e3o, \u00e9 uma medida preventiva devido ao risco de contamina\u00e7\u00e3o por uma toxina que pode causar graves problemas de sa\u00fade em crian\u00e7as.<\/p>\n\n\n\n<p class=\"wp-block-paragraph\">A decis\u00e3o ocorre ap\u00f3s a pr\u00f3pria fabricante notificar a ag\u00eancia sobre um&nbsp;<strong>recolhimento volunt\u00e1rio global<\/strong>, iniciado porque testes detectaram a presen\u00e7a de&nbsp;<strong>cereulide<\/strong>&nbsp;em produtos originados de uma f\u00e1brica na Holanda. A cereulide \u00e9 uma toxina produzida pela bact\u00e9ria&nbsp;<em>Bacillus cereus<\/em>. O consumo de alimentos contaminados por essa subst\u00e2ncia pode levar a sintomas como&nbsp;<strong>v\u00f4mito persistente, diarreia ou letargia<\/strong>&nbsp;\u2013 esta \u00faltima caracterizada por sonol\u00eancia excessiva, lentid\u00e3o de movimentos e racioc\u00ednio, e incapacidade de reagir e expressar emo\u00e7\u00f5es.<\/p>\n\n\n\n<p class=\"wp-block-paragraph\">De acordo com a Anvisa e o comunicado da empresa, a contamina\u00e7\u00e3o foi rastreada at\u00e9 um&nbsp;<strong>ingrediente fornecido por um terceiro global de \u00f3leos<\/strong>, o que motivou a a\u00e7\u00e3o mundial. A empresa Nestl\u00e9 Brasil Ltda. (CNPJ 60.409.075\/0001-52) j\u00e1 deu in\u00edcio ao procedimento de recolhimento no pa\u00eds.<\/p>\n\n\n\n<h3 class=\"wp-block-heading\">Produtos e lotes atingidos pela proibi\u00e7\u00e3o<\/h3>\n\n\n\n<p class=\"wp-block-paragraph\">A proibi\u00e7\u00e3o e o recall abrangem\u00a0<strong>lotes espec\u00edficos<\/strong>\u00a0das seguintes marcas e produtos. A Anvisa ressalta que apenas os lotes listados est\u00e3o sob suspeita; os demais das mesmas marcas n\u00e3o foram afetados. <\/p>\n\n\n\n<p class=\"wp-block-paragraph\">Confira a lista completa conforme a Resolu\u00e7\u00e3o e o comunicado da empresa:<\/p>\n\n\n\n<ol start=\"1\" class=\"wp-block-list\">\n<li><strong>Nestogeno 0 &#8211; 6 Meses<\/strong>\u00a0(800g): lotes 5341046041, 5342046041, 5343046041, 5344046041.<\/li>\n\n\n\n<li><strong>Nan Supreme Pro 0-6 Meses<\/strong>\u00a0(400g): lotes 5321046041, 5321046043. (800g): lotes 5319046041, 5320046041, 5321046041.<\/li>\n\n\n\n<li><strong>Nan Supreme Pro 6-12 Meses<\/strong>\u00a0(800g): lotes 5324046041, 5325046041, 5326046041.<\/li>\n\n\n\n<li><strong>Nanlac Supreme Pro 1 a 3 Anos<\/strong>\u00a0(800g): lotes 5301046041, 5302046041, 5338046041, 5339046041, 5340046041.<\/li>\n\n\n\n<li><strong>Nanlac Comfor 1 a 3 Anos<\/strong>\u00a0(1,6kg): lotes 53360460V4, 53370460V1, 53380460V1, 53390460V1, 53390460V2, 53430460V2. (800g): lotes 5327046041, 5327046043, 5328046041, 5336046041, 5337046041, 5338046041.<\/li>\n\n\n\n<li><strong>Nan Science Pro Sensitive<\/strong>\u00a0(800g): lote 5323046041.<\/li>\n\n\n\n<li><strong>Alfamino<\/strong>\u00a0(400g): lotes 51060017Y1, 51540017Y1, 52720017Y2.<\/li>\n<\/ol>\n\n\n\n<figure class=\"wp-block-image size-large\"><img data-recalc-dims=\"1\" loading=\"lazy\" decoding=\"async\" width=\"800\" height=\"800\" data-attachment-id=\"9854\" data-permalink=\"https:\/\/diariodegarca.com\/?attachment_id=9854\" data-orig-file=\"https:\/\/i0.wp.com\/diariodegarca.com\/wp-content\/uploads\/2026\/01\/lotes-para-serem-recolhidos-no-brasil.jpeg?fit=1179%2C1180&amp;ssl=1\" data-orig-size=\"1179,1180\" data-comments-opened=\"1\" data-image-meta=\"{&quot;aperture&quot;:&quot;0&quot;,&quot;credit&quot;:&quot;&quot;,&quot;camera&quot;:&quot;&quot;,&quot;caption&quot;:&quot;&quot;,&quot;created_timestamp&quot;:&quot;0&quot;,&quot;copyright&quot;:&quot;&quot;,&quot;focal_length&quot;:&quot;0&quot;,&quot;iso&quot;:&quot;0&quot;,&quot;shutter_speed&quot;:&quot;0&quot;,&quot;title&quot;:&quot;&quot;,&quot;orientation&quot;:&quot;0&quot;}\" data-image-title=\"lotes para serem recolhidos no brasil\" data-image-description=\"\" data-image-caption=\"\" data-large-file=\"https:\/\/i0.wp.com\/diariodegarca.com\/wp-content\/uploads\/2026\/01\/lotes-para-serem-recolhidos-no-brasil.jpeg?fit=800%2C800&amp;ssl=1\" src=\"https:\/\/i0.wp.com\/diariodegarca.com\/wp-content\/uploads\/2026\/01\/lotes-para-serem-recolhidos-no-brasil.jpeg?resize=800%2C800&#038;ssl=1\" alt=\"Tabela com informa\u00e7\u00f5es de produtos Nestogeno e Nan Supreme Pro, incluindo lote e validade.\" class=\"wp-image-9854\" srcset=\"https:\/\/i0.wp.com\/diariodegarca.com\/wp-content\/uploads\/2026\/01\/lotes-para-serem-recolhidos-no-brasil.jpeg?resize=1024%2C1024&amp;ssl=1 1024w, https:\/\/i0.wp.com\/diariodegarca.com\/wp-content\/uploads\/2026\/01\/lotes-para-serem-recolhidos-no-brasil.jpeg?resize=300%2C300&amp;ssl=1 300w, https:\/\/i0.wp.com\/diariodegarca.com\/wp-content\/uploads\/2026\/01\/lotes-para-serem-recolhidos-no-brasil.jpeg?resize=150%2C150&amp;ssl=1 150w, https:\/\/i0.wp.com\/diariodegarca.com\/wp-content\/uploads\/2026\/01\/lotes-para-serem-recolhidos-no-brasil.jpeg?resize=768%2C769&amp;ssl=1 768w, https:\/\/i0.wp.com\/diariodegarca.com\/wp-content\/uploads\/2026\/01\/lotes-para-serem-recolhidos-no-brasil.jpeg?w=1179&amp;ssl=1 1179w\" sizes=\"auto, (max-width: 800px) 100vw, 800px\" \/><\/figure>\n\n\n\n<figure class=\"wp-block-image size-full\"><img data-recalc-dims=\"1\" loading=\"lazy\" decoding=\"async\" width=\"773\" height=\"1015\" data-attachment-id=\"9855\" data-permalink=\"https:\/\/diariodegarca.com\/?attachment_id=9855\" data-orig-file=\"https:\/\/i0.wp.com\/diariodegarca.com\/wp-content\/uploads\/2026\/01\/lotes-para-serem-recolhidos-no-brasil-2.jpeg?fit=773%2C1015&amp;ssl=1\" data-orig-size=\"773,1015\" data-comments-opened=\"1\" data-image-meta=\"{&quot;aperture&quot;:&quot;0&quot;,&quot;credit&quot;:&quot;&quot;,&quot;camera&quot;:&quot;&quot;,&quot;caption&quot;:&quot;&quot;,&quot;created_timestamp&quot;:&quot;0&quot;,&quot;copyright&quot;:&quot;&quot;,&quot;focal_length&quot;:&quot;0&quot;,&quot;iso&quot;:&quot;0&quot;,&quot;shutter_speed&quot;:&quot;0&quot;,&quot;title&quot;:&quot;&quot;,&quot;orientation&quot;:&quot;0&quot;}\" data-image-title=\"lotes para serem recolhidos no brasil 2\" data-image-description=\"\" data-image-caption=\"\" data-large-file=\"https:\/\/i0.wp.com\/diariodegarca.com\/wp-content\/uploads\/2026\/01\/lotes-para-serem-recolhidos-no-brasil-2.jpeg?fit=773%2C1015&amp;ssl=1\" src=\"https:\/\/i0.wp.com\/diariodegarca.com\/wp-content\/uploads\/2026\/01\/lotes-para-serem-recolhidos-no-brasil-2.jpeg?resize=773%2C1015&#038;ssl=1\" alt=\"Tabela de lotes e validade de f\u00f3rmulas infantis da Nestl\u00e9, incluindo produtos como Nanlac Supreme Pro, Nanlac Comfort, Nan Science Pro Sensitive e Alfamino.\" class=\"wp-image-9855\" srcset=\"https:\/\/i0.wp.com\/diariodegarca.com\/wp-content\/uploads\/2026\/01\/lotes-para-serem-recolhidos-no-brasil-2.jpeg?w=773&amp;ssl=1 773w, https:\/\/i0.wp.com\/diariodegarca.com\/wp-content\/uploads\/2026\/01\/lotes-para-serem-recolhidos-no-brasil-2.jpeg?resize=228%2C300&amp;ssl=1 228w, https:\/\/i0.wp.com\/diariodegarca.com\/wp-content\/uploads\/2026\/01\/lotes-para-serem-recolhidos-no-brasil-2.jpeg?resize=768%2C1008&amp;ssl=1 768w\" sizes=\"auto, (max-width: 773px) 100vw, 773px\" \/><\/figure>\n\n\n\n<p class=\"wp-block-paragraph\">A \u00edntegra da&nbsp;<strong>Resolu\u00e7\u00e3o-RE n\u00ba 32\/2026<\/strong>&nbsp;pode ser acessada&nbsp;<a href=\"https:\/\/pesquisa.in.gov.br\/imprensa\/jsp\/visualiza\/index.jsp?data=07\/01\/2026&amp;jornal=515&amp;pagina=461&amp;totalArquivos=467\" target=\"_blank\" rel=\"noreferrer noopener\">aqui<\/a>.<\/p>\n\n\n\n<h3 class=\"wp-block-heading\">Orienta\u00e7\u00f5es para pais e respons\u00e1veis<\/h3>\n\n\n\n<p class=\"wp-block-paragraph\">A Anvisa e a empresa orientam os consumidores a tomarem as seguintes provid\u00eancias:<\/p>\n\n\n\n<ul class=\"wp-block-list\">\n<li><strong>Verifica\u00e7\u00e3o do Lote:<\/strong>\u00a0Confira o n\u00famero do lote, impresso no r\u00f3tulo da lata ou embalagem.<\/li>\n\n\n\n<li><strong>Se for um lote listado:<\/strong>\u00a0<strong>N\u00e3o utilize e n\u00e3o ofere\u00e7a<\/strong>\u00a0o produto \u00e0 crian\u00e7a. Interrompa o consumo imediatamente.<\/li>\n\n\n\n<li><strong>Contato com a Empresa:<\/strong>\u00a0Para informa\u00e7\u00f5es sobre troca, devolu\u00e7\u00e3o ou reembolso, entre em contato diretamente com o\u00a0<strong>Servi\u00e7o de Atendimento ao Consumidor (SAC)<\/strong>\u00a0da Nestl\u00e9, cujo n\u00famero est\u00e1 na embalagem.<\/li>\n\n\n\n<li><strong>Em caso de sintomas:<\/strong>\u00a0Se a crian\u00e7a apresentar\u00a0<strong>v\u00f4mito persistente, diarreia ou letargia<\/strong>\u00a0ap\u00f3s consumir um produto dos lotes afetados, procure\u00a0<strong>atendimento m\u00e9dico imediatamente<\/strong>. \u00c9 importante informar ao m\u00e9dico qual alimento foi consumido e, se poss\u00edvel, levar uma amostra ou a embalagem para identifica\u00e7\u00e3o.<\/li>\n<\/ul>\n\n\n\n<h3 class=\"wp-block-heading\">Contexto e uso seguro de f\u00f3rmulas infantis<\/h3>\n\n\n\n<p class=\"wp-block-paragraph\">Este incidente refor\u00e7a a import\u00e2ncia do monitoramento e da notifica\u00e7\u00e3o de eventos adversos relacionados a alimentos. A Anvisa mant\u00e9m um portal com orienta\u00e7\u00f5es sobre o&nbsp;<strong>uso seguro de f\u00f3rmulas infantis<\/strong>, lembrando que esses produtos devem ser usados&nbsp;<strong>sob orienta\u00e7\u00e3o de um profissional de sa\u00fade<\/strong>&nbsp;(pediatra ou nutricionista) e que o&nbsp;<strong>aleitamento materno<\/strong>&nbsp;\u00e9 recomendado exclusivamente at\u00e9 os seis meses de vida.<\/p>\n\n\n\n<p class=\"wp-block-paragraph\">Orientam-se ainda a correta higieniza\u00e7\u00e3o dos utens\u00edlios e o preparo na temperatura adequada (70\u00b0C) para minimizar riscos microbiol\u00f3gicos. Para verificar se uma f\u00f3rmula infantil possui&nbsp;<strong>registro regular na Anvisa<\/strong>, os consumidores podem consultar a base de dados em&nbsp;<a href=\"https:\/\/consultas.anvisa.gov.br\/#\/alimentos\/\" target=\"_blank\" rel=\"noreferrer noopener\">consultas.anvisa.gov.br<\/a>.<\/p>\n\n\n\n<p class=\"wp-block-paragraph\">Suspeitas de eventos adversos relacionados a alimentos industrializados podem e devem ser notificadas \u00e0 Anvisa por qualquer cidad\u00e3o atrav\u00e9s do&nbsp;<a href=\"https:\/\/pesquisa.anvisa.gov.br\/index.php\/368782?lang=pt-BR\" target=\"_blank\" rel=\"noreferrer noopener\">Formul\u00e1rio de Notifica\u00e7\u00e3o<\/a>. Mais informa\u00e7\u00f5es sobre o tema est\u00e3o dispon\u00edveis no comunicado &#8220;<a href=\"https:\/\/www.gov.br\/anvisa\/pt-br\/assuntos\/noticias-anvisa\/2024\/anvisa-orienta-sobre-uso-seguro-de-formulas-infantis\" target=\"_blank\" rel=\"noreferrer noopener\">Anvisa orienta sobre uso seguro de f\u00f3rmulas infantis<\/a>&#8220;.<\/p>\n","protected":false},"excerpt":{"rendered":"<p>Medida preventiva atinge lotes espec\u00edficos de 7 marcas; contamina\u00e7\u00e3o por cereulide, ligada a bact\u00e9ria, pode causar v\u00f4mitos persistentes, diarreia e letargia em crian\u00e7as. Fabricante iniciou recall global. A Ag\u00eancia Nacional de Vigil\u00e2ncia Sanit\u00e1ria (Anvisa) determinou, nesta quarta-feira, 7 de janeiro, a proibi\u00e7\u00e3o da comercializa\u00e7\u00e3o, distribui\u00e7\u00e3o e uso de lotes espec\u00edficos de f\u00f3rmulas infantis da Nestl\u00e9 [&hellip;]<\/p>\n","protected":false},"author":260896546,"featured_media":9857,"comment_status":"open","ping_status":"open","sticky":false,"template":"","format":"standard","meta":{"_crdt_document":"","_monsterinsights_skip_tracking":false,"_monsterinsights_sitenote_active":false,"_monsterinsights_sitenote_note":"","_monsterinsights_sitenote_category":0,"advanced_seo_description":"Anvisa pro\u00edbe lotes de f\u00f3rmulas infantis da Nestl\u00e9 devido \u00e0 contamina\u00e7\u00e3o por cereulide. Confira os produtos afetados e orienta\u00e7\u00f5es importantes.","jetpack_seo_html_title":"Nestl\u00e9 inicia recall global de f\u00f3rmulas infantis devido a contamina\u00e7\u00e3o","jetpack_seo_noindex":false,"_jetpack_newsletter_access":"","_jetpack_dont_email_post_to_subs":false,"_jetpack_newsletter_tier_id":0,"_jetpack_memberships_contains_paywalled_content":false,"_jetpack_memberships_contains_paid_content":false,"footnotes":"","jetpack_publicize_message":"A Anvisa acaba de proibir a venda e o uso de lotes espec\u00edficos de f\u00f3rmulas infantis da Nestl\u00e9 (incluindo Nestogeno, Nan Supreme, Alfamino e outras). A medida \u00e9 preventiva devido ao risco de contamina\u00e7\u00e3o por uma toxina que pode causar v\u00f4mitos persistentes, diarreia e sonol\u00eancia extrema em crian\u00e7as.\n\nPara saber todos os detalhes, conferir os lotes, a lista completa de produtos e outras informa\u00e7\u00f5es, acesse a mat\u00e9ria completa no Di\u00e1rio de Gar\u00e7a.\n\nLeia mais em: diariodegarca.com\n\n#Anvisa #Recall #FormulaInfantil #SaudeInfantil #Alerta #Nestl\u00e9 #VigilanciaSanitaria #DiarioDeGarca","jetpack_publicize_feature_enabled":true,"jetpack_social_post_already_shared":false,"jetpack_social_options":{"image_generator_settings":{"template":"fullscreen","default_image_id":0,"font":"","enabled":false},"version":2},"_wpas_customize_per_network":false,"jetpack_post_was_ever_published":false},"categories":[38185,1192752],"tags":[],"class_list":["post-9852","post","type-post","status-publish","format-standard","has-post-thumbnail","hentry","category-brasil","category-fiscalizacao"],"jetpack_publicize_connections":[],"jetpack_featured_media_url":"https:\/\/i0.wp.com\/diariodegarca.com\/wp-content\/uploads\/2026\/01\/FORMULAS-RECOLHIMENTO-DE-LOTES-NESTLE.png?fit=1536%2C1024&ssl=1","jetpack_likes_enabled":true,"jetpack_sharing_enabled":true,"jetpack_shortlink":"https:\/\/wp.me\/pgitne-2yU","jetpack-related-posts":[{"id":9161,"url":"https:\/\/diariodegarca.com\/?p=9161","url_meta":{"origin":9852,"position":0},"title":"Anvisa recolhe lotes de sab\u00e3o Yp\u00ea contaminados e outros produtos irregulares","author":"Andreza Sega","date":"27 de novembro de 2025","format":false,"excerpt":"Medidas publicadas no Di\u00e1rio Oficial da Uni\u00e3o tamb\u00e9m incluem apreens\u00e3o de \u00f3leo de avestruz falsificado, suplemento com babosa, cosm\u00e9tico irregular e pro\u00edbe falsifica\u00e7\u00e3o de toxina botul\u00ednica. Confira a lista completa dos itens afetados. A Ag\u00eancia Nacional de Vigil\u00e2ncia Sanit\u00e1ria (Anvisa) publicou no Di\u00e1rio Oficial da Uni\u00e3o (DOU) uma s\u00e9rie de\u2026","rel":"","context":"Em &quot;Fiscaliza\u00e7\u00e3o&quot;","block_context":{"text":"Fiscaliza\u00e7\u00e3o","link":"https:\/\/diariodegarca.com\/?cat=1192752"},"img":{"alt_text":"","src":"https:\/\/i0.wp.com\/diariodegarca.com\/wp-content\/uploads\/2025\/11\/Ype.jpg?fit=1200%2C675&ssl=1&resize=350%2C200","width":350,"height":200,"srcset":"https:\/\/i0.wp.com\/diariodegarca.com\/wp-content\/uploads\/2025\/11\/Ype.jpg?fit=1200%2C675&ssl=1&resize=350%2C200 1x, https:\/\/i0.wp.com\/diariodegarca.com\/wp-content\/uploads\/2025\/11\/Ype.jpg?fit=1200%2C675&ssl=1&resize=525%2C300 1.5x, https:\/\/i0.wp.com\/diariodegarca.com\/wp-content\/uploads\/2025\/11\/Ype.jpg?fit=1200%2C675&ssl=1&resize=700%2C400 2x, https:\/\/i0.wp.com\/diariodegarca.com\/wp-content\/uploads\/2025\/11\/Ype.jpg?fit=1200%2C675&ssl=1&resize=1050%2C600 3x"},"classes":[]},{"id":3758,"url":"https:\/\/diariodegarca.com\/?p=3758","url_meta":{"origin":9852,"position":1},"title":"Anvisa recolhe lote de whey protein da Piracanjuba por contamina\u00e7\u00e3o bacteriana","author":"Di\u00e1rio de Gar\u00e7a","date":"6 de junho de 2025","format":false,"excerpt":"Suplemento apresentou n\u00edveis acima do permitido de\u00a0Staphylococcus aureus,\u00a0bact\u00e9ria que pode causar intoxica\u00e7\u00e3o alimentar A Ag\u00eancia Nacional de Vigil\u00e2ncia Sanit\u00e1ria (Anvisa) determinou, na quinta-feira, dia 7 de junho, o recolhimento do lote 23224 do\u00a0Whey Protein Suplemento Alimentar em P\u00f3, sabor chocolate, da marca\u00a0Piracanjuba. A medida foi tomada ap\u00f3s an\u00e1lise do Laborat\u00f3rio\u2026","rel":"","context":"Em &quot;Fiscaliza\u00e7\u00e3o&quot;","block_context":{"text":"Fiscaliza\u00e7\u00e3o","link":"https:\/\/diariodegarca.com\/?cat=1192752"},"img":{"alt_text":"","src":"","width":0,"height":0},"classes":[]},{"id":5933,"url":"https:\/\/diariodegarca.com\/?p=5933","url_meta":{"origin":9852,"position":2},"title":"Anvisa interdita lote falsificado de Botox e alerta para riscos \u00e0 sa\u00fade","author":"Di\u00e1rio de Gar\u00e7a","date":"22 de agosto de 2025","format":false,"excerpt":"Empresa Abbvie, detentora do registro do produto, n\u00e3o reconhece a autenticidade do lote C675C03. Ag\u00eancia determina apreens\u00e3o e pro\u00edbe comercializa\u00e7\u00e3o, distribui\u00e7\u00e3o e uso. A Ag\u00eancia Nacional de Vigil\u00e2ncia Sanit\u00e1ria (Anvisa) emitiu uma resolu\u00e7\u00e3o determinando a apreens\u00e3o e a proibi\u00e7\u00e3o imediata da comercializa\u00e7\u00e3o, distribui\u00e7\u00e3o e uso de um lote falsificado da\u2026","rel":"","context":"Em &quot;Brasil&quot;","block_context":{"text":"Brasil","link":"https:\/\/diariodegarca.com\/?cat=38185"},"img":{"alt_text":"","src":"https:\/\/i0.wp.com\/diariodegarca.com\/wp-content\/uploads\/2025\/08\/mulher-com-rosto-marcado-recebendo-injecao-de-botox.jpg?fit=1200%2C800&ssl=1&resize=350%2C200","width":350,"height":200,"srcset":"https:\/\/i0.wp.com\/diariodegarca.com\/wp-content\/uploads\/2025\/08\/mulher-com-rosto-marcado-recebendo-injecao-de-botox.jpg?fit=1200%2C800&ssl=1&resize=350%2C200 1x, https:\/\/i0.wp.com\/diariodegarca.com\/wp-content\/uploads\/2025\/08\/mulher-com-rosto-marcado-recebendo-injecao-de-botox.jpg?fit=1200%2C800&ssl=1&resize=525%2C300 1.5x, https:\/\/i0.wp.com\/diariodegarca.com\/wp-content\/uploads\/2025\/08\/mulher-com-rosto-marcado-recebendo-injecao-de-botox.jpg?fit=1200%2C800&ssl=1&resize=700%2C400 2x, https:\/\/i0.wp.com\/diariodegarca.com\/wp-content\/uploads\/2025\/08\/mulher-com-rosto-marcado-recebendo-injecao-de-botox.jpg?fit=1200%2C800&ssl=1&resize=1050%2C600 3x"},"classes":[]},{"id":7371,"url":"https:\/\/diariodegarca.com\/?p=7371","url_meta":{"origin":9852,"position":3},"title":"Fiscaliza\u00e7\u00e3o determina recolhimento de queijo, suplemento, produtos de beleza e limpeza","author":"Andreza Sega","date":"2 de outubro de 2025","format":false,"excerpt":"Anvisa tomou medidas para recolher Queijo Minas Artesanal por contamina\u00e7\u00e3o e apreendeu suplemento bari\u00e1trico sem registro. Tamb\u00e9m foram determinadas suspens\u00f5es e recolhimentos de cosm\u00e9ticos e detergente irregulares.","rel":"","context":"Em &quot;Fiscaliza\u00e7\u00e3o&quot;","block_context":{"text":"Fiscaliza\u00e7\u00e3o","link":"https:\/\/diariodegarca.com\/?cat=1192752"},"img":{"alt_text":"","src":"https:\/\/i0.wp.com\/diariodegarca.com\/wp-content\/uploads\/2025\/10\/close-up-de-fresco-espanhol-manchego-queijo-e1759413628617.jpg?fit=1140%2C1200&ssl=1&resize=350%2C200","width":350,"height":200,"srcset":"https:\/\/i0.wp.com\/diariodegarca.com\/wp-content\/uploads\/2025\/10\/close-up-de-fresco-espanhol-manchego-queijo-e1759413628617.jpg?fit=1140%2C1200&ssl=1&resize=350%2C200 1x, https:\/\/i0.wp.com\/diariodegarca.com\/wp-content\/uploads\/2025\/10\/close-up-de-fresco-espanhol-manchego-queijo-e1759413628617.jpg?fit=1140%2C1200&ssl=1&resize=525%2C300 1.5x, https:\/\/i0.wp.com\/diariodegarca.com\/wp-content\/uploads\/2025\/10\/close-up-de-fresco-espanhol-manchego-queijo-e1759413628617.jpg?fit=1140%2C1200&ssl=1&resize=700%2C400 2x, https:\/\/i0.wp.com\/diariodegarca.com\/wp-content\/uploads\/2025\/10\/close-up-de-fresco-espanhol-manchego-queijo-e1759413628617.jpg?fit=1140%2C1200&ssl=1&resize=1050%2C600 3x"},"classes":[]},{"id":5320,"url":"https:\/\/diariodegarca.com\/?p=5320","url_meta":{"origin":9852,"position":4},"title":"Anvisa pro\u00edbe Glicowatch, suplementos e lotes de toxina botul\u00ednica por irregularidades e riscos \u00e0 sa\u00fade","author":"Di\u00e1rio de Gar\u00e7a","date":"5 de agosto de 2025","format":false,"excerpt":"Decis\u00f5es da Ag\u00eancia incluem apreens\u00e3o de produtos sem registro, falsificados ou sem comprova\u00e7\u00e3o de efic\u00e1cia; consumidores devem ficar atentos e denunciar irregularidades. Glicowatch: rel\u00f3gio para diabetes \u00e9 proibido por falta de registro e efic\u00e1cia n\u00e3o comprovada A Ag\u00eancia Nacional de Vigil\u00e2ncia Sanit\u00e1ria (Anvisa) proibiu a comercializa\u00e7\u00e3o, distribui\u00e7\u00e3o, importa\u00e7\u00e3o e propaganda\u2026","rel":"","context":"Em &quot;Fiscaliza\u00e7\u00e3o&quot;","block_context":{"text":"Fiscaliza\u00e7\u00e3o","link":"https:\/\/diariodegarca.com\/?cat=1192752"},"img":{"alt_text":"","src":"https:\/\/i0.wp.com\/diariodegarca.com\/wp-content\/uploads\/2025\/08\/i1037383.jpeg?fit=768%2C432&ssl=1&resize=350%2C200","width":350,"height":200,"srcset":"https:\/\/i0.wp.com\/diariodegarca.com\/wp-content\/uploads\/2025\/08\/i1037383.jpeg?fit=768%2C432&ssl=1&resize=350%2C200 1x, https:\/\/i0.wp.com\/diariodegarca.com\/wp-content\/uploads\/2025\/08\/i1037383.jpeg?fit=768%2C432&ssl=1&resize=525%2C300 1.5x, https:\/\/i0.wp.com\/diariodegarca.com\/wp-content\/uploads\/2025\/08\/i1037383.jpeg?fit=768%2C432&ssl=1&resize=700%2C400 2x"},"classes":[]},{"id":7100,"url":"https:\/\/diariodegarca.com\/?p=7100","url_meta":{"origin":9852,"position":5},"title":"Anvisa apreende caf\u00e9 com fragmentos de vidro e interdita f\u00e1brica de suplementos","author":"Di\u00e1rio de Gar\u00e7a","date":"24 de setembro de 2025","format":false,"excerpt":"Ag\u00eancia tamb\u00e9m alerta para lotes falsificados de medicamentos para c\u00e2ncer e produtos est\u00e9ticos, al\u00e9m de suplementos alimentares irregulares. Medidas foram publicadas no Di\u00e1rio Oficial da Uni\u00e3o entre os dias 17 e 23 de setembro. Uma s\u00e9rie de opera\u00e7\u00f5es da Ag\u00eancia Nacional de Vigil\u00e2ncia Sanit\u00e1ria (Anvisa) resultou na proibi\u00e7\u00e3o e apreens\u00e3o\u2026","rel":"","context":"Em &quot;Fiscaliza\u00e7\u00e3o&quot;","block_context":{"text":"Fiscaliza\u00e7\u00e3o","link":"https:\/\/diariodegarca.com\/?cat=1192752"},"img":{"alt_text":"","src":"https:\/\/i0.wp.com\/diariodegarca.com\/wp-content\/uploads\/2025\/09\/11-11-2020_sede_anvisa-3_0.webp?fit=1170%2C700&ssl=1&resize=350%2C200","width":350,"height":200,"srcset":"https:\/\/i0.wp.com\/diariodegarca.com\/wp-content\/uploads\/2025\/09\/11-11-2020_sede_anvisa-3_0.webp?fit=1170%2C700&ssl=1&resize=350%2C200 1x, https:\/\/i0.wp.com\/diariodegarca.com\/wp-content\/uploads\/2025\/09\/11-11-2020_sede_anvisa-3_0.webp?fit=1170%2C700&ssl=1&resize=525%2C300 1.5x, https:\/\/i0.wp.com\/diariodegarca.com\/wp-content\/uploads\/2025\/09\/11-11-2020_sede_anvisa-3_0.webp?fit=1170%2C700&ssl=1&resize=700%2C400 2x, https:\/\/i0.wp.com\/diariodegarca.com\/wp-content\/uploads\/2025\/09\/11-11-2020_sede_anvisa-3_0.webp?fit=1170%2C700&ssl=1&resize=1050%2C600 3x"},"classes":[]}],"_links":{"self":[{"href":"https:\/\/diariodegarca.com\/index.php?rest_route=\/wp\/v2\/posts\/9852","targetHints":{"allow":["GET"]}}],"collection":[{"href":"https:\/\/diariodegarca.com\/index.php?rest_route=\/wp\/v2\/posts"}],"about":[{"href":"https:\/\/diariodegarca.com\/index.php?rest_route=\/wp\/v2\/types\/post"}],"author":[{"embeddable":true,"href":"https:\/\/diariodegarca.com\/index.php?rest_route=\/wp\/v2\/users\/260896546"}],"replies":[{"embeddable":true,"href":"https:\/\/diariodegarca.com\/index.php?rest_route=%2Fwp%2Fv2%2Fcomments&post=9852"}],"version-history":[{"count":3,"href":"https:\/\/diariodegarca.com\/index.php?rest_route=\/wp\/v2\/posts\/9852\/revisions"}],"predecessor-version":[{"id":9858,"href":"https:\/\/diariodegarca.com\/index.php?rest_route=\/wp\/v2\/posts\/9852\/revisions\/9858"}],"wp:featuredmedia":[{"embeddable":true,"href":"https:\/\/diariodegarca.com\/index.php?rest_route=\/wp\/v2\/media\/9857"}],"wp:attachment":[{"href":"https:\/\/diariodegarca.com\/index.php?rest_route=%2Fwp%2Fv2%2Fmedia&parent=9852"}],"wp:term":[{"taxonomy":"category","embeddable":true,"href":"https:\/\/diariodegarca.com\/index.php?rest_route=%2Fwp%2Fv2%2Fcategories&post=9852"},{"taxonomy":"post_tag","embeddable":true,"href":"https:\/\/diariodegarca.com\/index.php?rest_route=%2Fwp%2Fv2%2Ftags&post=9852"}],"curies":[{"name":"wp","href":"https:\/\/api.w.org\/{rel}","templated":true}]}}