{"id":9876,"date":"2026-01-08T08:59:00","date_gmt":"2026-01-08T11:59:00","guid":{"rendered":"https:\/\/diariodegarca.com\/?p=9876"},"modified":"2026-01-07T15:45:11","modified_gmt":"2026-01-07T18:45:11","slug":"vereadores-e-entidades-de-garca-tem-ate-fevereiro-para-cumprir-novas-regras-de-emendas","status":"publish","type":"post","link":"https:\/\/diariodegarca.com\/?p=9876","title":{"rendered":"Vereadores e entidades de Gar\u00e7a t\u00eam at\u00e9 fevereiro para cumprir novas regras de emendas"},"content":{"rendered":"\n<p class=\"wp-block-paragraph\"><em>Decreto que estabelece prazos r\u00edgidos surge ap\u00f3s tentativa frustrada da base do prefeito de extinguir as emendas impositivas em 2025. Nova regra exige planejamento detalhado de cada projeto.<\/em><\/p>\n\n\n\n<p class=\"wp-block-paragraph\">Uma nova regra da Prefeitura de Gar\u00e7a, o\u00a0<strong><strong><a href=\"https:\/\/leismunicipais.com.br\/a1\/sp\/g\/garca\/decreto\/2025\/1049\/10489\/decreto-n-10489-2025-dispoe-sobre-os-procedimentos-e-prazos-para-analise-da-viabilidade-das-emendas-parlamentares-impositivas-do-legislativo-a-lei-orcamentaria-anual\" data-type=\"link\" data-id=\"https:\/\/leismunicipais.com.br\/a1\/sp\/g\/garca\/decreto\/2025\/1049\/10489\/decreto-n-10489-2025-dispoe-sobre-os-procedimentos-e-prazos-para-analise-da-viabilidade-das-emendas-parlamentares-impositivas-do-legislativo-a-lei-orcamentaria-anual\">Decreto n\u00ba 10.489\/2025<\/a><\/strong><\/strong>, imp\u00f5e um calend\u00e1rio apertado para vereadores e entidades que dependem das chamadas\u00a0<strong>emendas impositivas<\/strong>. A medida, que exige um &#8220;Plano de Trabalho&#8221; detalhado para cada projeto, chega em um cen\u00e1rio de disputa pol\u00edtica sobre o destino desses recursos.<\/p>\n\n\n\n<p class=\"wp-block-paragraph\">O decreto estabelece que, at\u00e9\u00a0<strong>27 de fevereiro de 2026<\/strong>, vereadores precisam entregar documentos minuciosos sobre seus projetos, e as entidades beneficiadas devem comprovar sua regularidade. A Prefeitura ter\u00e1 at\u00e9\u00a0<strong>30 de mar\u00e7o<\/strong>\u00a0para dizer se as propostas, a seu ver, s\u00e3o vi\u00e1veis.<\/p>\n\n\n\n<p class=\"wp-block-paragraph\"><strong>O pano de fundo: a disputa pol\u00edtica das emendas em 2025<\/strong><\/p>\n\n\n\n<p class=\"wp-block-paragraph\">Para entender a import\u00e2ncia do novo decreto, \u00e9 preciso voltar a 2025. Naquele ano,&nbsp;<strong>vereadores da base do prefeito tentaram retirar o direito \u00e0s emendas impositivas de todos os parlamentares<\/strong>. A justificativa era redirecionar o valor total dessas emendas para o&nbsp;<strong>transporte p\u00fablico<\/strong>.<\/p>\n\n\n\n<p class=\"wp-block-paragraph\">No entanto, a proposta foi alvo de cr\u00edticas. A\u00a0<strong>oposi\u00e7\u00e3o na C\u00e2mara<\/strong>, que se declarava favor\u00e1vel a melhorias no transporte, votou contra com n\u00e3o concordar com a falta de transpar\u00eancia na destina\u00e7\u00e3o. O argumento principal foi que as emendas s\u00e3o uma\u00a0<strong>ferramenta essencial de ajuda direta<\/strong>\u00a0a entidades que atuam na sa\u00fade, assist\u00eancia social e cultura no munic\u00edpio.<\/p>\n\n\n\n<p class=\"wp-block-paragraph\">Os vereadores de oposi\u00e7\u00e3o alegaram ainda que a proposta da base governista n\u00e3o cumpria a lei, pois n\u00e3o apresentava um\u00a0<strong>projeto t\u00e9cnico completo<\/strong>\u00a0sobre como o dinheiro seria usado no transporte \u2013 uma exig\u00eancia federal legal para realoca\u00e7\u00e3o de recursos. Como contraproposta, sugeriram que qualquer vereador que,\u00a0<strong>por vontade pr\u00f3pria<\/strong>, quisesse abrir m\u00e3o de sua emenda, poderia faz\u00ea-lo, e seu valor seria automaticamente destinado ao transporte. Mas a\u00a0<strong>base do prefeito rejeitou essa alternativa, colocando-a em vota\u00e7\u00e3o antes mesmo da proposta que extinguiria as emendas<\/strong>.<\/p>\n\n\n\n<p class=\"wp-block-paragraph\"><strong>A Lei e o Novo Decreto: regras, prazos e o &#8220;plano de trabalho&#8221;<\/strong><\/p>\n\n\n\n<p class=\"wp-block-paragraph\">A lei j\u00e1 determina que, no m\u00ednimo,&nbsp;<strong>50% do valor das emendas de cada vereador deve ser destinado \u00e0 sa\u00fade<\/strong>. A outra metade fica a crit\u00e9rio do parlamentar, que pode investir em outras \u00e1reas necess\u00e1rias ou at\u00e9 mesmo alocar mais recursos na sa\u00fade.<\/p>\n\n\n\n<p class=\"wp-block-paragraph\">Diante do impasse pol\u00edtico de 2025, surge agora o novo decreto. Em vez de retirar as emendas, a estrat\u00e9gia mudou: impor&nbsp;<strong>prazos curtos e uma burocracia detalhada<\/strong>. O &#8220;Plano de Trabalho&#8221; que os vereadores devem preencher exige:<\/p>\n\n\n\n<ul class=\"wp-block-list\">\n<li>Identifica\u00e7\u00e3o completa do projeto e da entidade executora.<\/li>\n\n\n\n<li>Objetivos claros e prazos definidos.<\/li>\n\n\n\n<li>Uma justificativa robusta, respondendo a perguntas como &#8220;Quais os benef\u00edcios para a popula\u00e7\u00e3o?&#8221; e &#8220;Qual o diferencial desta emenda?&#8221;.<\/li>\n<\/ul>\n\n\n\n<p class=\"wp-block-paragraph\"><strong>Na pr\u00e1tica, isso significa que:<\/strong><\/p>\n\n\n\n<ol start=\"1\" class=\"wp-block-list\">\n<li>Vereadores ter\u00e3o mais trabalho para justificar cada projeto.<\/li>\n\n\n\n<li>Entidades precisam estar com a documenta\u00e7\u00e3o absolutamente em dia.<\/li>\n\n\n\n<li>A Prefeitura ganha um instrumento formal para\u00a0<strong>reprovar projetos<\/strong>\u00a0que considerar mal elaborados ou cujas entidades estejam com qualquer tipo de pend\u00eancia.<\/li>\n\n\n\n<li>Se um projeto for reprovado, o vereador pode apresentar outro, mas dentro do mesmo prazo curto e com todo o planejamento exigido.<\/li>\n<\/ol>\n\n\n\n<p class=\"wp-block-paragraph\">Para o cidad\u00e3o, a mudan\u00e7a pode significar projetos de emendas mais bem explicados e tecnicamente vi\u00e1veis. No entanto, prazos muito restritos e exig\u00eancias complexas podem, na pr\u00e1tica,\u00a0<strong>dificultar ou at\u00e9 inviabilizar<\/strong>\u00a0a apresenta\u00e7\u00e3o de emendas por vereadores com menos assessoria t\u00e9cnica, concentrando ainda mais o processo.<\/p>\n\n\n\n<p class=\"wp-block-paragraph\">O contexto pol\u00edtico indica que o decreto \u00e9 mais do que uma mera moderniza\u00e7\u00e3o administrativa; \u00e9 o cap\u00edtulo atual de uma disputa sobre quem controla e como se destina uma das fatias do or\u00e7amento municipal.<\/p>\n","protected":false},"excerpt":{"rendered":"<p>Decreto que estabelece prazos r\u00edgidos surge ap\u00f3s tentativa frustrada da base do prefeito de extinguir as emendas impositivas em 2025. Nova regra exige planejamento detalhado de cada projeto. Uma nova regra da Prefeitura de Gar\u00e7a, o\u00a0Decreto n\u00ba 10.489\/2025, imp\u00f5e um calend\u00e1rio apertado para vereadores e entidades que dependem das chamadas\u00a0emendas impositivas. A medida, que exige [&hellip;]<\/p>\n","protected":false},"author":260896546,"featured_media":8425,"comment_status":"open","ping_status":"open","sticky":false,"template":"","format":"standard","meta":{"_monsterinsights_skip_tracking":false,"advanced_seo_description":"Agora \u00e9 obrigat\u00f3rio apresentar um Plano de Trabalho para emendas parlamentares em Gar\u00e7a. Prazos definidos garantem efici\u00eancia na destina\u00e7\u00e3o de verbas.","jetpack_seo_html_title":"Prazos Fixos para Emendas Parlamentares: Novas Regras em Gar\u00e7a","jetpack_seo_noindex":false,"jetpack_seo_schema_type":"","_jetpack_newsletter_access":"","_jetpack_dont_email_post_to_subs":false,"_jetpack_newsletter_tier_id":0,"_jetpack_memberships_contains_paywalled_content":false,"_wpcom_ai_launchpad_first_post":false,"_jetpack_feature_clip_id":0,"_jetpack_memberships_contains_paid_content":false,"footnotes":"","jetpack_publicize_message":"O novo decreto da Prefeitura sobre emendas parlamentares tem um pano de fundo pol\u00edtico que todo cidad\u00e3o precisa conhecer.\n\n\ud83d\uddf3\ufe0f Em 2025, os vereadores da base do prefeito tentaram ACABAR com todas as emendas impositivas com a justificativa de que o dinheiro seria destinado ao transporte. A OPOSI\u00c7\u00c3O votou CONTRA, defendendo que as emendas s\u00e3o vitais para entidades de sa\u00fade e assist\u00eancia social, e questionando a falta de um projeto concreto para o transporte, como exige a lei. \n\nNeste contexto, surge um DECRETO com PRAZOS CURT\u00cdSSIMOS. At\u00e9 27\/fev, vereadores devem entregar um \"PLANO DE TRABALHO\"  DETALHADO para cada projeto, e as entidades, toda a documenta\u00e7\u00e3o. A Prefeitura analisa e responde at\u00e9 30\/mar.\n\nEntenda essa hist\u00f3ria completa no nosso site! diariodegarca.com (link na bio)\n\n#Gar\u00e7a #Politica #Di\u00e1riodeGar\u00e7a #Vereadores #EmendasImpositivas #Or\u00e7amentoP\u00fablico","jetpack_publicize_feature_enabled":true,"jetpack_social_post_already_shared":true,"jetpack_social_options":{"image_generator_settings":{"template":"fullscreen","default_image_id":0,"font":"","enabled":false},"version":2},"_wpas_customize_per_network":false,"jetpack_post_was_ever_published":false},"categories":[781171849,781171664,781171847,72064],"tags":[],"class_list":["post-9876","post","type-post","status-publish","format-standard","has-post-thumbnail","hentry","category-causa-social","category-garca-cidade","category-politica","category-saude"],"jetpack_publicize_connections":[],"jetpack_likes_enabled":true,"jetpack_sharing_enabled":true,"jetpack_shortlink":"https:\/\/wp.me\/pgitne-2zi","jetpack-related-posts":[{"id":9504,"url":"https:\/\/diariodegarca.com\/?p=9504","url_meta":{"origin":9876,"position":0},"title":"Emendas impositivas de Gar\u00e7a s\u00e3o aprovadas, com cena de uso pol\u00edtico da causa animal e votos contr\u00e1rios \u00e0 sa\u00fade e causas sociais","author":"Andreza Sega","date":"11 de dezembro de 2025","format":false,"excerpt":"Sess\u00e3o que definiu o or\u00e7amento de 2026 para Gar\u00e7a exp\u00f4s contradi\u00e7\u00f5es: enquanto maioria defendia verbas para sa\u00fade e entidades, vereador usa causa animal como palanque e vota contra investimentos sociais essenciais A C\u00e2mara Municipal de Gar\u00e7a aprovou na \u00faltima segunda-feira,\u00a08 de dezembro, em sess\u00e3o extensa, o or\u00e7amento p\u00fablico para 2026\u2026","rel":"","context":"Em &quot;Causa animal&quot;","block_context":{"text":"Causa animal","link":"https:\/\/diariodegarca.com\/?cat=26891317"},"img":{"alt_text":"","src":"https:\/\/i0.wp.com\/diariodegarca.com\/wp-content\/uploads\/2025\/12\/camara-garca-41-e1765481355991.jpg?fit=870%2C625&ssl=1&resize=350%2C200","width":350,"height":200,"srcset":"https:\/\/i0.wp.com\/diariodegarca.com\/wp-content\/uploads\/2025\/12\/camara-garca-41-e1765481355991.jpg?fit=870%2C625&ssl=1&resize=350%2C200 1x, https:\/\/i0.wp.com\/diariodegarca.com\/wp-content\/uploads\/2025\/12\/camara-garca-41-e1765481355991.jpg?fit=870%2C625&ssl=1&resize=525%2C300 1.5x, https:\/\/i0.wp.com\/diariodegarca.com\/wp-content\/uploads\/2025\/12\/camara-garca-41-e1765481355991.jpg?fit=870%2C625&ssl=1&resize=700%2C400 2x"},"classes":[]},{"id":9281,"url":"https:\/\/diariodegarca.com\/?p=9281","url_meta":{"origin":9876,"position":1},"title":"A promessa do \u00f4nibus a R$ 2,00 em Gar\u00e7a e o jogo pol\u00edtico por tr\u00e1s da &#8220;revolu\u00e7\u00e3o&#8221; no transporte","author":"Di\u00e1rio de Gar\u00e7a","date":"3 de dezembro de 2025","format":false,"excerpt":"Enquanto o prefeito Jos\u00e9 Alcides Faneco (PL) anuncia nas redes sociais uma \"revolu\u00e7\u00e3o\" no transporte com tarifa popular, o edital oficial mant\u00e9m o teto em R$ 5,50. A viabilidade da promessa depende de um pol\u00eamico projeto que extinguiria as emendas impositivas dos vereadores, esbarra na Lei Org\u00e2nica e, conforme of\u00edcio\u2026","rel":"","context":"Em &quot;Gar\u00e7a&quot;","block_context":{"text":"Gar\u00e7a","link":"https:\/\/diariodegarca.com\/?cat=781171664"},"img":{"alt_text":"","src":"https:\/\/i0.wp.com\/diariodegarca.com\/wp-content\/uploads\/2025\/12\/WhatsApp-Image-2025-12-03-at-14.12.03-e1764782019963.jpeg?fit=640%2C422&ssl=1&resize=350%2C200","width":350,"height":200,"srcset":"https:\/\/i0.wp.com\/diariodegarca.com\/wp-content\/uploads\/2025\/12\/WhatsApp-Image-2025-12-03-at-14.12.03-e1764782019963.jpeg?fit=640%2C422&ssl=1&resize=350%2C200 1x, https:\/\/i0.wp.com\/diariodegarca.com\/wp-content\/uploads\/2025\/12\/WhatsApp-Image-2025-12-03-at-14.12.03-e1764782019963.jpeg?fit=640%2C422&ssl=1&resize=525%2C300 1.5x"},"classes":[]},{"id":9355,"url":"https:\/\/diariodegarca.com\/?p=9355","url_meta":{"origin":9876,"position":2},"title":"Quem quer acabar com as emendas j\u00e1 as usou para 2026; nenhum centavo para transporte","author":"Andreza Sega","date":"5 de dezembro de 2025","format":false,"excerpt":"C\u00e2mara vota na segunda-feira (8) fim de mecanismo que destina R$ 2,5 milh\u00f5es por ano para sa\u00fade, creches e entidades; vereadores da base que prop\u00f5em o corte, por\u00e9m, j\u00e1 destinaram suas pr\u00f3prias emendas para 2026. Oposi\u00e7\u00e3o apresenta alternativa para manter o direito, mas permitir doa\u00e7\u00e3o volunt\u00e1ria ao transporte. Um debate\u2026","rel":"","context":"Em &quot;Gar\u00e7a&quot;","block_context":{"text":"Gar\u00e7a","link":"https:\/\/diariodegarca.com\/?cat=781171664"},"img":{"alt_text":"","src":"https:\/\/i0.wp.com\/diariodegarca.com\/wp-content\/uploads\/2025\/12\/25debb5b-1c3d-4d21-a1b3-2dbced9d835e-1-e1764881602479.png?fit=378%2C207&ssl=1&resize=350%2C200","width":350,"height":200},"classes":[]},{"id":9434,"url":"https:\/\/diariodegarca.com\/?p=9434","url_meta":{"origin":9876,"position":3},"title":"C\u00e2mara de Gar\u00e7a rejeita fim das emendas e proposta flex\u00edvel; divis\u00e3o exp\u00f5e conflito entre m\u00e9todo impositivo e volunt\u00e1rio","author":"Andreza Sega","date":"9 de dezembro de 2025","format":false,"excerpt":"Bloco governista prefere extin\u00e7\u00e3o total a modelo de op\u00e7\u00e3o individual; Legislativo mant\u00e9m controle sobre R$ 2,8 milh\u00f5es ap\u00f3s rejeitar ambas as alternativas por falta de garantias. A rejei\u00e7\u00e3o de duas propostas sobre as emendas impositivas na C\u00e2mara Municipal de Gar\u00e7a revelou uma divis\u00e3o profunda n\u00e3o sobre o destino dos recursos\u2026","rel":"","context":"Em &quot;Gar\u00e7a&quot;","block_context":{"text":"Gar\u00e7a","link":"https:\/\/diariodegarca.com\/?cat=781171664"},"img":{"alt_text":"","src":"https:\/\/i0.wp.com\/diariodegarca.com\/wp-content\/uploads\/2025\/12\/camara-41-sessao.jpg?fit=841%2C413&ssl=1&resize=350%2C200","width":350,"height":200,"srcset":"https:\/\/i0.wp.com\/diariodegarca.com\/wp-content\/uploads\/2025\/12\/camara-41-sessao.jpg?fit=841%2C413&ssl=1&resize=350%2C200 1x, https:\/\/i0.wp.com\/diariodegarca.com\/wp-content\/uploads\/2025\/12\/camara-41-sessao.jpg?fit=841%2C413&ssl=1&resize=525%2C300 1.5x, https:\/\/i0.wp.com\/diariodegarca.com\/wp-content\/uploads\/2025\/12\/camara-41-sessao.jpg?fit=841%2C413&ssl=1&resize=700%2C400 2x"},"classes":[]},{"id":9259,"url":"https:\/\/diariodegarca.com\/?p=9259","url_meta":{"origin":9876,"position":4},"title":"Emendas impositivas vs. transporte Popular: C\u00e2mara de Gar\u00e7a trava debate acalorado sobre o destino de R$ 2,8 milh\u00f5es","author":"Andreza Sega","date":"2 de dezembro de 2025","format":false,"excerpt":"Em sess\u00e3o tensa, vereadores divergem sobre projeto que extingue as emendas de vereadores para supostamente subsidiar a tarifa de \u00f4nibus, reduzindo-a para R$ 2. Vota\u00e7\u00e3o foi adiada para a pr\u00f3xima semana, ap\u00f3s ampla discuss\u00e3o que exp\u00f4s lados da moeda: prioridade ao transporte coletivo ou manuten\u00e7\u00e3o de recursos para institui\u00e7\u00f5es. A\u2026","rel":"","context":"Em &quot;Gar\u00e7a&quot;","block_context":{"text":"Gar\u00e7a","link":"https:\/\/diariodegarca.com\/?cat=781171664"},"img":{"alt_text":"","src":"https:\/\/i0.wp.com\/diariodegarca.com\/wp-content\/uploads\/2025\/11\/camara.jpg?fit=1200%2C802&ssl=1&resize=350%2C200","width":350,"height":200,"srcset":"https:\/\/i0.wp.com\/diariodegarca.com\/wp-content\/uploads\/2025\/11\/camara.jpg?fit=1200%2C802&ssl=1&resize=350%2C200 1x, https:\/\/i0.wp.com\/diariodegarca.com\/wp-content\/uploads\/2025\/11\/camara.jpg?fit=1200%2C802&ssl=1&resize=525%2C300 1.5x, https:\/\/i0.wp.com\/diariodegarca.com\/wp-content\/uploads\/2025\/11\/camara.jpg?fit=1200%2C802&ssl=1&resize=700%2C400 2x, https:\/\/i0.wp.com\/diariodegarca.com\/wp-content\/uploads\/2025\/11\/camara.jpg?fit=1200%2C802&ssl=1&resize=1050%2C600 3x"},"classes":[]},{"id":8996,"url":"https:\/\/diariodegarca.com\/?p=8996","url_meta":{"origin":9876,"position":5},"title":"C\u00e2mara de Gar\u00e7a debate crise de pessoas em situa\u00e7\u00e3o de rua e transporte p\u00fablico","author":"Andreza Sega","date":"25 de novembro de 2025","format":false,"excerpt":"Vereadores destinam recursos e cobram solu\u00e7\u00f5es para quest\u00f5es urbanas; equipamentos de sa\u00fade s\u00e3o destacados como avan\u00e7os, enquanto a tarifa de R$ 2,00 para o \u00f4nibus gera expectativa e questionamentos. Em uma sess\u00e3o marcada por vota\u00e7\u00f5es r\u00e1pidas de projetos de lei e pela apresenta\u00e7\u00e3o de uma pauta diversa de requerimentos, a\u2026","rel":"","context":"Em &quot;Gar\u00e7a&quot;","block_context":{"text":"Gar\u00e7a","link":"https:\/\/diariodegarca.com\/?cat=781171664"},"img":{"alt_text":"","src":"https:\/\/i0.wp.com\/diariodegarca.com\/wp-content\/uploads\/2025\/11\/camara.jpg?fit=1200%2C802&ssl=1&resize=350%2C200","width":350,"height":200,"srcset":"https:\/\/i0.wp.com\/diariodegarca.com\/wp-content\/uploads\/2025\/11\/camara.jpg?fit=1200%2C802&ssl=1&resize=350%2C200 1x, https:\/\/i0.wp.com\/diariodegarca.com\/wp-content\/uploads\/2025\/11\/camara.jpg?fit=1200%2C802&ssl=1&resize=525%2C300 1.5x, https:\/\/i0.wp.com\/diariodegarca.com\/wp-content\/uploads\/2025\/11\/camara.jpg?fit=1200%2C802&ssl=1&resize=700%2C400 2x, https:\/\/i0.wp.com\/diariodegarca.com\/wp-content\/uploads\/2025\/11\/camara.jpg?fit=1200%2C802&ssl=1&resize=1050%2C600 3x"},"classes":[]}],"jetpack_featured_media_url":"https:\/\/i0.wp.com\/diariodegarca.com\/wp-content\/uploads\/2025\/11\/camara.jpg?fit=2048%2C1369&ssl=1","_links":{"self":[{"href":"https:\/\/diariodegarca.com\/index.php?rest_route=\/wp\/v2\/posts\/9876","targetHints":{"allow":["GET"]}}],"collection":[{"href":"https:\/\/diariodegarca.com\/index.php?rest_route=\/wp\/v2\/posts"}],"about":[{"href":"https:\/\/diariodegarca.com\/index.php?rest_route=\/wp\/v2\/types\/post"}],"author":[{"embeddable":true,"href":"https:\/\/diariodegarca.com\/index.php?rest_route=\/wp\/v2\/users\/260896546"}],"replies":[{"embeddable":true,"href":"https:\/\/diariodegarca.com\/index.php?rest_route=%2Fwp%2Fv2%2Fcomments&post=9876"}],"version-history":[{"count":14,"href":"https:\/\/diariodegarca.com\/index.php?rest_route=\/wp\/v2\/posts\/9876\/revisions"}],"predecessor-version":[{"id":9890,"href":"https:\/\/diariodegarca.com\/index.php?rest_route=\/wp\/v2\/posts\/9876\/revisions\/9890"}],"wp:featuredmedia":[{"embeddable":true,"href":"https:\/\/diariodegarca.com\/index.php?rest_route=\/wp\/v2\/media\/8425"}],"wp:attachment":[{"href":"https:\/\/diariodegarca.com\/index.php?rest_route=%2Fwp%2Fv2%2Fmedia&parent=9876"}],"wp:term":[{"taxonomy":"category","embeddable":true,"href":"https:\/\/diariodegarca.com\/index.php?rest_route=%2Fwp%2Fv2%2Fcategories&post=9876"},{"taxonomy":"post_tag","embeddable":true,"href":"https:\/\/diariodegarca.com\/index.php?rest_route=%2Fwp%2Fv2%2Ftags&post=9876"}],"curies":[{"name":"wp","href":"https:\/\/api.w.org\/{rel}","templated":true}]}}