{"id":9903,"date":"2026-01-08T13:53:24","date_gmt":"2026-01-08T16:53:24","guid":{"rendered":"https:\/\/diariodegarca.com\/?p=9903"},"modified":"2026-01-08T13:53:24","modified_gmt":"2026-01-08T16:53:24","slug":"biblioteca-de-garca-e-centro-cultural-de-jafa-divulgam-programacao-especial-de-ferias","status":"publish","type":"post","link":"https:\/\/diariodegarca.com\/?p=9903","title":{"rendered":"Biblioteca de Gar\u00e7a e Centro Cultural de Jafa divulgam programa\u00e7\u00e3o especial de f\u00e9rias"},"content":{"rendered":"\n<p class=\"wp-block-paragraph\"><em>Atividades gratuitas acontecem ao longo de janeiro, com oficinas, brincadeiras, media\u00e7\u00e3o de leitura e karaok\u00ea, tanto na sede da biblioteca quanto no distrito de Jafa<\/em><\/p>\n\n\n\n<p class=\"wp-block-paragraph\">A Biblioteca P\u00fablica Municipal de Gar\u00e7a Dr. Rafael Paes de Barros divulgou a programa\u00e7\u00e3o especial de f\u00e9rias de janeiro, com uma s\u00e9rie de atividades voltadas ao p\u00fablico infantil. As a\u00e7\u00f5es acontecem tanto na sede da biblioteca, em Gar\u00e7a, quanto no Centro Cultural do distrito de Jafa, com op\u00e7\u00f5es de lazer, cultura e incentivo \u00e0 leitura durante todo o m\u00eas.<\/p>\n\n\n\n<p class=\"wp-block-paragraph\">A proposta \u00e9 oferecer momentos de aprendizado e divers\u00e3o para crian\u00e7as de diferentes faixas et\u00e1rias, sempre com acompanhamento obrigat\u00f3rio de um respons\u00e1vel. Todas as atividades s\u00e3o gratuitas e n\u00e3o exigem inscri\u00e7\u00e3o pr\u00e9via, mas as vagas s\u00e3o limitadas e preenchidas por ordem de chegada, mediante distribui\u00e7\u00e3o de senhas no local.<\/p>\n\n\n\n<h3 class=\"wp-block-heading\">Atividades na Biblioteca Municipal de Gar\u00e7a<\/h3>\n\n\n\n<p class=\"wp-block-paragraph\">At\u00e9 o dia 30 de janeiro, a Biblioteca Municipal mant\u00e9m uma programa\u00e7\u00e3o cont\u00ednua de <strong>jogos de tabuleiro <\/strong>e <strong>desenhos para colorir<\/strong>, dispon\u00edveis das 8h \u00e0s 11h e das 13h \u00e0s 17h, com acesso livre.<\/p>\n\n\n\n<p class=\"wp-block-paragraph\">A <strong>brinquedoteca<\/strong> funciona de ter\u00e7a a sexta-feira, das 8h \u00e0s 10h30 e das 13h30 \u00e0s 16h30, atendendo crian\u00e7as de 0 a 10 anos. S\u00e3o disponibilizadas 15 vagas por vez, com perman\u00eancia de at\u00e9 30 minutos por grupo.<\/p>\n\n\n\n<h3 class=\"wp-block-heading\">Oficinas e a\u00e7\u00f5es educativas<\/h3>\n\n\n\n<p class=\"wp-block-paragraph\">A programa\u00e7\u00e3o tamb\u00e9m inclui oficinas espec\u00edficas por faixa et\u00e1ria. A <strong>Oficina de Media\u00e7\u00e3o de Leitura<\/strong>, voltada para crian\u00e7as de 3 a 6 anos, acontece nos dias 20, 22, 27 e 29 de janeiro, das 14h30 \u00e0s 16h, com 20 vagas por dia.<\/p>\n\n\n\n<p class=\"wp-block-paragraph\">No mesmo per\u00edodo e hor\u00e1rio, ocorre a <strong>Oficina de Confec\u00e7\u00e3o de Brinquedos<\/strong>, destinada a crian\u00e7as de 7 a 12 anos, tamb\u00e9m com 20 vagas por atividade.<\/p>\n\n\n\n<p class=\"wp-block-paragraph\">J\u00e1 o <strong>karaok\u00ea<\/strong>, com classifica\u00e7\u00e3o livre, ser\u00e1 realizado nos dias 21 e 28 de janeiro, das 14h \u00e0s 16h, na audiovideoteca da biblioteca.<\/p>\n\n\n\n<h3 class=\"wp-block-heading\">Programa\u00e7\u00e3o no Centro Cultural de Jafa<\/h3>\n\n\n\n<p class=\"wp-block-paragraph\">No distrito de Jafa, o Centro Cultural recebe a <strong>Oficina de Confec\u00e7\u00e3o de Brinquedos<\/strong> nos dias 19 e 26 de janeiro, das 14h \u00e0s 15h30, com 20 vagas dispon\u00edveis. O espa\u00e7o tamb\u00e9m promove uma tarde de <strong>karaok\u00ea<\/strong> no dia 30 de janeiro, das 14h \u00e0s 16h, aberta ao p\u00fablico de todas as idades.<\/p>\n\n\n\n<h3 class=\"wp-block-heading\">Hor\u00e1rios e orienta\u00e7\u00f5es<\/h3>\n\n\n\n<p class=\"wp-block-paragraph\">A Biblioteca Municipal funciona de segunda a sexta-feira, das 8h \u00e0s 17h. Excepcionalmente, entre os dias 19 e 30 de janeiro, o atendimento ocorre das 8h \u00e0s 11h e das 13h \u00e0s 17h.<\/p>\n\n\n\n<p class=\"wp-block-paragraph\">Mais informa\u00e7\u00f5es podem ser obtidas pelo telefone (14) 3471-1616.<\/p>\n","protected":false},"excerpt":{"rendered":"<p>Atividades gratuitas acontecem ao longo de janeiro, com oficinas, brincadeiras, media\u00e7\u00e3o de leitura e karaok\u00ea, tanto na sede da biblioteca quanto no distrito de Jafa A Biblioteca P\u00fablica Municipal de Gar\u00e7a Dr. Rafael Paes de Barros divulgou a programa\u00e7\u00e3o especial de f\u00e9rias de janeiro, com uma s\u00e9rie de atividades voltadas ao p\u00fablico infantil. As a\u00e7\u00f5es [&hellip;]<\/p>\n","protected":false},"author":260896546,"featured_media":4550,"comment_status":"open","ping_status":"open","sticky":false,"template":"","format":"standard","meta":{"_crdt_document":"","_monsterinsights_skip_tracking":false,"_monsterinsights_sitenote_active":false,"_monsterinsights_sitenote_note":"","_monsterinsights_sitenote_category":0,"advanced_seo_description":"Descubra as atividades gratuitas para crian\u00e7as em janeiro na Biblioteca Municipal de Gar\u00e7a e no Centro Cultural de Jafa! Divers\u00e3o e aprendizado esperam por voc\u00ea!","jetpack_seo_html_title":"Programa\u00e7\u00e3o Infantil Gratuita em Janeiro na Biblioteca de Gar\u00e7a","jetpack_seo_noindex":false,"_jetpack_newsletter_access":"","_jetpack_dont_email_post_to_subs":false,"_jetpack_newsletter_tier_id":0,"_jetpack_memberships_contains_paywalled_content":false,"_jetpack_memberships_contains_paid_content":false,"footnotes":"","jetpack_publicize_message":"A Biblioteca Municipal de Gar\u00e7a e o Centro Cultural de Jafa prepararam uma programa\u00e7\u00e3o especial de f\u00e9rias para janeiro, com oficinas, brinquedoteca, jogos, media\u00e7\u00e3o de leitura e karaok\u00ea. As atividades s\u00e3o gratuitas, voltadas para crian\u00e7as de v\u00e1rias idades e acontecem tanto em Gar\u00e7a quanto no distrito de Jafa. N\u00e3o \u00e9 necess\u00e1rio inscri\u00e7\u00e3o pr\u00e9via, mas as vagas s\u00e3o limitadas e preenchidas por ordem de chegada.\n\nConfira a programa\u00e7\u00e3o completa no diariodegarca.com\n\n#Gar\u00e7a #Jafa #DiarioDeGarca #CulturaELazer #ProgramacaoInfantil #F\u00e9rias #Atividadesdef\u00e9rias","jetpack_publicize_feature_enabled":true,"jetpack_social_post_already_shared":true,"jetpack_social_options":{"image_generator_settings":{"template":"fullscreen","default_image_id":0,"font":"","enabled":false},"version":2},"_wpas_customize_per_network":false,"jetpack_post_was_ever_published":false},"categories":[2367,2366,781171664,3719],"tags":[],"class_list":["post-9903","post","type-post","status-publish","format-standard","has-post-thumbnail","hentry","category-cultura","category-eventos","category-garca-cidade","category-literatura"],"jetpack_publicize_connections":[],"jetpack_featured_media_url":"https:\/\/i0.wp.com\/diariodegarca.com\/wp-content\/uploads\/2025\/07\/bons-momentos-vista-superior-menino-sorridente-e-duas-meninas-em-idade-escolar-sentadas-no-chao-da-biblioteca-segurando-rostos-e-olhando-para-camera.jpg?fit=6048%2C4024&ssl=1","jetpack_likes_enabled":true,"jetpack_sharing_enabled":true,"jetpack_shortlink":"https:\/\/wp.me\/pgitne-2zJ","jetpack-related-posts":[{"id":9826,"url":"https:\/\/diariodegarca.com\/?p=9826","url_meta":{"origin":9903,"position":0},"title":"F\u00e9rias no Cinema: Pontos MIS leva sess\u00f5es gratuitas a Gar\u00e7a e Jafa em Janeiro","author":"Di\u00e1rio de Gar\u00e7a","date":"6 de janeiro de 2026","format":false,"excerpt":"Programa\u00e7\u00e3o especial exibe anima\u00e7\u00f5es nacionais e filmes sens\u00edveis para todas as idades, com sess\u00f5es na Biblioteca P\u00fablica Municipal de Gar\u00e7a e no Centro Cultural de Jafa. As f\u00e9rias de janeiro est\u00e3o mais culturais e cinematogr\u00e1ficas em Gar\u00e7a! Em parceria com o Pontos MIS (Museu da Imagem e do Som), a\u2026","rel":"","context":"Em &quot;Cinema&quot;","block_context":{"text":"Cinema","link":"https:\/\/diariodegarca.com\/?cat=597"},"img":{"alt_text":"","src":"https:\/\/i0.wp.com\/diariodegarca.com\/wp-content\/uploads\/2025\/08\/main_turma_folclore_desenho_animado_cinema_bh-e1767735844103.jpg?fit=742%2C448&ssl=1&resize=350%2C200","width":350,"height":200,"srcset":"https:\/\/i0.wp.com\/diariodegarca.com\/wp-content\/uploads\/2025\/08\/main_turma_folclore_desenho_animado_cinema_bh-e1767735844103.jpg?fit=742%2C448&ssl=1&resize=350%2C200 1x, https:\/\/i0.wp.com\/diariodegarca.com\/wp-content\/uploads\/2025\/08\/main_turma_folclore_desenho_animado_cinema_bh-e1767735844103.jpg?fit=742%2C448&ssl=1&resize=525%2C300 1.5x, https:\/\/i0.wp.com\/diariodegarca.com\/wp-content\/uploads\/2025\/08\/main_turma_folclore_desenho_animado_cinema_bh-e1767735844103.jpg?fit=742%2C448&ssl=1&resize=700%2C400 2x"},"classes":[]},{"id":4548,"url":"https:\/\/diariodegarca.com\/?p=4548","url_meta":{"origin":9903,"position":1},"title":"Biblioteca de Gar\u00e7a promove programa\u00e7\u00e3o especial de f\u00e9rias","author":"Di\u00e1rio de Gar\u00e7a","date":"8 de julho de 2025","format":false,"excerpt":"Atividades gratuitas para crian\u00e7as de todas as idades acontecem entre 8 e 31 de julho, com op\u00e7\u00f5es no Centro Cultural de Jafa e na Biblioteca Dr. Rafael Paes de Barros. A\u00a0Biblioteca P\u00fablica Municipal de Gar\u00e7a\u00a0preparou uma programa\u00e7\u00e3o especial para as f\u00e9rias escolares, com atividades l\u00fadicas, oficinas criativas e sess\u00f5es de\u2026","rel":"","context":"Em &quot;Cultura&quot;","block_context":{"text":"Cultura","link":"https:\/\/diariodegarca.com\/?cat=2367"},"img":{"alt_text":"","src":"https:\/\/i0.wp.com\/diariodegarca.com\/wp-content\/uploads\/2025\/07\/bons-momentos-vista-superior-menino-sorridente-e-duas-meninas-em-idade-escolar-sentadas-no-chao-da-biblioteca-segurando-rostos-e-olhando-para-camera.jpg?fit=1200%2C798&ssl=1&resize=350%2C200","width":350,"height":200,"srcset":"https:\/\/i0.wp.com\/diariodegarca.com\/wp-content\/uploads\/2025\/07\/bons-momentos-vista-superior-menino-sorridente-e-duas-meninas-em-idade-escolar-sentadas-no-chao-da-biblioteca-segurando-rostos-e-olhando-para-camera.jpg?fit=1200%2C798&ssl=1&resize=350%2C200 1x, https:\/\/i0.wp.com\/diariodegarca.com\/wp-content\/uploads\/2025\/07\/bons-momentos-vista-superior-menino-sorridente-e-duas-meninas-em-idade-escolar-sentadas-no-chao-da-biblioteca-segurando-rostos-e-olhando-para-camera.jpg?fit=1200%2C798&ssl=1&resize=525%2C300 1.5x, https:\/\/i0.wp.com\/diariodegarca.com\/wp-content\/uploads\/2025\/07\/bons-momentos-vista-superior-menino-sorridente-e-duas-meninas-em-idade-escolar-sentadas-no-chao-da-biblioteca-segurando-rostos-e-olhando-para-camera.jpg?fit=1200%2C798&ssl=1&resize=700%2C400 2x, https:\/\/i0.wp.com\/diariodegarca.com\/wp-content\/uploads\/2025\/07\/bons-momentos-vista-superior-menino-sorridente-e-duas-meninas-em-idade-escolar-sentadas-no-chao-da-biblioteca-segurando-rostos-e-olhando-para-camera.jpg?fit=1200%2C798&ssl=1&resize=1050%2C600 3x"},"classes":[]},{"id":3918,"url":"https:\/\/diariodegarca.com\/?p=3918","url_meta":{"origin":9903,"position":2},"title":"Contos japoneses encantam crian\u00e7as em evento cultural em Gar\u00e7a","author":"Di\u00e1rio de Gar\u00e7a","date":"13 de junho de 2025","format":false,"excerpt":"Biblioteca Municipal promove \"Hora do Conto\" especial com narrativas tradicionais do Jap\u00e3o, integrando educa\u00e7\u00e3o e celebra\u00e7\u00e3o da Festa da Cerejeira Na segunda-feira , dia 2 de junho, a Biblioteca P\u00fablica Municipal de Gar\u00e7a recebeu alunos para uma imers\u00e3o na cultura japonesa por meio da \"Hora do Conto\". A iniciativa, que\u2026","rel":"","context":"Em &quot;Cultura&quot;","block_context":{"text":"Cultura","link":"https:\/\/diariodegarca.com\/?cat=2367"},"img":{"alt_text":"","src":"https:\/\/i0.wp.com\/diariodegarca.com\/wp-content\/uploads\/2025\/06\/503603841_18031114424661507_3963424270325991086_n.jpg?fit=1200%2C1200&ssl=1&resize=350%2C200","width":350,"height":200,"srcset":"https:\/\/i0.wp.com\/diariodegarca.com\/wp-content\/uploads\/2025\/06\/503603841_18031114424661507_3963424270325991086_n.jpg?fit=1200%2C1200&ssl=1&resize=350%2C200 1x, https:\/\/i0.wp.com\/diariodegarca.com\/wp-content\/uploads\/2025\/06\/503603841_18031114424661507_3963424270325991086_n.jpg?fit=1200%2C1200&ssl=1&resize=525%2C300 1.5x, https:\/\/i0.wp.com\/diariodegarca.com\/wp-content\/uploads\/2025\/06\/503603841_18031114424661507_3963424270325991086_n.jpg?fit=1200%2C1200&ssl=1&resize=700%2C400 2x, https:\/\/i0.wp.com\/diariodegarca.com\/wp-content\/uploads\/2025\/06\/503603841_18031114424661507_3963424270325991086_n.jpg?fit=1200%2C1200&ssl=1&resize=1050%2C600 3x"},"classes":[]},{"id":2732,"url":"https:\/\/diariodegarca.com\/?p=2732","url_meta":{"origin":9903,"position":3},"title":"Jafa recebe evento cultural com capoeira, m\u00fasica e artesanato neste s\u00e1bado","author":"Di\u00e1rio de Gar\u00e7a","date":"28 de fevereiro de 2025","format":false,"excerpt":"Neste s\u00e1bado, dia 8 de mar\u00e7o, o Distrito de Jafa, localizado no munic\u00edpio de Gar\u00e7a, ser\u00e1 o cen\u00e1rio de um evento cultural que promete agradar diversos p\u00fablicos. O \"Viva Pra\u00e7a Viva\" acontecer\u00e1 a partir das 16h na Pra\u00e7a Nossa Senhora Aparecida, na Rua Brasil, 444, com uma programa\u00e7\u00e3o repleta de\u2026","rel":"","context":"Em &quot;Brasil&quot;","block_context":{"text":"Brasil","link":"https:\/\/diariodegarca.com\/?cat=38185"},"img":{"alt_text":"","src":"","width":0,"height":0},"classes":[]},{"id":9215,"url":"https:\/\/diariodegarca.com\/?p=9215","url_meta":{"origin":9903,"position":4},"title":"Pol\u00edcia prende homem por tentativa de roubo e facada no distrito de Jafa","author":"Andreza Sega","date":"30 de novembro de 2025","format":false,"excerpt":"V\u00edtima foi ferida nas costas ao tentar fugir de dois criminosos que queriam sua moto; um dos suspeitos foi localizado em campo de futebol com a arma do crime. Policiais militares do 9\u00b0 Batalh\u00e3o prenderam, na noite de s\u00e1bado, 29 de novembro, um homem acusado de tentativa de roubo e\u2026","rel":"","context":"Em &quot;Gar\u00e7a&quot;","block_context":{"text":"Gar\u00e7a","link":"https:\/\/diariodegarca.com\/?cat=781171664"},"img":{"alt_text":"","src":"https:\/\/i0.wp.com\/diariodegarca.com\/wp-content\/uploads\/2025\/11\/SnapInsta.to_586213961_18327304189246526_352278296742770031_n.jpg?fit=1080%2C795&ssl=1&resize=350%2C200","width":350,"height":200,"srcset":"https:\/\/i0.wp.com\/diariodegarca.com\/wp-content\/uploads\/2025\/11\/SnapInsta.to_586213961_18327304189246526_352278296742770031_n.jpg?fit=1080%2C795&ssl=1&resize=350%2C200 1x, https:\/\/i0.wp.com\/diariodegarca.com\/wp-content\/uploads\/2025\/11\/SnapInsta.to_586213961_18327304189246526_352278296742770031_n.jpg?fit=1080%2C795&ssl=1&resize=525%2C300 1.5x, https:\/\/i0.wp.com\/diariodegarca.com\/wp-content\/uploads\/2025\/11\/SnapInsta.to_586213961_18327304189246526_352278296742770031_n.jpg?fit=1080%2C795&ssl=1&resize=700%2C400 2x, https:\/\/i0.wp.com\/diariodegarca.com\/wp-content\/uploads\/2025\/11\/SnapInsta.to_586213961_18327304189246526_352278296742770031_n.jpg?fit=1080%2C795&ssl=1&resize=1050%2C600 3x"},"classes":[]},{"id":4843,"url":"https:\/\/diariodegarca.com\/?p=4843","url_meta":{"origin":9903,"position":5},"title":"J\u00falio C\u00e9sar Martins \u00e9 homenageado por projeto social em Gar\u00e7a","author":"Di\u00e1rio de Gar\u00e7a","date":"20 de julho de 2025","format":false,"excerpt":"Ex-goleiro e ex-secret\u00e1rio de esportes, \u00eddolo do futebol garcense, recebeu emocionada homenagem de crian\u00e7as e amigos durante campeonato de f\u00e9rias no distrito de Jafa. Uma manh\u00e3 de reconhecimento e emo\u00e7\u00e3o Na manh\u00e3 de\u00a0s\u00e1bado, 19 de julho, o ex-goleiro e ex-secret\u00e1rio de Juventude, Esportes e Lazer (SEJEL) de Gar\u00e7a,\u00a0J\u00falio C\u00e9sar Martins,\u2026","rel":"","context":"Em &quot;Esporte&quot;","block_context":{"text":"Esporte","link":"https:\/\/diariodegarca.com\/?cat=10889"},"img":{"alt_text":"","src":"","width":0,"height":0},"classes":[]}],"_links":{"self":[{"href":"https:\/\/diariodegarca.com\/index.php?rest_route=\/wp\/v2\/posts\/9903","targetHints":{"allow":["GET"]}}],"collection":[{"href":"https:\/\/diariodegarca.com\/index.php?rest_route=\/wp\/v2\/posts"}],"about":[{"href":"https:\/\/diariodegarca.com\/index.php?rest_route=\/wp\/v2\/types\/post"}],"author":[{"embeddable":true,"href":"https:\/\/diariodegarca.com\/index.php?rest_route=\/wp\/v2\/users\/260896546"}],"replies":[{"embeddable":true,"href":"https:\/\/diariodegarca.com\/index.php?rest_route=%2Fwp%2Fv2%2Fcomments&post=9903"}],"version-history":[{"count":2,"href":"https:\/\/diariodegarca.com\/index.php?rest_route=\/wp\/v2\/posts\/9903\/revisions"}],"predecessor-version":[{"id":9905,"href":"https:\/\/diariodegarca.com\/index.php?rest_route=\/wp\/v2\/posts\/9903\/revisions\/9905"}],"wp:featuredmedia":[{"embeddable":true,"href":"https:\/\/diariodegarca.com\/index.php?rest_route=\/wp\/v2\/media\/4550"}],"wp:attachment":[{"href":"https:\/\/diariodegarca.com\/index.php?rest_route=%2Fwp%2Fv2%2Fmedia&parent=9903"}],"wp:term":[{"taxonomy":"category","embeddable":true,"href":"https:\/\/diariodegarca.com\/index.php?rest_route=%2Fwp%2Fv2%2Fcategories&post=9903"},{"taxonomy":"post_tag","embeddable":true,"href":"https:\/\/diariodegarca.com\/index.php?rest_route=%2Fwp%2Fv2%2Ftags&post=9903"}],"curies":[{"name":"wp","href":"https:\/\/api.w.org\/{rel}","templated":true}]}}