{"id":9961,"date":"2026-01-09T09:17:00","date_gmt":"2026-01-09T12:17:00","guid":{"rendered":"https:\/\/diariodegarca.com\/?p=9961"},"modified":"2026-01-08T18:21:59","modified_gmt":"2026-01-08T21:21:59","slug":"cnpj-passara-a-ser-alfanumerico-a-partir-de-julho-para-novas-empresas","status":"publish","type":"post","link":"https:\/\/diariodegarca.com\/?p=9961","title":{"rendered":"CNPJ passar\u00e1 a ser alfanum\u00e9rico a partir de julho para novas empresas"},"content":{"rendered":"\n<p class=\"wp-block-paragraph\"><em>Receita Federal adotar\u00e1 letras no Cadastro Nacional da Pessoa Jur\u00eddica para evitar esgotamento da numera\u00e7\u00e3o e modernizar o sistema<\/em><\/p>\n\n\n\n<p class=\"wp-block-paragraph\">A Receita Federal vai implementar, <strong>a partir de julho deste ano<\/strong>, um novo modelo para o Cadastro Nacional da Pessoa Jur\u00eddica (CNPJ). A principal mudan\u00e7a \u00e9 a ado\u00e7\u00e3o de um formato alfanum\u00e9rico, que passar\u00e1 a combinar letras e n\u00fameros na identifica\u00e7\u00e3o das empresas. A altera\u00e7\u00e3o, no entanto, valer\u00e1 apenas para novas inscri\u00e7\u00f5es realizadas a partir do segundo semestre.<\/p>\n\n\n\n<p class=\"wp-block-paragraph\">Os CNPJs j\u00e1 existentes n\u00e3o sofrer\u00e3o qualquer modifica\u00e7\u00e3o. De acordo com a Receita Federal, os n\u00fameros atualmente atribu\u00eddos \u00e0s empresas permanecer\u00e3o exatamente como est\u00e3o, sem necessidade de atualiza\u00e7\u00e3o ou substitui\u00e7\u00e3o por parte dos contribuintes.<\/p>\n\n\n\n<h3 class=\"wp-block-heading\">Por que o CNPJ vai mudar<\/h3>\n\n\n\n<p class=\"wp-block-paragraph\">A mudan\u00e7a ocorre diante do crescimento cont\u00ednuo do n\u00famero de empresas no pa\u00eds e do risco de esgotamento da atual base num\u00e9rica utilizada para a gera\u00e7\u00e3o dos CNPJs. Com o modelo exclusivamente num\u00e9rico, a Receita Federal j\u00e1 projeta limita\u00e7\u00f5es futuras para atender \u00e0 demanda de novos registros.<\/p>\n\n\n\n<p class=\"wp-block-paragraph\">Ao incorporar letras ao formato do CNPJ, o \u00f3rg\u00e3o amplia significativamente a capacidade de combina\u00e7\u00f5es poss\u00edveis, garantindo a continuidade do sistema de identifica\u00e7\u00e3o empresarial no Brasil.<\/p>\n\n\n\n<h3 class=\"wp-block-heading\">Moderniza\u00e7\u00e3o ao ambiente de neg\u00f3cios<\/h3>\n\n\n\n<p class=\"wp-block-paragraph\">Segundo a Receita Federal, o novo CNPJ alfanum\u00e9rico tamb\u00e9m faz parte de um processo de moderniza\u00e7\u00e3o cadastral. A medida busca facilitar a identifica\u00e7\u00e3o das empresas, tornar os registros mais eficientes e contribuir para o aprimoramento do ambiente de neg\u00f3cios no pa\u00eds.<\/p>\n\n\n\n<p class=\"wp-block-paragraph\">Apesar da mudan\u00e7a estrutural no documento, a Receita esclarece que os procedimentos para abertura de empresas n\u00e3o sofrer\u00e3o impacto significativo para o empreendedor, j\u00e1 que a adapta\u00e7\u00e3o ocorrer\u00e1 de forma autom\u00e1tica nos sistemas oficiais.<\/p>\n\n\n\n<p class=\"wp-block-paragraph\">A expectativa \u00e9 que o novo formato esteja plenamente integrado \u00e0s bases de dados governamentais e aos sistemas utilizados por bancos, \u00f3rg\u00e3os p\u00fablicos e entidades privadas ao longo do segundo semestre.<\/p>\n","protected":false},"excerpt":{"rendered":"<p>Receita Federal adotar\u00e1 letras no Cadastro Nacional da Pessoa Jur\u00eddica para evitar esgotamento da numera\u00e7\u00e3o e modernizar o sistema A Receita Federal vai implementar, a partir de julho deste ano, um novo modelo para o Cadastro Nacional da Pessoa Jur\u00eddica (CNPJ). A principal mudan\u00e7a \u00e9 a ado\u00e7\u00e3o de um formato alfanum\u00e9rico, que passar\u00e1 a combinar [&hellip;]<\/p>\n","protected":false},"author":260896546,"featured_media":9963,"comment_status":"open","ping_status":"open","sticky":false,"template":"","format":"standard","meta":{"_crdt_document":"","_monsterinsights_skip_tracking":false,"_monsterinsights_sitenote_active":false,"_monsterinsights_sitenote_note":"","_monsterinsights_sitenote_category":0,"advanced_seo_description":"A Receita Federal implementar\u00e1 um novo CNPJ alfanum\u00e9rico em julho, modernizando a identifica\u00e7\u00e3o das empresas no Brasil sem impactar os j\u00e1 existentes.","jetpack_seo_html_title":"Mudan\u00e7as no CNPJ: Novo formato alfanum\u00e9rico a partir de julho","jetpack_seo_noindex":false,"_jetpack_newsletter_access":"","_jetpack_dont_email_post_to_subs":false,"_jetpack_newsletter_tier_id":0,"_jetpack_memberships_contains_paywalled_content":false,"_jetpack_memberships_contains_paid_content":false,"footnotes":"","jetpack_publicize_message":"\ud83d\udcc4 A Receita Federal vai mudar o formato do CNPJ a partir de julho \n\nO documento passar\u00e1 a ser alfanum\u00e9rico, com letras e n\u00fameros, mas somente para novas empresas.\n\n\ud83d\udc49 Leia a mat\u00e9ria completa em diariodegarca.com\n\n#CNPJ #ReceitaFederal #Empresas #Di\u00e1rioDeGar\u00e7a #Empreendedorismo #Neg\u00f3cios #Brasil #AberturaDeEmpresas #Economia ","jetpack_publicize_feature_enabled":true,"jetpack_social_post_already_shared":true,"jetpack_social_options":{"image_generator_settings":{"template":"fullscreen","default_image_id":0,"font":"","enabled":false},"version":2},"_wpas_customize_per_network":false,"jetpack_post_was_ever_published":false},"categories":[38185,185853,758],"tags":[],"class_list":["post-9961","post","type-post","status-publish","format-standard","has-post-thumbnail","hentry","category-brasil","category-financas","category-tecnologia"],"jetpack_publicize_connections":[],"jetpack_featured_media_url":"https:\/\/i0.wp.com\/diariodegarca.com\/wp-content\/uploads\/2026\/01\/maos-femininas-digitando-no-teclado-computador.jpg?fit=3200%2C2133&ssl=1","jetpack_likes_enabled":true,"jetpack_sharing_enabled":true,"jetpack_shortlink":"https:\/\/wp.me\/pgitne-2AF","jetpack-related-posts":[{"id":8303,"url":"https:\/\/diariodegarca.com\/?p=8303","url_meta":{"origin":9961,"position":0},"title":"Emendas Impositivas","author":"Maria Thereza S. Pereira","date":"1 de novembro de 2025","format":false,"excerpt":"Portanto, no momento, \u00e9 imprescind\u00edvel aos gestores municipais e vereadores tenham cautela para altera\u00e7\u00e3o de estrutura cont\u00e1bil, posto que a forma de garantir o acompanhamento individual de cada emenda por meio de sistema eletr\u00f4nico, de acesso p\u00fablico \u00e0s informa\u00e7\u00f5es e controles que permitam auditoria, ainda est\u00e1 pendente de regulamenta\u00e7\u00e3o e\u2026","rel":"","context":"Em &quot;Brasil&quot;","block_context":{"text":"Brasil","link":"https:\/\/diariodegarca.com\/?cat=38185"},"img":{"alt_text":"","src":"https:\/\/i0.wp.com\/diariodegarca.com\/wp-content\/uploads\/2025\/11\/participacao-no-mercado-e-desafio-da-concorrencia-para-excelente-crescimento.jpg?fit=1200%2C800&ssl=1&resize=350%2C200","width":350,"height":200,"srcset":"https:\/\/i0.wp.com\/diariodegarca.com\/wp-content\/uploads\/2025\/11\/participacao-no-mercado-e-desafio-da-concorrencia-para-excelente-crescimento.jpg?fit=1200%2C800&ssl=1&resize=350%2C200 1x, https:\/\/i0.wp.com\/diariodegarca.com\/wp-content\/uploads\/2025\/11\/participacao-no-mercado-e-desafio-da-concorrencia-para-excelente-crescimento.jpg?fit=1200%2C800&ssl=1&resize=525%2C300 1.5x, https:\/\/i0.wp.com\/diariodegarca.com\/wp-content\/uploads\/2025\/11\/participacao-no-mercado-e-desafio-da-concorrencia-para-excelente-crescimento.jpg?fit=1200%2C800&ssl=1&resize=700%2C400 2x, https:\/\/i0.wp.com\/diariodegarca.com\/wp-content\/uploads\/2025\/11\/participacao-no-mercado-e-desafio-da-concorrencia-para-excelente-crescimento.jpg?fit=1200%2C800&ssl=1&resize=1050%2C600 3x"},"classes":[]},{"id":3762,"url":"https:\/\/diariodegarca.com\/?p=3762","url_meta":{"origin":9961,"position":1},"title":"Anvisa pro\u00edbe mais tr\u00eas marcas de azeites clandestinos por irregularidades","author":"Di\u00e1rio de Gar\u00e7a","date":"6 de junho de 2025","format":false,"excerpt":"Produtos t\u00eam origem desconhecida e falhas em an\u00e1lises laboratoriais; consumidores devem evitar o consumo A Ag\u00eancia Nacional de Vigil\u00e2ncia Sanit\u00e1ria (Anvisa) determinou, nesta sexta-feira, dia 6 de junho, a proibi\u00e7\u00e3o de mais tr\u00eas marcas de azeites de oliva devido a irregularidades graves. Os produtos, de origem desconhecida, apresentaram falhas em\u2026","rel":"","context":"Em &quot;Fiscaliza\u00e7\u00e3o&quot;","block_context":{"text":"Fiscaliza\u00e7\u00e3o","link":"https:\/\/diariodegarca.com\/?cat=1192752"},"img":{"alt_text":"","src":"","width":0,"height":0},"classes":[]},{"id":2783,"url":"https:\/\/diariodegarca.com\/?p=2783","url_meta":{"origin":9961,"position":2},"title":"Ambev abre edital Brasilidades 2025 para projetos culturais e esportivos","author":"Di\u00e1rio de Gar\u00e7a","date":"20 de fevereiro de 2025","format":false,"excerpt":"A Ambev lan\u00e7ou o Edital Brasilidades 2025, iniciativa que destinar\u00e1 at\u00e9 R$40 milh\u00f5es para projetos culturais e esportivos em todo o pa\u00eds. Com foco em valorizar a diversidade brasileira, o programa busca apoiar iniciativas que celebrem a identidade nacional, as paix\u00f5es regionais e a originalidade do povo brasileiro. As inscri\u00e7\u00f5es\u2026","rel":"","context":"Em &quot;Brasil&quot;","block_context":{"text":"Brasil","link":"https:\/\/diariodegarca.com\/?cat=38185"},"img":{"alt_text":"","src":"","width":0,"height":0},"classes":[]},{"id":3376,"url":"https:\/\/diariodegarca.com\/?p=3376","url_meta":{"origin":9961,"position":3},"title":"Anvisa pro\u00edbe a comercializa\u00e7\u00e3o de quatro marcas de azeite","author":"Di\u00e1rio de Gar\u00e7a","date":"24 de maio de 2025","format":false,"excerpt":"Medida visa proteger consumidores de produtos sem proced\u00eancia regulamentada A\u00a0Ag\u00eancia Nacional de Vigil\u00e2ncia Sanit\u00e1ria (Anvisa)\u00a0publicou, na quinta-feira, dia 22 de maio, uma resolu\u00e7\u00e3o proibindo a comercializa\u00e7\u00e3o de mais duas marcas de azeite de oliva:\u00a0Escarpas das Oliveiras\u00a0e\u00a0Almazara. A decis\u00e3o segue a mesma medida aplicada na ter\u00e7a-feira, dia 20 de maio, contra\u2026","rel":"","context":"Em &quot;Sa\u00fade&quot;","block_context":{"text":"Sa\u00fade","link":"https:\/\/diariodegarca.com\/?cat=72064"},"img":{"alt_text":"","src":"","width":0,"height":0},"classes":[]},{"id":4608,"url":"https:\/\/diariodegarca.com\/?p=4608","url_meta":{"origin":9961,"position":4},"title":"Produtores rurais devem emitir CCIR 2025 at\u00e9 17 de julho; veja como regularizar","author":"Di\u00e1rio de Gar\u00e7a","date":"10 de julho de 2025","format":false,"excerpt":"Documento \u00e9 obrigat\u00f3rio para propriedades rurais, e pagamento da taxa deve ser feito dentro do prazo para evitar impedimentos. O que \u00e9 o CCIR e por que \u00e9 importante? O\u00a0Certificado de Cadastro de Im\u00f3vel Rural (CCIR)\u00a0\u00e9 um documento obrigat\u00f3rio para todos os propriet\u00e1rios de terras rurais no Brasil. Ele comprova\u2026","rel":"","context":"Em &quot;Agricultura&quot;","block_context":{"text":"Agricultura","link":"https:\/\/diariodegarca.com\/?cat=34615"},"img":{"alt_text":"","src":"","width":0,"height":0},"classes":[]},{"id":7886,"url":"https:\/\/diariodegarca.com\/?p=7886","url_meta":{"origin":9961,"position":5},"title":"Anvisa apreende medicamentos falsificados e suspende venda de sal, ch\u00e1 e azeite impr\u00f3prios","author":"Andreza Sega","date":"21 de outubro de 2025","format":false,"excerpt":"Ag\u00eancia retira do mercado lote de Keytruda e Avastin falsos, 'Ch\u00e1 do Milagre' com alega\u00e7\u00f5es proibidas, azeite de origem ignorada e sal com teor de iodo insuficiente. A Ag\u00eancia Nacional de Vigil\u00e2ncia Sanit\u00e1ria (Anvisa) determinou a apreens\u00e3o de lotes falsificados de medicamentos essenciais para o tratamento do c\u00e2ncer, em uma\u2026","rel":"","context":"Em &quot;Fiscaliza\u00e7\u00e3o&quot;","block_context":{"text":"Fiscaliza\u00e7\u00e3o","link":"https:\/\/diariodegarca.com\/?cat=1192752"},"img":{"alt_text":"","src":"https:\/\/i0.wp.com\/diariodegarca.com\/wp-content\/uploads\/2025\/10\/ChatGPT-Image-21-de-out.-de-2025-09_21_52-1024x683-1.webp?fit=1024%2C683&ssl=1&resize=350%2C200","width":350,"height":200,"srcset":"https:\/\/i0.wp.com\/diariodegarca.com\/wp-content\/uploads\/2025\/10\/ChatGPT-Image-21-de-out.-de-2025-09_21_52-1024x683-1.webp?fit=1024%2C683&ssl=1&resize=350%2C200 1x, https:\/\/i0.wp.com\/diariodegarca.com\/wp-content\/uploads\/2025\/10\/ChatGPT-Image-21-de-out.-de-2025-09_21_52-1024x683-1.webp?fit=1024%2C683&ssl=1&resize=525%2C300 1.5x, https:\/\/i0.wp.com\/diariodegarca.com\/wp-content\/uploads\/2025\/10\/ChatGPT-Image-21-de-out.-de-2025-09_21_52-1024x683-1.webp?fit=1024%2C683&ssl=1&resize=700%2C400 2x"},"classes":[]}],"_links":{"self":[{"href":"https:\/\/diariodegarca.com\/index.php?rest_route=\/wp\/v2\/posts\/9961","targetHints":{"allow":["GET"]}}],"collection":[{"href":"https:\/\/diariodegarca.com\/index.php?rest_route=\/wp\/v2\/posts"}],"about":[{"href":"https:\/\/diariodegarca.com\/index.php?rest_route=\/wp\/v2\/types\/post"}],"author":[{"embeddable":true,"href":"https:\/\/diariodegarca.com\/index.php?rest_route=\/wp\/v2\/users\/260896546"}],"replies":[{"embeddable":true,"href":"https:\/\/diariodegarca.com\/index.php?rest_route=%2Fwp%2Fv2%2Fcomments&post=9961"}],"version-history":[{"count":2,"href":"https:\/\/diariodegarca.com\/index.php?rest_route=\/wp\/v2\/posts\/9961\/revisions"}],"predecessor-version":[{"id":9964,"href":"https:\/\/diariodegarca.com\/index.php?rest_route=\/wp\/v2\/posts\/9961\/revisions\/9964"}],"wp:featuredmedia":[{"embeddable":true,"href":"https:\/\/diariodegarca.com\/index.php?rest_route=\/wp\/v2\/media\/9963"}],"wp:attachment":[{"href":"https:\/\/diariodegarca.com\/index.php?rest_route=%2Fwp%2Fv2%2Fmedia&parent=9961"}],"wp:term":[{"taxonomy":"category","embeddable":true,"href":"https:\/\/diariodegarca.com\/index.php?rest_route=%2Fwp%2Fv2%2Fcategories&post=9961"},{"taxonomy":"post_tag","embeddable":true,"href":"https:\/\/diariodegarca.com\/index.php?rest_route=%2Fwp%2Fv2%2Ftags&post=9961"}],"curies":[{"name":"wp","href":"https:\/\/api.w.org\/{rel}","templated":true}]}}