{"id":260896546,"name":"Di\u00e1rio de Gar\u00e7a","url":"http:\/\/diariodegarca.com","description":"\ud83d\uddde\ufe0fNot\u00edcias de Gar\u00e7a e regi\u00e3o, contadas de forma clara e objetiva.\n\ud83c\udfadNovidades culturais e como participar.\n\ud83e\udd73Eventos que voc\u00ea n\u00e3o pode perder","link":"https:\/\/diariodegarca.com\/?author=260896546","slug":"diariodegarca","meta":{"jetpack_donation_warning_dismissed":false},"_links":{"self":[{"href":"https:\/\/diariodegarca.com\/index.php?rest_route=\/wp\/v2\/users\/260896546","targetHints":{"allow":["GET"]}}],"collection":[{"href":"https:\/\/diariodegarca.com\/index.php?rest_route=\/wp\/v2\/users"}]}}