{"id":260896547,"name":"Fabiano Oliveira","url":"https:\/\/www.instagram.com\/fabianooliveirafotografia\/","description":"Fabiano Oliveira \u00e9 jornalista com mais de 15 anos de experi\u00eancia na \u00e1rea da comunica\u00e7\u00e3o. Atuou por 25 anos como radialista, comandando programas jornal\u00edsticos, de entretenimento e esportivos, sempre com dinamismo e compromisso com a informa\u00e7\u00e3o. Durante 8 anos, esteve \u00e0 frente da Diretoria de Comunica\u00e7\u00e3o da Prefeitura Municipal de Gar\u00e7a, onde liderou projetos estrat\u00e9gicos de m\u00eddia institucional.\nAl\u00e9m do jornalismo, Fabiano \u00e9 fot\u00f3grafo profissional, com ampla viv\u00eancia em fotojornalismo, registrando momentos marcantes com sensibilidade e precis\u00e3o. Sua trajet\u00f3ria \u00e9 marcada pela paix\u00e3o pela not\u00edcia, pelo olhar apurado e pela dedica\u00e7\u00e3o \u00e0 comunica\u00e7\u00e3o p\u00fablica e comunit\u00e1ria.","link":"https:\/\/diariodegarca.com\/?author=260896547","slug":"fabianooliveirafotografia07b86be8ef","meta":{"jetpack_donation_warning_dismissed":false},"_links":{"self":[{"href":"https:\/\/diariodegarca.com\/index.php?rest_route=\/wp\/v2\/users\/260896547","targetHints":{"allow":["GET"]}}],"collection":[{"href":"https:\/\/diariodegarca.com\/index.php?rest_route=\/wp\/v2\/users"}]}}